{"id":23105,"date":"2024-02-06T10:03:43","date_gmt":"2024-02-06T09:03:43","guid":{"rendered":"https:\/\/www.ummto.dz\/fs\/?p=23105"},"modified":"2024-02-06T10:04:18","modified_gmt":"2024-02-06T09:04:18","slug":"journees-portes-ouvertes-sur-les-telecommunications","status":"publish","type":"post","link":"https:\/\/www.ummto.dz\/fs\/journees-portes-ouvertes-sur-les-telecommunications\/","title":{"rendered":"JOURNEES PORTES OUVERTES SUR LES TELECOMMUNICATIONS"},"content":{"rendered":"<p>[et_pb_section fb_built=\u00a0\u00bb1&Prime; theme_builder_area=\u00a0\u00bbpost_content\u00a0\u00bb _builder_version=\u00a0\u00bb4.24.0&Prime; _module_preset=\u00a0\u00bbdefault\u00a0\u00bb][et_pb_row _builder_version=\u00a0\u00bb4.24.0&Prime; _module_preset=\u00a0\u00bbdefault\u00a0\u00bb theme_builder_area=\u00a0\u00bbpost_content\u00a0\u00bb][et_pb_column _builder_version=\u00a0\u00bb4.24.0&Prime; _module_preset=\u00a0\u00bbdefault\u00a0\u00bb type=\u00a0\u00bb4_4&Prime; theme_builder_area=\u00a0\u00bbpost_content\u00a0\u00bb][et_pb_text _builder_version=\u00a0\u00bb4.24.0&Prime; _module_preset=\u00a0\u00bbdefault\u00a0\u00bb theme_builder_area=\u00a0\u00bbpost_content\u00a0\u00bb hover_enabled=\u00a0\u00bb0&Prime; sticky_enabled=\u00a0\u00bb0&Prime;]<\/p>\n<p style=\"text-align: justify\">\u00a0 \u00a0Nous informons l&rsquo;ensembles des \u00e9tudiants de premi\u00e8re ann\u00e9e Sciences et Technologie que le <strong>club scientifique de t\u00e9l\u00e9communications<\/strong> <em><strong>CST<\/strong><\/em> de l&rsquo;UMMTO organise une journ\u00e9e porte ouverte sur la fili\u00e8re t\u00e9l\u00e9communications le <span style=\"text-decoration: underline;color: #ff0000\"><strong>Jeudi 08\/02\/2024 \u00e0 partir de 09h00<\/strong><\/span> au niveau du d\u00e9partement Tronc commun Sciences et Technologie (campus tamda). Cette journ\u00e9e est destin\u00e9 aux \u00e9tudiants de premi\u00e8re ann\u00e9e afin de promouvoir la sp\u00e9cialit\u00e9 \u00ab\u00a0T\u00e9l\u00e9communications\u00a0\u00bb. Votre pr\u00e9sence \u00e0 cette manifestation est fortement conseill\u00e9.<\/p>\n<p>\u00a0<img decoding=\"async\" src=\"https:\/\/www.ummto.dz\/fs\/wp-content\/uploads\/2024\/02\/20240205_191143_0000-300x300.jpg\" width=\"375\" height=\"375\" alt=\"\" class=\"wp-image-23116 alignnone size-medium\" style=\"margin-left: auto;margin-right: auto\" \/><\/p>\n<p>[\/et_pb_text][\/et_pb_column][\/et_pb_row][\/et_pb_section]<\/p>\n","protected":false},"excerpt":{"rendered":"<p>\u00a0 \u00a0Nous informons l&rsquo;ensembles des \u00e9tudiants de premi\u00e8re ann\u00e9e Sciences et Technologie que le club scientifique de t\u00e9l\u00e9communications CST de l&rsquo;UMMTO organise une journ\u00e9e porte ouverte sur la fili\u00e8re t\u00e9l\u00e9communications le Jeudi 08\/02\/2024 \u00e0 partir de 09h00 au niveau du d\u00e9partement Tronc commun Sciences et Technologie (campus tamda). Cette journ\u00e9e est destin\u00e9 aux \u00e9tudiants de [&hellip;]<\/p>\n","protected":false},"author":15,"featured_media":23116,"comment_status":"closed","ping_status":"closed","sticky":false,"template":"","format":"standard","meta":{"_et_pb_use_builder":"on","_et_pb_old_content":"","_et_gb_content_width":"","footnotes":""},"categories":[18],"tags":[],"class_list":["post-23105","post","type-post","status-publish","format-standard","has-post-thumbnail","hentry","category-new-dep-st"],"yoast_head":"<!-- This site is optimized with the Yoast SEO plugin v27.3 - https:\/\/yoast.com\/product\/yoast-seo-wordpress\/ -->\n<title>JOURNEES PORTES OUVERTES SUR LES TELECOMMUNICATIONS - Facult\u00e9 des Sciences<\/title>\n<meta name=\"robots\" content=\"index, follow, max-snippet:-1, max-image-preview:large, max-video-preview:-1\" \/>\n<link rel=\"canonical\" href=\"https:\/\/www.ummto.dz\/fs\/journees-portes-ouvertes-sur-les-telecommunications\/\" \/>\n<meta property=\"og:locale\" content=\"fr_FR\" \/>\n<meta property=\"og:type\" content=\"article\" \/>\n<meta property=\"og:title\" content=\"JOURNEES PORTES OUVERTES SUR LES TELECOMMUNICATIONS - Facult\u00e9 des Sciences\" \/>\n<meta property=\"og:description\" content=\"\u00a0 \u00a0Nous informons l&#039;ensembles des \u00e9tudiants de premi\u00e8re ann\u00e9e Sciences et Technologie que le club scientifique de t\u00e9l\u00e9communications CST de l&#039;UMMTO organise une journ\u00e9e porte ouverte sur la fili\u00e8re t\u00e9l\u00e9communications le Jeudi 08\/02\/2024 \u00e0 partir de 09h00 au niveau du d\u00e9partement Tronc commun Sciences et Technologie (campus tamda). Cette journ\u00e9e est destin\u00e9 aux \u00e9tudiants de [&hellip;]\" \/>\n<meta property=\"og:url\" content=\"https:\/\/www.ummto.dz\/fs\/journees-portes-ouvertes-sur-les-telecommunications\/\" \/>\n<meta property=\"og:site_name\" content=\"Facult\u00e9 des Sciences\" \/>\n<meta property=\"article:published_time\" content=\"2024-02-06T09:03:43+00:00\" \/>\n<meta property=\"article:modified_time\" content=\"2024-02-06T09:04:18+00:00\" \/>\n<meta property=\"og:image\" content=\"https:\/\/www.ummto.dz\/fs\/wp-content\/uploads\/2024\/02\/20240205_191143_0000.jpg\" \/>\n\t<meta property=\"og:image:width\" content=\"1654\" \/>\n\t<meta property=\"og:image:height\" content=\"1654\" \/>\n\t<meta property=\"og:image:type\" content=\"image\/jpeg\" \/>\n<meta name=\"author\" content=\"Soraya ZAIBA\" \/>\n<meta name=\"twitter:card\" content=\"summary_large_image\" \/>\n<meta name=\"twitter:label1\" content=\"\u00c9crit par\" \/>\n\t<meta name=\"twitter:data1\" content=\"Soraya ZAIBA\" \/>\n<script type=\"application\/ld+json\" class=\"yoast-schema-graph\">{\"@context\":\"https:\\\/\\\/schema.org\",\"@graph\":[{\"@type\":\"Article\",\"@id\":\"https:\\\/\\\/www.ummto.dz\\\/fs\\\/journees-portes-ouvertes-sur-les-telecommunications\\\/#article\",\"isPartOf\":{\"@id\":\"https:\\\/\\\/www.ummto.dz\\\/fs\\\/journees-portes-ouvertes-sur-les-telecommunications\\\/\"},\"author\":{\"name\":\"Soraya ZAIBA\",\"@id\":\"https:\\\/\\\/www.ummto.dz\\\/fs\\\/#\\\/schema\\\/person\\\/b8cb079201d747eefa7fabe538d430dc\"},\"headline\":\"JOURNEES PORTES OUVERTES SUR LES TELECOMMUNICATIONS\",\"datePublished\":\"2024-02-06T09:03:43+00:00\",\"dateModified\":\"2024-02-06T09:04:18+00:00\",\"mainEntityOfPage\":{\"@id\":\"https:\\\/\\\/www.ummto.dz\\\/fs\\\/journees-portes-ouvertes-sur-les-telecommunications\\\/\"},\"wordCount\":162,\"image\":{\"@id\":\"https:\\\/\\\/www.ummto.dz\\\/fs\\\/journees-portes-ouvertes-sur-les-telecommunications\\\/#primaryimage\"},\"thumbnailUrl\":\"https:\\\/\\\/www.ummto.dz\\\/fs\\\/wp-content\\\/uploads\\\/2024\\\/02\\\/20240205_191143_0000.jpg\",\"articleSection\":[\"dep-ST\"],\"inLanguage\":\"fr-FR\"},{\"@type\":\"WebPage\",\"@id\":\"https:\\\/\\\/www.ummto.dz\\\/fs\\\/journees-portes-ouvertes-sur-les-telecommunications\\\/\",\"url\":\"https:\\\/\\\/www.ummto.dz\\\/fs\\\/journees-portes-ouvertes-sur-les-telecommunications\\\/\",\"name\":\"JOURNEES PORTES OUVERTES SUR LES TELECOMMUNICATIONS - Facult\u00e9 des Sciences\",\"isPartOf\":{\"@id\":\"https:\\\/\\\/www.ummto.dz\\\/fs\\\/#website\"},\"primaryImageOfPage\":{\"@id\":\"https:\\\/\\\/www.ummto.dz\\\/fs\\\/journees-portes-ouvertes-sur-les-telecommunications\\\/#primaryimage\"},\"image\":{\"@id\":\"https:\\\/\\\/www.ummto.dz\\\/fs\\\/journees-portes-ouvertes-sur-les-telecommunications\\\/#primaryimage\"},\"thumbnailUrl\":\"https:\\\/\\\/www.ummto.dz\\\/fs\\\/wp-content\\\/uploads\\\/2024\\\/02\\\/20240205_191143_0000.jpg\",\"datePublished\":\"2024-02-06T09:03:43+00:00\",\"dateModified\":\"2024-02-06T09:04:18+00:00\",\"author\":{\"@id\":\"https:\\\/\\\/www.ummto.dz\\\/fs\\\/#\\\/schema\\\/person\\\/b8cb079201d747eefa7fabe538d430dc\"},\"breadcrumb\":{\"@id\":\"https:\\\/\\\/www.ummto.dz\\\/fs\\\/journees-portes-ouvertes-sur-les-telecommunications\\\/#breadcrumb\"},\"inLanguage\":\"fr-FR\",\"potentialAction\":[{\"@type\":\"ReadAction\",\"target\":[\"https:\\\/\\\/www.ummto.dz\\\/fs\\\/journees-portes-ouvertes-sur-les-telecommunications\\\/\"]}]},{\"@type\":\"ImageObject\",\"inLanguage\":\"fr-FR\",\"@id\":\"https:\\\/\\\/www.ummto.dz\\\/fs\\\/journees-portes-ouvertes-sur-les-telecommunications\\\/#primaryimage\",\"url\":\"https:\\\/\\\/www.ummto.dz\\\/fs\\\/wp-content\\\/uploads\\\/2024\\\/02\\\/20240205_191143_0000.jpg\",\"contentUrl\":\"https:\\\/\\\/www.ummto.dz\\\/fs\\\/wp-content\\\/uploads\\\/2024\\\/02\\\/20240205_191143_0000.jpg\",\"width\":1654,\"height\":1654},{\"@type\":\"BreadcrumbList\",\"@id\":\"https:\\\/\\\/www.ummto.dz\\\/fs\\\/journees-portes-ouvertes-sur-les-telecommunications\\\/#breadcrumb\",\"itemListElement\":[{\"@type\":\"ListItem\",\"position\":1,\"name\":\"Accueil\",\"item\":\"https:\\\/\\\/www.ummto.dz\\\/fs\\\/\"},{\"@type\":\"ListItem\",\"position\":2,\"name\":\"JOURNEES PORTES OUVERTES SUR LES TELECOMMUNICATIONS\"}]},{\"@type\":\"WebSite\",\"@id\":\"https:\\\/\\\/www.ummto.dz\\\/fs\\\/#website\",\"url\":\"https:\\\/\\\/www.ummto.dz\\\/fs\\\/\",\"name\":\"Facult\u00e9 des Sciences\",\"description\":\"universit\u00e9 Moulous Mammeri de Tizi-Ouzou\",\"potentialAction\":[{\"@type\":\"SearchAction\",\"target\":{\"@type\":\"EntryPoint\",\"urlTemplate\":\"https:\\\/\\\/www.ummto.dz\\\/fs\\\/?s={search_term_string}\"},\"query-input\":{\"@type\":\"PropertyValueSpecification\",\"valueRequired\":true,\"valueName\":\"search_term_string\"}}],\"inLanguage\":\"fr-FR\"},{\"@type\":\"Person\",\"@id\":\"https:\\\/\\\/www.ummto.dz\\\/fs\\\/#\\\/schema\\\/person\\\/b8cb079201d747eefa7fabe538d430dc\",\"name\":\"Soraya ZAIBA\",\"url\":\"https:\\\/\\\/www.ummto.dz\\\/fs\\\/author\\\/fs2\\\/\"}]}<\/script>\n<!-- \/ Yoast SEO plugin. -->","yoast_head_json":{"title":"JOURNEES PORTES OUVERTES SUR LES TELECOMMUNICATIONS - Facult\u00e9 des Sciences","robots":{"index":"index","follow":"follow","max-snippet":"max-snippet:-1","max-image-preview":"max-image-preview:large","max-video-preview":"max-video-preview:-1"},"canonical":"https:\/\/www.ummto.dz\/fs\/journees-portes-ouvertes-sur-les-telecommunications\/","og_locale":"fr_FR","og_type":"article","og_title":"JOURNEES PORTES OUVERTES SUR LES TELECOMMUNICATIONS - Facult\u00e9 des Sciences","og_description":"\u00a0 \u00a0Nous informons l'ensembles des \u00e9tudiants de premi\u00e8re ann\u00e9e Sciences et Technologie que le club scientifique de t\u00e9l\u00e9communications CST de l'UMMTO organise une journ\u00e9e porte ouverte sur la fili\u00e8re t\u00e9l\u00e9communications le Jeudi 08\/02\/2024 \u00e0 partir de 09h00 au niveau du d\u00e9partement Tronc commun Sciences et Technologie (campus tamda). Cette journ\u00e9e est destin\u00e9 aux \u00e9tudiants de [&hellip;]","og_url":"https:\/\/www.ummto.dz\/fs\/journees-portes-ouvertes-sur-les-telecommunications\/","og_site_name":"Facult\u00e9 des Sciences","article_published_time":"2024-02-06T09:03:43+00:00","article_modified_time":"2024-02-06T09:04:18+00:00","og_image":[{"width":1654,"height":1654,"url":"https:\/\/www.ummto.dz\/fs\/wp-content\/uploads\/2024\/02\/20240205_191143_0000.jpg","type":"image\/jpeg"}],"author":"Soraya ZAIBA","twitter_card":"summary_large_image","twitter_misc":{"\u00c9crit par":"Soraya ZAIBA"},"schema":{"@context":"https:\/\/schema.org","@graph":[{"@type":"Article","@id":"https:\/\/www.ummto.dz\/fs\/journees-portes-ouvertes-sur-les-telecommunications\/#article","isPartOf":{"@id":"https:\/\/www.ummto.dz\/fs\/journees-portes-ouvertes-sur-les-telecommunications\/"},"author":{"name":"Soraya ZAIBA","@id":"https:\/\/www.ummto.dz\/fs\/#\/schema\/person\/b8cb079201d747eefa7fabe538d430dc"},"headline":"JOURNEES PORTES OUVERTES SUR LES TELECOMMUNICATIONS","datePublished":"2024-02-06T09:03:43+00:00","dateModified":"2024-02-06T09:04:18+00:00","mainEntityOfPage":{"@id":"https:\/\/www.ummto.dz\/fs\/journees-portes-ouvertes-sur-les-telecommunications\/"},"wordCount":162,"image":{"@id":"https:\/\/www.ummto.dz\/fs\/journees-portes-ouvertes-sur-les-telecommunications\/#primaryimage"},"thumbnailUrl":"https:\/\/www.ummto.dz\/fs\/wp-content\/uploads\/2024\/02\/20240205_191143_0000.jpg","articleSection":["dep-ST"],"inLanguage":"fr-FR"},{"@type":"WebPage","@id":"https:\/\/www.ummto.dz\/fs\/journees-portes-ouvertes-sur-les-telecommunications\/","url":"https:\/\/www.ummto.dz\/fs\/journees-portes-ouvertes-sur-les-telecommunications\/","name":"JOURNEES PORTES OUVERTES SUR LES TELECOMMUNICATIONS - Facult\u00e9 des Sciences","isPartOf":{"@id":"https:\/\/www.ummto.dz\/fs\/#website"},"primaryImageOfPage":{"@id":"https:\/\/www.ummto.dz\/fs\/journees-portes-ouvertes-sur-les-telecommunications\/#primaryimage"},"image":{"@id":"https:\/\/www.ummto.dz\/fs\/journees-portes-ouvertes-sur-les-telecommunications\/#primaryimage"},"thumbnailUrl":"https:\/\/www.ummto.dz\/fs\/wp-content\/uploads\/2024\/02\/20240205_191143_0000.jpg","datePublished":"2024-02-06T09:03:43+00:00","dateModified":"2024-02-06T09:04:18+00:00","author":{"@id":"https:\/\/www.ummto.dz\/fs\/#\/schema\/person\/b8cb079201d747eefa7fabe538d430dc"},"breadcrumb":{"@id":"https:\/\/www.ummto.dz\/fs\/journees-portes-ouvertes-sur-les-telecommunications\/#breadcrumb"},"inLanguage":"fr-FR","potentialAction":[{"@type":"ReadAction","target":["https:\/\/www.ummto.dz\/fs\/journees-portes-ouvertes-sur-les-telecommunications\/"]}]},{"@type":"ImageObject","inLanguage":"fr-FR","@id":"https:\/\/www.ummto.dz\/fs\/journees-portes-ouvertes-sur-les-telecommunications\/#primaryimage","url":"https:\/\/www.ummto.dz\/fs\/wp-content\/uploads\/2024\/02\/20240205_191143_0000.jpg","contentUrl":"https:\/\/www.ummto.dz\/fs\/wp-content\/uploads\/2024\/02\/20240205_191143_0000.jpg","width":1654,"height":1654},{"@type":"BreadcrumbList","@id":"https:\/\/www.ummto.dz\/fs\/journees-portes-ouvertes-sur-les-telecommunications\/#breadcrumb","itemListElement":[{"@type":"ListItem","position":1,"name":"Accueil","item":"https:\/\/www.ummto.dz\/fs\/"},{"@type":"ListItem","position":2,"name":"JOURNEES PORTES OUVERTES SUR LES TELECOMMUNICATIONS"}]},{"@type":"WebSite","@id":"https:\/\/www.ummto.dz\/fs\/#website","url":"https:\/\/www.ummto.dz\/fs\/","name":"Facult\u00e9 des Sciences","description":"universit\u00e9 Moulous Mammeri de Tizi-Ouzou","potentialAction":[{"@type":"SearchAction","target":{"@type":"EntryPoint","urlTemplate":"https:\/\/www.ummto.dz\/fs\/?s={search_term_string}"},"query-input":{"@type":"PropertyValueSpecification","valueRequired":true,"valueName":"search_term_string"}}],"inLanguage":"fr-FR"},{"@type":"Person","@id":"https:\/\/www.ummto.dz\/fs\/#\/schema\/person\/b8cb079201d747eefa7fabe538d430dc","name":"Soraya ZAIBA","url":"https:\/\/www.ummto.dz\/fs\/author\/fs2\/"}]}},"_links":{"self":[{"href":"https:\/\/www.ummto.dz\/fs\/wp-json\/wp\/v2\/posts\/23105","targetHints":{"allow":["GET"]}}],"collection":[{"href":"https:\/\/www.ummto.dz\/fs\/wp-json\/wp\/v2\/posts"}],"about":[{"href":"https:\/\/www.ummto.dz\/fs\/wp-json\/wp\/v2\/types\/post"}],"author":[{"embeddable":true,"href":"https:\/\/www.ummto.dz\/fs\/wp-json\/wp\/v2\/users\/15"}],"replies":[{"embeddable":true,"href":"https:\/\/www.ummto.dz\/fs\/wp-json\/wp\/v2\/comments?post=23105"}],"version-history":[{"count":2,"href":"https:\/\/www.ummto.dz\/fs\/wp-json\/wp\/v2\/posts\/23105\/revisions"}],"predecessor-version":[{"id":23118,"href":"https:\/\/www.ummto.dz\/fs\/wp-json\/wp\/v2\/posts\/23105\/revisions\/23118"}],"wp:featuredmedia":[{"embeddable":true,"href":"https:\/\/www.ummto.dz\/fs\/wp-json\/wp\/v2\/media\/23116"}],"wp:attachment":[{"href":"https:\/\/www.ummto.dz\/fs\/wp-json\/wp\/v2\/media?parent=23105"}],"wp:term":[{"taxonomy":"category","embeddable":true,"href":"https:\/\/www.ummto.dz\/fs\/wp-json\/wp\/v2\/categories?post=23105"},{"taxonomy":"post_tag","embeddable":true,"href":"https:\/\/www.ummto.dz\/fs\/wp-json\/wp\/v2\/tags?post=23105"}],"curies":[{"name":"wp","href":"https:\/\/api.w.org\/{rel}","templated":true}]}}