{"id":2324,"date":"2020-10-18T15:41:16","date_gmt":"2020-10-18T13:41:16","guid":{"rendered":"http:\/\/fs.ummto.dz\/?p=2324"},"modified":"2021-11-15T11:09:47","modified_gmt":"2021-11-15T10:09:47","slug":"avis-aux-etudiants-l3-mathematiques","status":"publish","type":"post","link":"https:\/\/www.ummto.dz\/fs\/avis-aux-etudiants-l3-mathematiques\/","title":{"rendered":"Avis aux \u00e9tudiants L3 Math\u00e9matiques"},"content":{"rendered":"<div dir=\"ltr\"><\/div>\n<div dir=\"ltr\"><strong><span style=\"color: #333399\"><img decoding=\"async\" class=\"wp-image-1565 size-full alignright\" src=\"https:\/\/www.ummto.dz\/fs\/wp-content\/uploads\/2019\/09\/Avis.jpg\" alt=\"\" width=\"225\" height=\"225\" srcset=\"https:\/\/www.ummto.dz\/fs\/wp-content\/uploads\/2019\/09\/Avis.jpg 225w, https:\/\/www.ummto.dz\/fs\/wp-content\/uploads\/2019\/09\/Avis-150x150.jpg 150w, https:\/\/www.ummto.dz\/fs\/wp-content\/uploads\/2019\/09\/Avis-160x160.jpg 160w\" sizes=\"(max-width: 225px) 100vw, 225px\" \/><\/span><\/strong><\/div>\n<div dir=\"ltr\"><strong><span style=\"color: #333399\">Les \u00e9tudiants de <span style=\"color: #ff0000\">L3<\/span> seront accueillis \u00e0 partir du mercredi <span style=\"color: #ff0000\">21 Octobre<\/span> pour 03 semaines de cours (et TDs, TPs), ci-joints les emplois du temps (S5) et les listes.<\/span><\/strong><\/div>\n<div dir=\"ltr\"><strong><span style=\"color: #333399\">Comme pour les L2, une 4\u00e8me semaine sera consacr\u00e9e aux examens et une 5\u00e8me aux rattrapages.<\/span><\/strong><\/div>\n<div dir=\"ltr\"><\/div>\n<div dir=\"ltr\"><strong><span style=\"color: #333399\">Les notes des diff\u00e9rents examens (EMD, rattrapages) des \u00e9tudiants L3 doivent parvenir au d\u00e9partement au plus tard le <span style=\"color: #ff0000\">21 novembre 2020.<\/span><\/span><\/strong><\/div>\n<div dir=\"ltr\"><strong><span style=\"color: #333399\">La nouvelle rentr\u00e9e \u00e9tant fix\u00e9e au<span style=\"color: #ff0000\"> 22 novembre 2020.<\/span><\/span><\/strong><\/div>\n<div dir=\"ltr\"><\/div>\n<ul>\n<li><span style=\"color: #003366\"><a style=\"color: #003366\" href=\"http:\/\/www.ummto.dz\/fs\/wp-content\/uploads\/2020\/10\/Emploi-du-temps-L3-Section-A1-1.pdf\" target=\"_blank\" rel=\"noopener\">Emploi du temps L3 Section A1<\/a><\/span><\/li>\n<li><span style=\"color: #003366\"><a style=\"color: #003366\" href=\"http:\/\/www.ummto.dz\/fs\/wp-content\/uploads\/2020\/10\/Emplois-du-temps-L3-Section-A2-1.pdf\" target=\"_blank\" rel=\"noopener\">Emplois du temps L3 Section A2<\/a><\/span><\/li>\n<li><span style=\"color: #003366\"><a style=\"color: #003366\" href=\"http:\/\/www.ummto.dz\/fs\/wp-content\/uploads\/2020\/10\/Liste-etudiants-L3-Section-A1-1.pdf\" target=\"_blank\" rel=\"noopener\">Liste \u00e9tudiants L3 Section A1<\/a><\/span><\/li>\n<li><span style=\"color: #003366\"><a style=\"color: #003366\" href=\"http:\/\/www.ummto.dz\/fs\/wp-content\/uploads\/2020\/10\/Liste-etudiants-L3-Section-A2.pdf\" target=\"_blank\" rel=\"noopener\">Liste \u00e9tudiants L3 Section A2<\/a><\/span><\/li>\n<\/ul>\n","protected":false},"excerpt":{"rendered":"<p>Les \u00e9tudiants de L3 seront accueillis \u00e0 partir du mercredi 21 Octobre pour 03 semaines de cours (et TDs, TPs), ci-joints les emplois du temps (S5) et les listes. Comme pour les L2, une 4\u00e8me semaine sera consacr\u00e9e aux examens et une 5\u00e8me aux rattrapages. Les notes des diff\u00e9rents examens (EMD, rattrapages) des \u00e9tudiants L3 [&hellip;]<\/p>\n","protected":false},"author":1,"featured_media":1565,"comment_status":"open","ping_status":"open","sticky":false,"template":"","format":"standard","meta":{"_et_pb_use_builder":"","_et_pb_old_content":"","_et_gb_content_width":"","footnotes":""},"categories":[1],"tags":[],"class_list":["post-2324","post","type-post","status-publish","format-standard","has-post-thumbnail","hentry","category-non-classe"],"yoast_head":"<!-- This site is optimized with the Yoast SEO plugin v27.3 - https:\/\/yoast.com\/product\/yoast-seo-wordpress\/ -->\n<title>Avis aux \u00e9tudiants L3 Math\u00e9matiques - Facult\u00e9 des Sciences<\/title>\n<meta name=\"robots\" content=\"index, follow, max-snippet:-1, max-image-preview:large, max-video-preview:-1\" \/>\n<link rel=\"canonical\" href=\"https:\/\/www.ummto.dz\/fs\/avis-aux-etudiants-l3-mathematiques\/\" \/>\n<meta property=\"og:locale\" content=\"fr_FR\" \/>\n<meta property=\"og:type\" content=\"article\" \/>\n<meta property=\"og:title\" content=\"Avis aux \u00e9tudiants L3 Math\u00e9matiques - Facult\u00e9 des Sciences\" \/>\n<meta property=\"og:description\" content=\"Les \u00e9tudiants de L3 seront accueillis \u00e0 partir du mercredi 21 Octobre pour 03 semaines de cours (et TDs, TPs), ci-joints les emplois du temps (S5) et les listes. Comme pour les L2, une 4\u00e8me semaine sera consacr\u00e9e aux examens et une 5\u00e8me aux rattrapages. Les notes des diff\u00e9rents examens (EMD, rattrapages) des \u00e9tudiants L3 [&hellip;]\" \/>\n<meta property=\"og:url\" content=\"https:\/\/www.ummto.dz\/fs\/avis-aux-etudiants-l3-mathematiques\/\" \/>\n<meta property=\"og:site_name\" content=\"Facult\u00e9 des Sciences\" \/>\n<meta property=\"article:published_time\" content=\"2020-10-18T13:41:16+00:00\" \/>\n<meta property=\"article:modified_time\" content=\"2021-11-15T10:09:47+00:00\" \/>\n<meta property=\"og:image\" content=\"https:\/\/www.ummto.dz\/fs\/wp-content\/uploads\/2019\/09\/Avis.jpg\" \/>\n\t<meta property=\"og:image:width\" content=\"225\" \/>\n\t<meta property=\"og:image:height\" content=\"225\" \/>\n\t<meta property=\"og:image:type\" content=\"image\/jpeg\" \/>\n<meta name=\"author\" content=\"maidi nacima\" \/>\n<meta name=\"twitter:card\" content=\"summary_large_image\" \/>\n<meta name=\"twitter:label1\" content=\"\u00c9crit par\" \/>\n\t<meta name=\"twitter:data1\" content=\"maidi nacima\" \/>\n<script type=\"application\/ld+json\" class=\"yoast-schema-graph\">{\"@context\":\"https:\\\/\\\/schema.org\",\"@graph\":[{\"@type\":\"Article\",\"@id\":\"https:\\\/\\\/www.ummto.dz\\\/fs\\\/avis-aux-etudiants-l3-mathematiques\\\/#article\",\"isPartOf\":{\"@id\":\"https:\\\/\\\/www.ummto.dz\\\/fs\\\/avis-aux-etudiants-l3-mathematiques\\\/\"},\"author\":{\"name\":\"maidi nacima\",\"@id\":\"https:\\\/\\\/www.ummto.dz\\\/fs\\\/#\\\/schema\\\/person\\\/f0a19398acbf302f06e4a25788979a7c\"},\"headline\":\"Avis aux \u00e9tudiants L3 Math\u00e9matiques\",\"datePublished\":\"2020-10-18T13:41:16+00:00\",\"dateModified\":\"2021-11-15T10:09:47+00:00\",\"mainEntityOfPage\":{\"@id\":\"https:\\\/\\\/www.ummto.dz\\\/fs\\\/avis-aux-etudiants-l3-mathematiques\\\/\"},\"wordCount\":101,\"commentCount\":0,\"image\":{\"@id\":\"https:\\\/\\\/www.ummto.dz\\\/fs\\\/avis-aux-etudiants-l3-mathematiques\\\/#primaryimage\"},\"thumbnailUrl\":\"https:\\\/\\\/www.ummto.dz\\\/fs\\\/wp-content\\\/uploads\\\/2019\\\/09\\\/Avis.jpg\",\"articleSection\":[\"Actualit\u00e9\"],\"inLanguage\":\"fr-FR\",\"potentialAction\":[{\"@type\":\"CommentAction\",\"name\":\"Comment\",\"target\":[\"https:\\\/\\\/www.ummto.dz\\\/fs\\\/avis-aux-etudiants-l3-mathematiques\\\/#respond\"]}]},{\"@type\":\"WebPage\",\"@id\":\"https:\\\/\\\/www.ummto.dz\\\/fs\\\/avis-aux-etudiants-l3-mathematiques\\\/\",\"url\":\"https:\\\/\\\/www.ummto.dz\\\/fs\\\/avis-aux-etudiants-l3-mathematiques\\\/\",\"name\":\"Avis aux \u00e9tudiants L3 Math\u00e9matiques - Facult\u00e9 des Sciences\",\"isPartOf\":{\"@id\":\"https:\\\/\\\/www.ummto.dz\\\/fs\\\/#website\"},\"primaryImageOfPage\":{\"@id\":\"https:\\\/\\\/www.ummto.dz\\\/fs\\\/avis-aux-etudiants-l3-mathematiques\\\/#primaryimage\"},\"image\":{\"@id\":\"https:\\\/\\\/www.ummto.dz\\\/fs\\\/avis-aux-etudiants-l3-mathematiques\\\/#primaryimage\"},\"thumbnailUrl\":\"https:\\\/\\\/www.ummto.dz\\\/fs\\\/wp-content\\\/uploads\\\/2019\\\/09\\\/Avis.jpg\",\"datePublished\":\"2020-10-18T13:41:16+00:00\",\"dateModified\":\"2021-11-15T10:09:47+00:00\",\"author\":{\"@id\":\"https:\\\/\\\/www.ummto.dz\\\/fs\\\/#\\\/schema\\\/person\\\/f0a19398acbf302f06e4a25788979a7c\"},\"breadcrumb\":{\"@id\":\"https:\\\/\\\/www.ummto.dz\\\/fs\\\/avis-aux-etudiants-l3-mathematiques\\\/#breadcrumb\"},\"inLanguage\":\"fr-FR\",\"potentialAction\":[{\"@type\":\"ReadAction\",\"target\":[\"https:\\\/\\\/www.ummto.dz\\\/fs\\\/avis-aux-etudiants-l3-mathematiques\\\/\"]}]},{\"@type\":\"ImageObject\",\"inLanguage\":\"fr-FR\",\"@id\":\"https:\\\/\\\/www.ummto.dz\\\/fs\\\/avis-aux-etudiants-l3-mathematiques\\\/#primaryimage\",\"url\":\"https:\\\/\\\/www.ummto.dz\\\/fs\\\/wp-content\\\/uploads\\\/2019\\\/09\\\/Avis.jpg\",\"contentUrl\":\"https:\\\/\\\/www.ummto.dz\\\/fs\\\/wp-content\\\/uploads\\\/2019\\\/09\\\/Avis.jpg\",\"width\":225,\"height\":225},{\"@type\":\"BreadcrumbList\",\"@id\":\"https:\\\/\\\/www.ummto.dz\\\/fs\\\/avis-aux-etudiants-l3-mathematiques\\\/#breadcrumb\",\"itemListElement\":[{\"@type\":\"ListItem\",\"position\":1,\"name\":\"Accueil\",\"item\":\"https:\\\/\\\/www.ummto.dz\\\/fs\\\/\"},{\"@type\":\"ListItem\",\"position\":2,\"name\":\"Avis aux \u00e9tudiants L3 Math\u00e9matiques\"}]},{\"@type\":\"WebSite\",\"@id\":\"https:\\\/\\\/www.ummto.dz\\\/fs\\\/#website\",\"url\":\"https:\\\/\\\/www.ummto.dz\\\/fs\\\/\",\"name\":\"Facult\u00e9 des Sciences\",\"description\":\"universit\u00e9 Moulous Mammeri de Tizi-Ouzou\",\"potentialAction\":[{\"@type\":\"SearchAction\",\"target\":{\"@type\":\"EntryPoint\",\"urlTemplate\":\"https:\\\/\\\/www.ummto.dz\\\/fs\\\/?s={search_term_string}\"},\"query-input\":{\"@type\":\"PropertyValueSpecification\",\"valueRequired\":true,\"valueName\":\"search_term_string\"}}],\"inLanguage\":\"fr-FR\"},{\"@type\":\"Person\",\"@id\":\"https:\\\/\\\/www.ummto.dz\\\/fs\\\/#\\\/schema\\\/person\\\/f0a19398acbf302f06e4a25788979a7c\",\"name\":\"maidi nacima\",\"url\":\"https:\\\/\\\/www.ummto.dz\\\/fs\\\/author\\\/maidi-nacima\\\/\"}]}<\/script>\n<!-- \/ Yoast SEO plugin. -->","yoast_head_json":{"title":"Avis aux \u00e9tudiants L3 Math\u00e9matiques - Facult\u00e9 des Sciences","robots":{"index":"index","follow":"follow","max-snippet":"max-snippet:-1","max-image-preview":"max-image-preview:large","max-video-preview":"max-video-preview:-1"},"canonical":"https:\/\/www.ummto.dz\/fs\/avis-aux-etudiants-l3-mathematiques\/","og_locale":"fr_FR","og_type":"article","og_title":"Avis aux \u00e9tudiants L3 Math\u00e9matiques - Facult\u00e9 des Sciences","og_description":"Les \u00e9tudiants de L3 seront accueillis \u00e0 partir du mercredi 21 Octobre pour 03 semaines de cours (et TDs, TPs), ci-joints les emplois du temps (S5) et les listes. Comme pour les L2, une 4\u00e8me semaine sera consacr\u00e9e aux examens et une 5\u00e8me aux rattrapages. Les notes des diff\u00e9rents examens (EMD, rattrapages) des \u00e9tudiants L3 [&hellip;]","og_url":"https:\/\/www.ummto.dz\/fs\/avis-aux-etudiants-l3-mathematiques\/","og_site_name":"Facult\u00e9 des Sciences","article_published_time":"2020-10-18T13:41:16+00:00","article_modified_time":"2021-11-15T10:09:47+00:00","og_image":[{"width":225,"height":225,"url":"https:\/\/www.ummto.dz\/fs\/wp-content\/uploads\/2019\/09\/Avis.jpg","type":"image\/jpeg"}],"author":"maidi nacima","twitter_card":"summary_large_image","twitter_misc":{"\u00c9crit par":"maidi nacima"},"schema":{"@context":"https:\/\/schema.org","@graph":[{"@type":"Article","@id":"https:\/\/www.ummto.dz\/fs\/avis-aux-etudiants-l3-mathematiques\/#article","isPartOf":{"@id":"https:\/\/www.ummto.dz\/fs\/avis-aux-etudiants-l3-mathematiques\/"},"author":{"name":"maidi nacima","@id":"https:\/\/www.ummto.dz\/fs\/#\/schema\/person\/f0a19398acbf302f06e4a25788979a7c"},"headline":"Avis aux \u00e9tudiants L3 Math\u00e9matiques","datePublished":"2020-10-18T13:41:16+00:00","dateModified":"2021-11-15T10:09:47+00:00","mainEntityOfPage":{"@id":"https:\/\/www.ummto.dz\/fs\/avis-aux-etudiants-l3-mathematiques\/"},"wordCount":101,"commentCount":0,"image":{"@id":"https:\/\/www.ummto.dz\/fs\/avis-aux-etudiants-l3-mathematiques\/#primaryimage"},"thumbnailUrl":"https:\/\/www.ummto.dz\/fs\/wp-content\/uploads\/2019\/09\/Avis.jpg","articleSection":["Actualit\u00e9"],"inLanguage":"fr-FR","potentialAction":[{"@type":"CommentAction","name":"Comment","target":["https:\/\/www.ummto.dz\/fs\/avis-aux-etudiants-l3-mathematiques\/#respond"]}]},{"@type":"WebPage","@id":"https:\/\/www.ummto.dz\/fs\/avis-aux-etudiants-l3-mathematiques\/","url":"https:\/\/www.ummto.dz\/fs\/avis-aux-etudiants-l3-mathematiques\/","name":"Avis aux \u00e9tudiants L3 Math\u00e9matiques - Facult\u00e9 des Sciences","isPartOf":{"@id":"https:\/\/www.ummto.dz\/fs\/#website"},"primaryImageOfPage":{"@id":"https:\/\/www.ummto.dz\/fs\/avis-aux-etudiants-l3-mathematiques\/#primaryimage"},"image":{"@id":"https:\/\/www.ummto.dz\/fs\/avis-aux-etudiants-l3-mathematiques\/#primaryimage"},"thumbnailUrl":"https:\/\/www.ummto.dz\/fs\/wp-content\/uploads\/2019\/09\/Avis.jpg","datePublished":"2020-10-18T13:41:16+00:00","dateModified":"2021-11-15T10:09:47+00:00","author":{"@id":"https:\/\/www.ummto.dz\/fs\/#\/schema\/person\/f0a19398acbf302f06e4a25788979a7c"},"breadcrumb":{"@id":"https:\/\/www.ummto.dz\/fs\/avis-aux-etudiants-l3-mathematiques\/#breadcrumb"},"inLanguage":"fr-FR","potentialAction":[{"@type":"ReadAction","target":["https:\/\/www.ummto.dz\/fs\/avis-aux-etudiants-l3-mathematiques\/"]}]},{"@type":"ImageObject","inLanguage":"fr-FR","@id":"https:\/\/www.ummto.dz\/fs\/avis-aux-etudiants-l3-mathematiques\/#primaryimage","url":"https:\/\/www.ummto.dz\/fs\/wp-content\/uploads\/2019\/09\/Avis.jpg","contentUrl":"https:\/\/www.ummto.dz\/fs\/wp-content\/uploads\/2019\/09\/Avis.jpg","width":225,"height":225},{"@type":"BreadcrumbList","@id":"https:\/\/www.ummto.dz\/fs\/avis-aux-etudiants-l3-mathematiques\/#breadcrumb","itemListElement":[{"@type":"ListItem","position":1,"name":"Accueil","item":"https:\/\/www.ummto.dz\/fs\/"},{"@type":"ListItem","position":2,"name":"Avis aux \u00e9tudiants L3 Math\u00e9matiques"}]},{"@type":"WebSite","@id":"https:\/\/www.ummto.dz\/fs\/#website","url":"https:\/\/www.ummto.dz\/fs\/","name":"Facult\u00e9 des Sciences","description":"universit\u00e9 Moulous Mammeri de Tizi-Ouzou","potentialAction":[{"@type":"SearchAction","target":{"@type":"EntryPoint","urlTemplate":"https:\/\/www.ummto.dz\/fs\/?s={search_term_string}"},"query-input":{"@type":"PropertyValueSpecification","valueRequired":true,"valueName":"search_term_string"}}],"inLanguage":"fr-FR"},{"@type":"Person","@id":"https:\/\/www.ummto.dz\/fs\/#\/schema\/person\/f0a19398acbf302f06e4a25788979a7c","name":"maidi nacima","url":"https:\/\/www.ummto.dz\/fs\/author\/maidi-nacima\/"}]}},"_links":{"self":[{"href":"https:\/\/www.ummto.dz\/fs\/wp-json\/wp\/v2\/posts\/2324","targetHints":{"allow":["GET"]}}],"collection":[{"href":"https:\/\/www.ummto.dz\/fs\/wp-json\/wp\/v2\/posts"}],"about":[{"href":"https:\/\/www.ummto.dz\/fs\/wp-json\/wp\/v2\/types\/post"}],"author":[{"embeddable":true,"href":"https:\/\/www.ummto.dz\/fs\/wp-json\/wp\/v2\/users\/1"}],"replies":[{"embeddable":true,"href":"https:\/\/www.ummto.dz\/fs\/wp-json\/wp\/v2\/comments?post=2324"}],"version-history":[{"count":7,"href":"https:\/\/www.ummto.dz\/fs\/wp-json\/wp\/v2\/posts\/2324\/revisions"}],"predecessor-version":[{"id":8336,"href":"https:\/\/www.ummto.dz\/fs\/wp-json\/wp\/v2\/posts\/2324\/revisions\/8336"}],"wp:featuredmedia":[{"embeddable":true,"href":"https:\/\/www.ummto.dz\/fs\/wp-json\/wp\/v2\/media\/1565"}],"wp:attachment":[{"href":"https:\/\/www.ummto.dz\/fs\/wp-json\/wp\/v2\/media?parent=2324"}],"wp:term":[{"taxonomy":"category","embeddable":true,"href":"https:\/\/www.ummto.dz\/fs\/wp-json\/wp\/v2\/categories?post=2324"},{"taxonomy":"post_tag","embeddable":true,"href":"https:\/\/www.ummto.dz\/fs\/wp-json\/wp\/v2\/tags?post=2324"}],"curies":[{"name":"wp","href":"https:\/\/api.w.org\/{rel}","templated":true}]}}