{"id":25590,"date":"2024-10-31T22:51:58","date_gmt":"2024-10-31T21:51:58","guid":{"rendered":"https:\/\/www.ummto.dz\/fs\/?p=25590"},"modified":"2024-10-31T22:54:27","modified_gmt":"2024-10-31T21:54:27","slug":"avis-aux-etudiants-l2-mathematiques-4","status":"publish","type":"post","link":"https:\/\/www.ummto.dz\/fs\/avis-aux-etudiants-l2-mathematiques-4\/","title":{"rendered":"Avis aux \u00e9tudiants L2 Math\u00e9matiques"},"content":{"rendered":"<p>[et_pb_section fb_built=\u00a0\u00bb1&Prime; _builder_version=\u00a0\u00bb4.27.2&Prime; _module_preset=\u00a0\u00bbdefault\u00a0\u00bb global_colors_info=\u00a0\u00bb{}\u00a0\u00bb][et_pb_row _builder_version=\u00a0\u00bb4.27.2&Prime; _module_preset=\u00a0\u00bbdefault\u00a0\u00bb global_colors_info=\u00a0\u00bb{}\u00a0\u00bb][et_pb_column type=\u00a0\u00bb4_4&Prime; _builder_version=\u00a0\u00bb4.27.2&Prime; _module_preset=\u00a0\u00bbdefault\u00a0\u00bb global_colors_info=\u00a0\u00bb{}\u00a0\u00bb][et_pb_text _builder_version=\u00a0\u00bb4.27.2&Prime; _module_preset=\u00a0\u00bbdefault\u00a0\u00bb global_colors_info=\u00a0\u00bb{}\u00a0\u00bb]<\/p>\n<ul>\n<li>Les \u00e9tudiants de L2 Maths (sections A et B) sont inform\u00e9s que le cours d&rsquo;<strong>Histoire des math\u00e9matiques<\/strong> se d\u00e9roulera tous les <strong>mercredis de 14h00 \u00e0 15h30 \u00e0 l&rsquo;amphi C<\/strong>.<\/li>\n<li>les \u00e9tudiants du groupe <strong>A1<\/strong> doivent noter un changement concernant le <strong>TD de Topologie<\/strong> : celui-ci se tiendra le <strong>mercredi \u00e0 8h00, dans la salle 7<\/strong>.<\/li>\n<\/ul>\n<p>Le D\u00e9partement<\/p>\n<p>[\/et_pb_text][\/et_pb_column][\/et_pb_row][\/et_pb_section]<\/p>\n","protected":false},"excerpt":{"rendered":"<p>Les \u00e9tudiants de L2 Maths (sections A et B) sont inform\u00e9s que le cours d&rsquo;Histoire des math\u00e9matiques se d\u00e9roulera tous les mercredis de 14h00 \u00e0 15h30 \u00e0 l&rsquo;amphi C. les \u00e9tudiants du groupe A1 doivent noter un changement concernant le TD de Topologie : celui-ci se tiendra le mercredi \u00e0 8h00, dans la salle 7. [&hellip;]<\/p>\n","protected":false},"author":18,"featured_media":25495,"comment_status":"closed","ping_status":"closed","sticky":false,"template":"","format":"standard","meta":{"_et_pb_use_builder":"on","_et_pb_old_content":"","_et_gb_content_width":"","footnotes":""},"categories":[9],"tags":[],"class_list":["post-25590","post","type-post","status-publish","format-standard","has-post-thumbnail","hentry","category-new_dep_maths"],"yoast_head":"<!-- This site is optimized with the Yoast SEO plugin v27.3 - https:\/\/yoast.com\/product\/yoast-seo-wordpress\/ -->\n<title>Avis aux \u00e9tudiants L2 Math\u00e9matiques - Facult\u00e9 des Sciences<\/title>\n<meta name=\"robots\" content=\"index, follow, max-snippet:-1, max-image-preview:large, max-video-preview:-1\" \/>\n<link rel=\"canonical\" href=\"https:\/\/www.ummto.dz\/fs\/avis-aux-etudiants-l2-mathematiques-4\/\" \/>\n<meta property=\"og:locale\" content=\"fr_FR\" \/>\n<meta property=\"og:type\" content=\"article\" \/>\n<meta property=\"og:title\" content=\"Avis aux \u00e9tudiants L2 Math\u00e9matiques - Facult\u00e9 des Sciences\" \/>\n<meta property=\"og:description\" content=\"Les \u00e9tudiants de L2 Maths (sections A et B) sont inform\u00e9s que le cours d&#039;Histoire des math\u00e9matiques se d\u00e9roulera tous les mercredis de 14h00 \u00e0 15h30 \u00e0 l&#039;amphi C. les \u00e9tudiants du groupe A1 doivent noter un changement concernant le TD de Topologie : celui-ci se tiendra le mercredi \u00e0 8h00, dans la salle 7. [&hellip;]\" \/>\n<meta property=\"og:url\" content=\"https:\/\/www.ummto.dz\/fs\/avis-aux-etudiants-l2-mathematiques-4\/\" \/>\n<meta property=\"og:site_name\" content=\"Facult\u00e9 des Sciences\" \/>\n<meta property=\"article:published_time\" content=\"2024-10-31T21:51:58+00:00\" \/>\n<meta property=\"article:modified_time\" content=\"2024-10-31T21:54:27+00:00\" \/>\n<meta property=\"og:image\" content=\"https:\/\/www.ummto.dz\/fs\/wp-content\/uploads\/2024\/10\/telechargement.jpeg\" \/>\n\t<meta property=\"og:image:width\" content=\"297\" \/>\n\t<meta property=\"og:image:height\" content=\"180\" \/>\n\t<meta property=\"og:image:type\" content=\"image\/jpeg\" \/>\n<meta name=\"author\" content=\"Math\u00e9matiques\" \/>\n<meta name=\"twitter:card\" content=\"summary_large_image\" \/>\n<meta name=\"twitter:label1\" content=\"\u00c9crit par\" \/>\n\t<meta name=\"twitter:data1\" content=\"Math\u00e9matiques\" \/>\n\t<meta name=\"twitter:label2\" content=\"Dur\u00e9e de lecture estim\u00e9e\" \/>\n\t<meta name=\"twitter:data2\" content=\"1 minute\" \/>\n<script type=\"application\/ld+json\" class=\"yoast-schema-graph\">{\"@context\":\"https:\\\/\\\/schema.org\",\"@graph\":[{\"@type\":\"Article\",\"@id\":\"https:\\\/\\\/www.ummto.dz\\\/fs\\\/avis-aux-etudiants-l2-mathematiques-4\\\/#article\",\"isPartOf\":{\"@id\":\"https:\\\/\\\/www.ummto.dz\\\/fs\\\/avis-aux-etudiants-l2-mathematiques-4\\\/\"},\"author\":{\"name\":\"Math\u00e9matiques\",\"@id\":\"https:\\\/\\\/www.ummto.dz\\\/fs\\\/#\\\/schema\\\/person\\\/d25c34844cf5a43d9fc6b524d80770e2\"},\"headline\":\"Avis aux \u00e9tudiants L2 Math\u00e9matiques\",\"datePublished\":\"2024-10-31T21:51:58+00:00\",\"dateModified\":\"2024-10-31T21:54:27+00:00\",\"mainEntityOfPage\":{\"@id\":\"https:\\\/\\\/www.ummto.dz\\\/fs\\\/avis-aux-etudiants-l2-mathematiques-4\\\/\"},\"wordCount\":123,\"image\":{\"@id\":\"https:\\\/\\\/www.ummto.dz\\\/fs\\\/avis-aux-etudiants-l2-mathematiques-4\\\/#primaryimage\"},\"thumbnailUrl\":\"https:\\\/\\\/www.ummto.dz\\\/fs\\\/wp-content\\\/uploads\\\/2024\\\/10\\\/telechargement.jpeg\",\"articleSection\":[\"dep_maths\"],\"inLanguage\":\"fr-FR\"},{\"@type\":\"WebPage\",\"@id\":\"https:\\\/\\\/www.ummto.dz\\\/fs\\\/avis-aux-etudiants-l2-mathematiques-4\\\/\",\"url\":\"https:\\\/\\\/www.ummto.dz\\\/fs\\\/avis-aux-etudiants-l2-mathematiques-4\\\/\",\"name\":\"Avis aux \u00e9tudiants L2 Math\u00e9matiques - Facult\u00e9 des Sciences\",\"isPartOf\":{\"@id\":\"https:\\\/\\\/www.ummto.dz\\\/fs\\\/#website\"},\"primaryImageOfPage\":{\"@id\":\"https:\\\/\\\/www.ummto.dz\\\/fs\\\/avis-aux-etudiants-l2-mathematiques-4\\\/#primaryimage\"},\"image\":{\"@id\":\"https:\\\/\\\/www.ummto.dz\\\/fs\\\/avis-aux-etudiants-l2-mathematiques-4\\\/#primaryimage\"},\"thumbnailUrl\":\"https:\\\/\\\/www.ummto.dz\\\/fs\\\/wp-content\\\/uploads\\\/2024\\\/10\\\/telechargement.jpeg\",\"datePublished\":\"2024-10-31T21:51:58+00:00\",\"dateModified\":\"2024-10-31T21:54:27+00:00\",\"author\":{\"@id\":\"https:\\\/\\\/www.ummto.dz\\\/fs\\\/#\\\/schema\\\/person\\\/d25c34844cf5a43d9fc6b524d80770e2\"},\"breadcrumb\":{\"@id\":\"https:\\\/\\\/www.ummto.dz\\\/fs\\\/avis-aux-etudiants-l2-mathematiques-4\\\/#breadcrumb\"},\"inLanguage\":\"fr-FR\",\"potentialAction\":[{\"@type\":\"ReadAction\",\"target\":[\"https:\\\/\\\/www.ummto.dz\\\/fs\\\/avis-aux-etudiants-l2-mathematiques-4\\\/\"]}]},{\"@type\":\"ImageObject\",\"inLanguage\":\"fr-FR\",\"@id\":\"https:\\\/\\\/www.ummto.dz\\\/fs\\\/avis-aux-etudiants-l2-mathematiques-4\\\/#primaryimage\",\"url\":\"https:\\\/\\\/www.ummto.dz\\\/fs\\\/wp-content\\\/uploads\\\/2024\\\/10\\\/telechargement.jpeg\",\"contentUrl\":\"https:\\\/\\\/www.ummto.dz\\\/fs\\\/wp-content\\\/uploads\\\/2024\\\/10\\\/telechargement.jpeg\",\"width\":297,\"height\":180},{\"@type\":\"BreadcrumbList\",\"@id\":\"https:\\\/\\\/www.ummto.dz\\\/fs\\\/avis-aux-etudiants-l2-mathematiques-4\\\/#breadcrumb\",\"itemListElement\":[{\"@type\":\"ListItem\",\"position\":1,\"name\":\"Accueil\",\"item\":\"https:\\\/\\\/www.ummto.dz\\\/fs\\\/\"},{\"@type\":\"ListItem\",\"position\":2,\"name\":\"Avis aux \u00e9tudiants L2 Math\u00e9matiques\"}]},{\"@type\":\"WebSite\",\"@id\":\"https:\\\/\\\/www.ummto.dz\\\/fs\\\/#website\",\"url\":\"https:\\\/\\\/www.ummto.dz\\\/fs\\\/\",\"name\":\"Facult\u00e9 des Sciences\",\"description\":\"universit\u00e9 Moulous Mammeri de Tizi-Ouzou\",\"potentialAction\":[{\"@type\":\"SearchAction\",\"target\":{\"@type\":\"EntryPoint\",\"urlTemplate\":\"https:\\\/\\\/www.ummto.dz\\\/fs\\\/?s={search_term_string}\"},\"query-input\":{\"@type\":\"PropertyValueSpecification\",\"valueRequired\":true,\"valueName\":\"search_term_string\"}}],\"inLanguage\":\"fr-FR\"},{\"@type\":\"Person\",\"@id\":\"https:\\\/\\\/www.ummto.dz\\\/fs\\\/#\\\/schema\\\/person\\\/d25c34844cf5a43d9fc6b524d80770e2\",\"name\":\"Math\u00e9matiques\",\"url\":\"https:\\\/\\\/www.ummto.dz\\\/fs\\\/author\\\/mi\\\/\"}]}<\/script>\n<!-- \/ Yoast SEO plugin. -->","yoast_head_json":{"title":"Avis aux \u00e9tudiants L2 Math\u00e9matiques - Facult\u00e9 des Sciences","robots":{"index":"index","follow":"follow","max-snippet":"max-snippet:-1","max-image-preview":"max-image-preview:large","max-video-preview":"max-video-preview:-1"},"canonical":"https:\/\/www.ummto.dz\/fs\/avis-aux-etudiants-l2-mathematiques-4\/","og_locale":"fr_FR","og_type":"article","og_title":"Avis aux \u00e9tudiants L2 Math\u00e9matiques - Facult\u00e9 des Sciences","og_description":"Les \u00e9tudiants de L2 Maths (sections A et B) sont inform\u00e9s que le cours d'Histoire des math\u00e9matiques se d\u00e9roulera tous les mercredis de 14h00 \u00e0 15h30 \u00e0 l'amphi C. les \u00e9tudiants du groupe A1 doivent noter un changement concernant le TD de Topologie : celui-ci se tiendra le mercredi \u00e0 8h00, dans la salle 7. [&hellip;]","og_url":"https:\/\/www.ummto.dz\/fs\/avis-aux-etudiants-l2-mathematiques-4\/","og_site_name":"Facult\u00e9 des Sciences","article_published_time":"2024-10-31T21:51:58+00:00","article_modified_time":"2024-10-31T21:54:27+00:00","og_image":[{"width":297,"height":180,"url":"https:\/\/www.ummto.dz\/fs\/wp-content\/uploads\/2024\/10\/telechargement.jpeg","type":"image\/jpeg"}],"author":"Math\u00e9matiques","twitter_card":"summary_large_image","twitter_misc":{"\u00c9crit par":"Math\u00e9matiques","Dur\u00e9e de lecture estim\u00e9e":"1 minute"},"schema":{"@context":"https:\/\/schema.org","@graph":[{"@type":"Article","@id":"https:\/\/www.ummto.dz\/fs\/avis-aux-etudiants-l2-mathematiques-4\/#article","isPartOf":{"@id":"https:\/\/www.ummto.dz\/fs\/avis-aux-etudiants-l2-mathematiques-4\/"},"author":{"name":"Math\u00e9matiques","@id":"https:\/\/www.ummto.dz\/fs\/#\/schema\/person\/d25c34844cf5a43d9fc6b524d80770e2"},"headline":"Avis aux \u00e9tudiants L2 Math\u00e9matiques","datePublished":"2024-10-31T21:51:58+00:00","dateModified":"2024-10-31T21:54:27+00:00","mainEntityOfPage":{"@id":"https:\/\/www.ummto.dz\/fs\/avis-aux-etudiants-l2-mathematiques-4\/"},"wordCount":123,"image":{"@id":"https:\/\/www.ummto.dz\/fs\/avis-aux-etudiants-l2-mathematiques-4\/#primaryimage"},"thumbnailUrl":"https:\/\/www.ummto.dz\/fs\/wp-content\/uploads\/2024\/10\/telechargement.jpeg","articleSection":["dep_maths"],"inLanguage":"fr-FR"},{"@type":"WebPage","@id":"https:\/\/www.ummto.dz\/fs\/avis-aux-etudiants-l2-mathematiques-4\/","url":"https:\/\/www.ummto.dz\/fs\/avis-aux-etudiants-l2-mathematiques-4\/","name":"Avis aux \u00e9tudiants L2 Math\u00e9matiques - Facult\u00e9 des Sciences","isPartOf":{"@id":"https:\/\/www.ummto.dz\/fs\/#website"},"primaryImageOfPage":{"@id":"https:\/\/www.ummto.dz\/fs\/avis-aux-etudiants-l2-mathematiques-4\/#primaryimage"},"image":{"@id":"https:\/\/www.ummto.dz\/fs\/avis-aux-etudiants-l2-mathematiques-4\/#primaryimage"},"thumbnailUrl":"https:\/\/www.ummto.dz\/fs\/wp-content\/uploads\/2024\/10\/telechargement.jpeg","datePublished":"2024-10-31T21:51:58+00:00","dateModified":"2024-10-31T21:54:27+00:00","author":{"@id":"https:\/\/www.ummto.dz\/fs\/#\/schema\/person\/d25c34844cf5a43d9fc6b524d80770e2"},"breadcrumb":{"@id":"https:\/\/www.ummto.dz\/fs\/avis-aux-etudiants-l2-mathematiques-4\/#breadcrumb"},"inLanguage":"fr-FR","potentialAction":[{"@type":"ReadAction","target":["https:\/\/www.ummto.dz\/fs\/avis-aux-etudiants-l2-mathematiques-4\/"]}]},{"@type":"ImageObject","inLanguage":"fr-FR","@id":"https:\/\/www.ummto.dz\/fs\/avis-aux-etudiants-l2-mathematiques-4\/#primaryimage","url":"https:\/\/www.ummto.dz\/fs\/wp-content\/uploads\/2024\/10\/telechargement.jpeg","contentUrl":"https:\/\/www.ummto.dz\/fs\/wp-content\/uploads\/2024\/10\/telechargement.jpeg","width":297,"height":180},{"@type":"BreadcrumbList","@id":"https:\/\/www.ummto.dz\/fs\/avis-aux-etudiants-l2-mathematiques-4\/#breadcrumb","itemListElement":[{"@type":"ListItem","position":1,"name":"Accueil","item":"https:\/\/www.ummto.dz\/fs\/"},{"@type":"ListItem","position":2,"name":"Avis aux \u00e9tudiants L2 Math\u00e9matiques"}]},{"@type":"WebSite","@id":"https:\/\/www.ummto.dz\/fs\/#website","url":"https:\/\/www.ummto.dz\/fs\/","name":"Facult\u00e9 des Sciences","description":"universit\u00e9 Moulous Mammeri de Tizi-Ouzou","potentialAction":[{"@type":"SearchAction","target":{"@type":"EntryPoint","urlTemplate":"https:\/\/www.ummto.dz\/fs\/?s={search_term_string}"},"query-input":{"@type":"PropertyValueSpecification","valueRequired":true,"valueName":"search_term_string"}}],"inLanguage":"fr-FR"},{"@type":"Person","@id":"https:\/\/www.ummto.dz\/fs\/#\/schema\/person\/d25c34844cf5a43d9fc6b524d80770e2","name":"Math\u00e9matiques","url":"https:\/\/www.ummto.dz\/fs\/author\/mi\/"}]}},"_links":{"self":[{"href":"https:\/\/www.ummto.dz\/fs\/wp-json\/wp\/v2\/posts\/25590","targetHints":{"allow":["GET"]}}],"collection":[{"href":"https:\/\/www.ummto.dz\/fs\/wp-json\/wp\/v2\/posts"}],"about":[{"href":"https:\/\/www.ummto.dz\/fs\/wp-json\/wp\/v2\/types\/post"}],"author":[{"embeddable":true,"href":"https:\/\/www.ummto.dz\/fs\/wp-json\/wp\/v2\/users\/18"}],"replies":[{"embeddable":true,"href":"https:\/\/www.ummto.dz\/fs\/wp-json\/wp\/v2\/comments?post=25590"}],"version-history":[{"count":3,"href":"https:\/\/www.ummto.dz\/fs\/wp-json\/wp\/v2\/posts\/25590\/revisions"}],"predecessor-version":[{"id":25594,"href":"https:\/\/www.ummto.dz\/fs\/wp-json\/wp\/v2\/posts\/25590\/revisions\/25594"}],"wp:featuredmedia":[{"embeddable":true,"href":"https:\/\/www.ummto.dz\/fs\/wp-json\/wp\/v2\/media\/25495"}],"wp:attachment":[{"href":"https:\/\/www.ummto.dz\/fs\/wp-json\/wp\/v2\/media?parent=25590"}],"wp:term":[{"taxonomy":"category","embeddable":true,"href":"https:\/\/www.ummto.dz\/fs\/wp-json\/wp\/v2\/categories?post=25590"},{"taxonomy":"post_tag","embeddable":true,"href":"https:\/\/www.ummto.dz\/fs\/wp-json\/wp\/v2\/tags?post=25590"}],"curies":[{"name":"wp","href":"https:\/\/api.w.org\/{rel}","templated":true}]}}