{"id":25744,"date":"2024-11-24T20:18:29","date_gmt":"2024-11-24T19:18:29","guid":{"rendered":"https:\/\/www.ummto.dz\/fs\/?p=25744"},"modified":"2024-11-25T21:39:33","modified_gmt":"2024-11-25T20:39:33","slug":"avis-aux-etudiants-du-departement-de-chimie-demande-de-conge-academique-2024_2025","status":"publish","type":"post","link":"https:\/\/www.ummto.dz\/fs\/avis-aux-etudiants-du-departement-de-chimie-demande-de-conge-academique-2024_2025\/","title":{"rendered":"Avis aux \u00e9tudiants du D\u00e9partement de Chimie- Demande de cong\u00e9 acad\u00e9mique 2024_2025"},"content":{"rendered":"<p>[et_pb_section fb_built=\u00a0\u00bb1&Prime; _builder_version=\u00a0\u00bb4.27.3&Prime; _module_preset=\u00a0\u00bbdefault\u00a0\u00bb width=\u00a0\u00bb100%\u00a0\u00bb global_colors_info=\u00a0\u00bb{}\u00a0\u00bb][et_pb_row _builder_version=\u00a0\u00bb4.27.3&Prime; _module_preset=\u00a0\u00bbdefault\u00a0\u00bb global_colors_info=\u00a0\u00bb{}\u00a0\u00bb][et_pb_column type=\u00a0\u00bb4_4&Prime; _builder_version=\u00a0\u00bb4.27.3&Prime; _module_preset=\u00a0\u00bbdefault\u00a0\u00bb global_colors_info=\u00a0\u00bb{}\u00a0\u00bb][et_pb_accordion _builder_version=\u00a0\u00bb4.27.3&Prime; _module_preset=\u00a0\u00bbdefault\u00a0\u00bb width=\u00a0\u00bb100%\u00a0\u00bb hover_enabled=\u00a0\u00bb0&Prime; global_colors_info=\u00a0\u00bb{}\u00a0\u00bb sticky_enabled=\u00a0\u00bb0&Prime;][et_pb_accordion_item title=\u00a0\u00bbAvis aux \u00e9tudiants du D\u00e9partement de Chimie-demande de cong\u00e9 acad\u00e9mique 2024_2025&Prime; open=\u00a0\u00bbon\u00a0\u00bb _builder_version=\u00a0\u00bb4.27.3&Prime; _module_preset=\u00a0\u00bbdefault\u00a0\u00bb hover_enabled=\u00a0\u00bb0&Prime; global_colors_info=\u00a0\u00bb{}\u00a0\u00bb sticky_enabled=\u00a0\u00bb0&Prime;]<\/p>\n<p>Nous informons les \u00e9tudiants du D\u00e9partement de chimie,<\/p>\n<p>que <span style=\"color: #ff0000\"><strong>la demande de cong\u00e9 acad\u00e9mique<\/strong><\/span> est d\u00e9sormais disponible.<\/p>\n<p>Vous pouvez t\u00e9l\u00e9charger,\u00a0 remplir\u00a0 et d\u00e9poser la demande (lien ci-dessous)<\/p>\n<p><span>aupr\u00e8s du D\u00e9partement\u00a0<\/span><span> de rattachement ( Avant le d\u00e9but des examens <\/span><\/p>\n<p><span>finaux du premier semestre).<\/span><\/p>\n<p><span><\/span><\/p>\n<p><strong><a href=\"https:\/\/www.ummto.dz\/fs\/wp-content\/uploads\/2024\/11\/DEMANDE_DE_CONGE_ACADEMIQUE_FS_2024_2025-2.pdf\" rel=\"attachment wp-att-25765\">DEMANDE_DE_CONGE_ACADEMIQUE_FS_2024_2025<\/a><\/strong><\/p>\n<p>[\/et_pb_accordion_item][\/et_pb_accordion][\/et_pb_column][\/et_pb_row][\/et_pb_section]<\/p>\n","protected":false},"excerpt":{"rendered":"<p>Nous informons les \u00e9tudiants du D\u00e9partement de chimie, que la demande de cong\u00e9 acad\u00e9mique est d\u00e9sormais disponible. Vous pouvez t\u00e9l\u00e9charger,\u00a0 remplir\u00a0 et d\u00e9poser la demande (lien ci-dessous) aupr\u00e8s du D\u00e9partement\u00a0 de rattachement ( Avant le d\u00e9but des examens finaux du premier semestre). DEMANDE_DE_CONGE_ACADEMIQUE_FS_2024_2025<\/p>\n","protected":false},"author":16,"featured_media":23010,"comment_status":"closed","ping_status":"closed","sticky":false,"template":"","format":"standard","meta":{"_et_pb_use_builder":"on","_et_pb_old_content":"","_et_gb_content_width":"","footnotes":""},"categories":[10],"tags":[],"class_list":["post-25744","post","type-post","status-publish","format-standard","has-post-thumbnail","hentry","category-new_dep_chimie"],"yoast_head":"<!-- This site is optimized with the Yoast SEO plugin v27.3 - https:\/\/yoast.com\/product\/yoast-seo-wordpress\/ -->\n<title>Avis aux \u00e9tudiants du D\u00e9partement de Chimie- Demande de cong\u00e9 acad\u00e9mique 2024_2025 - Facult\u00e9 des Sciences<\/title>\n<meta name=\"robots\" content=\"index, follow, max-snippet:-1, max-image-preview:large, max-video-preview:-1\" \/>\n<link rel=\"canonical\" href=\"https:\/\/www.ummto.dz\/fs\/avis-aux-etudiants-du-departement-de-chimie-demande-de-conge-academique-2024_2025\/\" \/>\n<meta property=\"og:locale\" content=\"fr_FR\" \/>\n<meta property=\"og:type\" content=\"article\" \/>\n<meta property=\"og:title\" content=\"Avis aux \u00e9tudiants du D\u00e9partement de Chimie- Demande de cong\u00e9 acad\u00e9mique 2024_2025 - Facult\u00e9 des Sciences\" \/>\n<meta property=\"og:description\" content=\"Nous informons les \u00e9tudiants du D\u00e9partement de chimie, que la demande de cong\u00e9 acad\u00e9mique est d\u00e9sormais disponible. Vous pouvez t\u00e9l\u00e9charger,\u00a0 remplir\u00a0 et d\u00e9poser la demande (lien ci-dessous) aupr\u00e8s du D\u00e9partement\u00a0 de rattachement ( Avant le d\u00e9but des examens finaux du premier semestre). DEMANDE_DE_CONGE_ACADEMIQUE_FS_2024_2025\" \/>\n<meta property=\"og:url\" content=\"https:\/\/www.ummto.dz\/fs\/avis-aux-etudiants-du-departement-de-chimie-demande-de-conge-academique-2024_2025\/\" \/>\n<meta property=\"og:site_name\" content=\"Facult\u00e9 des Sciences\" \/>\n<meta property=\"article:published_time\" content=\"2024-11-24T19:18:29+00:00\" \/>\n<meta property=\"article:modified_time\" content=\"2024-11-25T20:39:33+00:00\" \/>\n<meta property=\"og:image\" content=\"https:\/\/www.ummto.dz\/fs\/wp-content\/uploads\/2024\/01\/important.jpg\" \/>\n\t<meta property=\"og:image:width\" content=\"500\" \/>\n\t<meta property=\"og:image:height\" content=\"360\" \/>\n\t<meta property=\"og:image:type\" content=\"image\/jpeg\" \/>\n<meta name=\"author\" content=\"CHIMIE\" \/>\n<meta name=\"twitter:card\" content=\"summary_large_image\" \/>\n<meta name=\"twitter:label1\" content=\"\u00c9crit par\" \/>\n\t<meta name=\"twitter:data1\" content=\"CHIMIE\" \/>\n\t<meta name=\"twitter:label2\" content=\"Dur\u00e9e de lecture estim\u00e9e\" \/>\n\t<meta name=\"twitter:data2\" content=\"1 minute\" \/>\n<script type=\"application\/ld+json\" class=\"yoast-schema-graph\">{\"@context\":\"https:\\\/\\\/schema.org\",\"@graph\":[{\"@type\":\"Article\",\"@id\":\"https:\\\/\\\/www.ummto.dz\\\/fs\\\/avis-aux-etudiants-du-departement-de-chimie-demande-de-conge-academique-2024_2025\\\/#article\",\"isPartOf\":{\"@id\":\"https:\\\/\\\/www.ummto.dz\\\/fs\\\/avis-aux-etudiants-du-departement-de-chimie-demande-de-conge-academique-2024_2025\\\/\"},\"author\":{\"name\":\"CHIMIE\",\"@id\":\"https:\\\/\\\/www.ummto.dz\\\/fs\\\/#\\\/schema\\\/person\\\/dfb535b5bdc223f2dda5ceb1813b68c1\"},\"headline\":\"Avis aux \u00e9tudiants du D\u00e9partement de Chimie- Demande de cong\u00e9 acad\u00e9mique 2024_2025\",\"datePublished\":\"2024-11-24T19:18:29+00:00\",\"dateModified\":\"2024-11-25T20:39:33+00:00\",\"mainEntityOfPage\":{\"@id\":\"https:\\\/\\\/www.ummto.dz\\\/fs\\\/avis-aux-etudiants-du-departement-de-chimie-demande-de-conge-academique-2024_2025\\\/\"},\"wordCount\":168,\"image\":{\"@id\":\"https:\\\/\\\/www.ummto.dz\\\/fs\\\/avis-aux-etudiants-du-departement-de-chimie-demande-de-conge-academique-2024_2025\\\/#primaryimage\"},\"thumbnailUrl\":\"https:\\\/\\\/www.ummto.dz\\\/fs\\\/wp-content\\\/uploads\\\/2024\\\/01\\\/important.jpg\",\"articleSection\":[\"Dep_Chimie\"],\"inLanguage\":\"fr-FR\"},{\"@type\":\"WebPage\",\"@id\":\"https:\\\/\\\/www.ummto.dz\\\/fs\\\/avis-aux-etudiants-du-departement-de-chimie-demande-de-conge-academique-2024_2025\\\/\",\"url\":\"https:\\\/\\\/www.ummto.dz\\\/fs\\\/avis-aux-etudiants-du-departement-de-chimie-demande-de-conge-academique-2024_2025\\\/\",\"name\":\"Avis aux \u00e9tudiants du D\u00e9partement de Chimie- Demande de cong\u00e9 acad\u00e9mique 2024_2025 - Facult\u00e9 des Sciences\",\"isPartOf\":{\"@id\":\"https:\\\/\\\/www.ummto.dz\\\/fs\\\/#website\"},\"primaryImageOfPage\":{\"@id\":\"https:\\\/\\\/www.ummto.dz\\\/fs\\\/avis-aux-etudiants-du-departement-de-chimie-demande-de-conge-academique-2024_2025\\\/#primaryimage\"},\"image\":{\"@id\":\"https:\\\/\\\/www.ummto.dz\\\/fs\\\/avis-aux-etudiants-du-departement-de-chimie-demande-de-conge-academique-2024_2025\\\/#primaryimage\"},\"thumbnailUrl\":\"https:\\\/\\\/www.ummto.dz\\\/fs\\\/wp-content\\\/uploads\\\/2024\\\/01\\\/important.jpg\",\"datePublished\":\"2024-11-24T19:18:29+00:00\",\"dateModified\":\"2024-11-25T20:39:33+00:00\",\"author\":{\"@id\":\"https:\\\/\\\/www.ummto.dz\\\/fs\\\/#\\\/schema\\\/person\\\/dfb535b5bdc223f2dda5ceb1813b68c1\"},\"breadcrumb\":{\"@id\":\"https:\\\/\\\/www.ummto.dz\\\/fs\\\/avis-aux-etudiants-du-departement-de-chimie-demande-de-conge-academique-2024_2025\\\/#breadcrumb\"},\"inLanguage\":\"fr-FR\",\"potentialAction\":[{\"@type\":\"ReadAction\",\"target\":[\"https:\\\/\\\/www.ummto.dz\\\/fs\\\/avis-aux-etudiants-du-departement-de-chimie-demande-de-conge-academique-2024_2025\\\/\"]}]},{\"@type\":\"ImageObject\",\"inLanguage\":\"fr-FR\",\"@id\":\"https:\\\/\\\/www.ummto.dz\\\/fs\\\/avis-aux-etudiants-du-departement-de-chimie-demande-de-conge-academique-2024_2025\\\/#primaryimage\",\"url\":\"https:\\\/\\\/www.ummto.dz\\\/fs\\\/wp-content\\\/uploads\\\/2024\\\/01\\\/important.jpg\",\"contentUrl\":\"https:\\\/\\\/www.ummto.dz\\\/fs\\\/wp-content\\\/uploads\\\/2024\\\/01\\\/important.jpg\",\"width\":500,\"height\":360},{\"@type\":\"BreadcrumbList\",\"@id\":\"https:\\\/\\\/www.ummto.dz\\\/fs\\\/avis-aux-etudiants-du-departement-de-chimie-demande-de-conge-academique-2024_2025\\\/#breadcrumb\",\"itemListElement\":[{\"@type\":\"ListItem\",\"position\":1,\"name\":\"Accueil\",\"item\":\"https:\\\/\\\/www.ummto.dz\\\/fs\\\/\"},{\"@type\":\"ListItem\",\"position\":2,\"name\":\"Avis aux \u00e9tudiants du D\u00e9partement de Chimie- Demande de cong\u00e9 acad\u00e9mique 2024_2025\"}]},{\"@type\":\"WebSite\",\"@id\":\"https:\\\/\\\/www.ummto.dz\\\/fs\\\/#website\",\"url\":\"https:\\\/\\\/www.ummto.dz\\\/fs\\\/\",\"name\":\"Facult\u00e9 des Sciences\",\"description\":\"universit\u00e9 Moulous Mammeri de Tizi-Ouzou\",\"potentialAction\":[{\"@type\":\"SearchAction\",\"target\":{\"@type\":\"EntryPoint\",\"urlTemplate\":\"https:\\\/\\\/www.ummto.dz\\\/fs\\\/?s={search_term_string}\"},\"query-input\":{\"@type\":\"PropertyValueSpecification\",\"valueRequired\":true,\"valueName\":\"search_term_string\"}}],\"inLanguage\":\"fr-FR\"},{\"@type\":\"Person\",\"@id\":\"https:\\\/\\\/www.ummto.dz\\\/fs\\\/#\\\/schema\\\/person\\\/dfb535b5bdc223f2dda5ceb1813b68c1\",\"name\":\"CHIMIE\",\"url\":\"https:\\\/\\\/www.ummto.dz\\\/fs\\\/author\\\/chimie\\\/\"}]}<\/script>\n<!-- \/ Yoast SEO plugin. -->","yoast_head_json":{"title":"Avis aux \u00e9tudiants du D\u00e9partement de Chimie- Demande de cong\u00e9 acad\u00e9mique 2024_2025 - Facult\u00e9 des Sciences","robots":{"index":"index","follow":"follow","max-snippet":"max-snippet:-1","max-image-preview":"max-image-preview:large","max-video-preview":"max-video-preview:-1"},"canonical":"https:\/\/www.ummto.dz\/fs\/avis-aux-etudiants-du-departement-de-chimie-demande-de-conge-academique-2024_2025\/","og_locale":"fr_FR","og_type":"article","og_title":"Avis aux \u00e9tudiants du D\u00e9partement de Chimie- Demande de cong\u00e9 acad\u00e9mique 2024_2025 - Facult\u00e9 des Sciences","og_description":"Nous informons les \u00e9tudiants du D\u00e9partement de chimie, que la demande de cong\u00e9 acad\u00e9mique est d\u00e9sormais disponible. Vous pouvez t\u00e9l\u00e9charger,\u00a0 remplir\u00a0 et d\u00e9poser la demande (lien ci-dessous) aupr\u00e8s du D\u00e9partement\u00a0 de rattachement ( Avant le d\u00e9but des examens finaux du premier semestre). DEMANDE_DE_CONGE_ACADEMIQUE_FS_2024_2025","og_url":"https:\/\/www.ummto.dz\/fs\/avis-aux-etudiants-du-departement-de-chimie-demande-de-conge-academique-2024_2025\/","og_site_name":"Facult\u00e9 des Sciences","article_published_time":"2024-11-24T19:18:29+00:00","article_modified_time":"2024-11-25T20:39:33+00:00","og_image":[{"width":500,"height":360,"url":"https:\/\/www.ummto.dz\/fs\/wp-content\/uploads\/2024\/01\/important.jpg","type":"image\/jpeg"}],"author":"CHIMIE","twitter_card":"summary_large_image","twitter_misc":{"\u00c9crit par":"CHIMIE","Dur\u00e9e de lecture estim\u00e9e":"1 minute"},"schema":{"@context":"https:\/\/schema.org","@graph":[{"@type":"Article","@id":"https:\/\/www.ummto.dz\/fs\/avis-aux-etudiants-du-departement-de-chimie-demande-de-conge-academique-2024_2025\/#article","isPartOf":{"@id":"https:\/\/www.ummto.dz\/fs\/avis-aux-etudiants-du-departement-de-chimie-demande-de-conge-academique-2024_2025\/"},"author":{"name":"CHIMIE","@id":"https:\/\/www.ummto.dz\/fs\/#\/schema\/person\/dfb535b5bdc223f2dda5ceb1813b68c1"},"headline":"Avis aux \u00e9tudiants du D\u00e9partement de Chimie- Demande de cong\u00e9 acad\u00e9mique 2024_2025","datePublished":"2024-11-24T19:18:29+00:00","dateModified":"2024-11-25T20:39:33+00:00","mainEntityOfPage":{"@id":"https:\/\/www.ummto.dz\/fs\/avis-aux-etudiants-du-departement-de-chimie-demande-de-conge-academique-2024_2025\/"},"wordCount":168,"image":{"@id":"https:\/\/www.ummto.dz\/fs\/avis-aux-etudiants-du-departement-de-chimie-demande-de-conge-academique-2024_2025\/#primaryimage"},"thumbnailUrl":"https:\/\/www.ummto.dz\/fs\/wp-content\/uploads\/2024\/01\/important.jpg","articleSection":["Dep_Chimie"],"inLanguage":"fr-FR"},{"@type":"WebPage","@id":"https:\/\/www.ummto.dz\/fs\/avis-aux-etudiants-du-departement-de-chimie-demande-de-conge-academique-2024_2025\/","url":"https:\/\/www.ummto.dz\/fs\/avis-aux-etudiants-du-departement-de-chimie-demande-de-conge-academique-2024_2025\/","name":"Avis aux \u00e9tudiants du D\u00e9partement de Chimie- Demande de cong\u00e9 acad\u00e9mique 2024_2025 - Facult\u00e9 des Sciences","isPartOf":{"@id":"https:\/\/www.ummto.dz\/fs\/#website"},"primaryImageOfPage":{"@id":"https:\/\/www.ummto.dz\/fs\/avis-aux-etudiants-du-departement-de-chimie-demande-de-conge-academique-2024_2025\/#primaryimage"},"image":{"@id":"https:\/\/www.ummto.dz\/fs\/avis-aux-etudiants-du-departement-de-chimie-demande-de-conge-academique-2024_2025\/#primaryimage"},"thumbnailUrl":"https:\/\/www.ummto.dz\/fs\/wp-content\/uploads\/2024\/01\/important.jpg","datePublished":"2024-11-24T19:18:29+00:00","dateModified":"2024-11-25T20:39:33+00:00","author":{"@id":"https:\/\/www.ummto.dz\/fs\/#\/schema\/person\/dfb535b5bdc223f2dda5ceb1813b68c1"},"breadcrumb":{"@id":"https:\/\/www.ummto.dz\/fs\/avis-aux-etudiants-du-departement-de-chimie-demande-de-conge-academique-2024_2025\/#breadcrumb"},"inLanguage":"fr-FR","potentialAction":[{"@type":"ReadAction","target":["https:\/\/www.ummto.dz\/fs\/avis-aux-etudiants-du-departement-de-chimie-demande-de-conge-academique-2024_2025\/"]}]},{"@type":"ImageObject","inLanguage":"fr-FR","@id":"https:\/\/www.ummto.dz\/fs\/avis-aux-etudiants-du-departement-de-chimie-demande-de-conge-academique-2024_2025\/#primaryimage","url":"https:\/\/www.ummto.dz\/fs\/wp-content\/uploads\/2024\/01\/important.jpg","contentUrl":"https:\/\/www.ummto.dz\/fs\/wp-content\/uploads\/2024\/01\/important.jpg","width":500,"height":360},{"@type":"BreadcrumbList","@id":"https:\/\/www.ummto.dz\/fs\/avis-aux-etudiants-du-departement-de-chimie-demande-de-conge-academique-2024_2025\/#breadcrumb","itemListElement":[{"@type":"ListItem","position":1,"name":"Accueil","item":"https:\/\/www.ummto.dz\/fs\/"},{"@type":"ListItem","position":2,"name":"Avis aux \u00e9tudiants du D\u00e9partement de Chimie- Demande de cong\u00e9 acad\u00e9mique 2024_2025"}]},{"@type":"WebSite","@id":"https:\/\/www.ummto.dz\/fs\/#website","url":"https:\/\/www.ummto.dz\/fs\/","name":"Facult\u00e9 des Sciences","description":"universit\u00e9 Moulous Mammeri de Tizi-Ouzou","potentialAction":[{"@type":"SearchAction","target":{"@type":"EntryPoint","urlTemplate":"https:\/\/www.ummto.dz\/fs\/?s={search_term_string}"},"query-input":{"@type":"PropertyValueSpecification","valueRequired":true,"valueName":"search_term_string"}}],"inLanguage":"fr-FR"},{"@type":"Person","@id":"https:\/\/www.ummto.dz\/fs\/#\/schema\/person\/dfb535b5bdc223f2dda5ceb1813b68c1","name":"CHIMIE","url":"https:\/\/www.ummto.dz\/fs\/author\/chimie\/"}]}},"_links":{"self":[{"href":"https:\/\/www.ummto.dz\/fs\/wp-json\/wp\/v2\/posts\/25744","targetHints":{"allow":["GET"]}}],"collection":[{"href":"https:\/\/www.ummto.dz\/fs\/wp-json\/wp\/v2\/posts"}],"about":[{"href":"https:\/\/www.ummto.dz\/fs\/wp-json\/wp\/v2\/types\/post"}],"author":[{"embeddable":true,"href":"https:\/\/www.ummto.dz\/fs\/wp-json\/wp\/v2\/users\/16"}],"replies":[{"embeddable":true,"href":"https:\/\/www.ummto.dz\/fs\/wp-json\/wp\/v2\/comments?post=25744"}],"version-history":[{"count":4,"href":"https:\/\/www.ummto.dz\/fs\/wp-json\/wp\/v2\/posts\/25744\/revisions"}],"predecessor-version":[{"id":25767,"href":"https:\/\/www.ummto.dz\/fs\/wp-json\/wp\/v2\/posts\/25744\/revisions\/25767"}],"wp:featuredmedia":[{"embeddable":true,"href":"https:\/\/www.ummto.dz\/fs\/wp-json\/wp\/v2\/media\/23010"}],"wp:attachment":[{"href":"https:\/\/www.ummto.dz\/fs\/wp-json\/wp\/v2\/media?parent=25744"}],"wp:term":[{"taxonomy":"category","embeddable":true,"href":"https:\/\/www.ummto.dz\/fs\/wp-json\/wp\/v2\/categories?post=25744"},{"taxonomy":"post_tag","embeddable":true,"href":"https:\/\/www.ummto.dz\/fs\/wp-json\/wp\/v2\/tags?post=25744"}],"curies":[{"name":"wp","href":"https:\/\/api.w.org\/{rel}","templated":true}]}}