{"id":26253,"date":"2025-01-25T18:43:53","date_gmt":"2025-01-25T17:43:53","guid":{"rendered":"https:\/\/www.ummto.dz\/fs\/?p=26253"},"modified":"2025-01-25T18:44:33","modified_gmt":"2025-01-25T17:44:33","slug":"%e2%8f%b0-information-concernant-lexamen-de-remplacement-logique-mathematiques-pour-les-etudiants-de-l2-maths","status":"publish","type":"post","link":"https:\/\/www.ummto.dz\/fs\/%e2%8f%b0-information-concernant-lexamen-de-remplacement-logique-mathematiques-pour-les-etudiants-de-l2-maths\/","title":{"rendered":"\u23f0 Information concernant l&rsquo;examen de remplacement \u00ab\u00a0logique math\u00e9matiques\u00a0\u00bb  pour les \u00e9tudiants de L2 maths"},"content":{"rendered":"<p>[et_pb_section fb_built=\u00a0\u00bb1&Prime; theme_builder_area=\u00a0\u00bbpost_content\u00a0\u00bb _builder_version=\u00a0\u00bb4.27.4&Prime; _module_preset=\u00a0\u00bbdefault\u00a0\u00bb][et_pb_row _builder_version=\u00a0\u00bb4.27.4&Prime; _module_preset=\u00a0\u00bbdefault\u00a0\u00bb theme_builder_area=\u00a0\u00bbpost_content\u00a0\u00bb][et_pb_column _builder_version=\u00a0\u00bb4.27.4&Prime; _module_preset=\u00a0\u00bbdefault\u00a0\u00bb type=\u00a0\u00bb4_4&Prime; theme_builder_area=\u00a0\u00bbpost_content\u00a0\u00bb][et_pb_text _builder_version=\u00a0\u00bb4.27.4&Prime; _module_preset=\u00a0\u00bbdefault\u00a0\u00bb theme_builder_area=\u00a0\u00bbpost_content\u00a0\u00bb]<\/p>\n<p>Nous informons les \u00e9tudiants de L2 Maths concern\u00e9s que l&rsquo;examen de remplacement de <strong>Logique Math\u00e9matique<\/strong> est programm\u00e9 comme suit :<\/p>\n<p><strong><img decoding=\"async\" data-emoji=\"\ud83d\udcc5\" class=\"an1 CToWUd\" alt=\"\ud83d\udcc5\" aria-label=\"\ud83d\udcc5\" src=\"https:\/\/fonts.gstatic.com\/s\/e\/notoemoji\/16.0\/1f4c5\/72.png\" loading=\"lazy\" data-bit=\"iit\" width=\"36\" height=\"36\" \/><span> <\/span><\/strong>\u00a0: Dimanche 26 janvier<\/p>\n<p><strong><img decoding=\"async\" data-emoji=\"\u23f0\" class=\"an1 CToWUd\" alt=\"\u23f0\" aria-label=\"\u23f0\" src=\"https:\/\/fonts.gstatic.com\/s\/e\/notoemoji\/16.0\/23f0\/72.png\" loading=\"lazy\" data-bit=\"iit\" width=\"44\" height=\"44\" \/><\/strong>\u00a0: 11h00<\/p>\n<p><strong><img decoding=\"async\" data-emoji=\"\ud83d\udccd\" class=\"an1 CToWUd\" alt=\"\ud83d\udccd\" aria-label=\"\ud83d\udccd\" src=\"https:\/\/fonts.gstatic.com\/s\/e\/notoemoji\/16.0\/1f4cd\/72.png\" loading=\"lazy\" data-bit=\"iit\" width=\"38\" height=\"38\" \/><\/strong>\u00a0: Salle 37<\/p>\n<p>Le d\u00e9partement<\/p>\n<p>[\/et_pb_text][\/et_pb_column][\/et_pb_row][\/et_pb_section]<\/p>\n","protected":false},"excerpt":{"rendered":"<p>Nous informons les \u00e9tudiants de L2 Maths concern\u00e9s que l&rsquo;examen de remplacement de Logique Math\u00e9matique est programm\u00e9 comme suit : \u00a0: Dimanche 26 janvier \u00a0: 11h00 \u00a0: Salle 37 Le d\u00e9partement<\/p>\n","protected":false},"author":18,"featured_media":25608,"comment_status":"closed","ping_status":"closed","sticky":false,"template":"","format":"standard","meta":{"_et_pb_use_builder":"on","_et_pb_old_content":"","_et_gb_content_width":"","footnotes":""},"categories":[9],"tags":[],"class_list":["post-26253","post","type-post","status-publish","format-standard","has-post-thumbnail","hentry","category-new_dep_maths"],"yoast_head":"<!-- This site is optimized with the Yoast SEO plugin v27.3 - https:\/\/yoast.com\/product\/yoast-seo-wordpress\/ -->\n<title>\u23f0 Information concernant l&#039;examen de remplacement &quot;logique math\u00e9matiques&quot; pour les \u00e9tudiants de L2 maths - Facult\u00e9 des Sciences<\/title>\n<meta name=\"robots\" content=\"index, follow, max-snippet:-1, max-image-preview:large, max-video-preview:-1\" \/>\n<link rel=\"canonical\" href=\"https:\/\/www.ummto.dz\/fs\/\u23f0-information-concernant-lexamen-de-remplacement-logique-mathematiques-pour-les-etudiants-de-l2-maths\/\" \/>\n<meta property=\"og:locale\" content=\"fr_FR\" \/>\n<meta property=\"og:type\" content=\"article\" \/>\n<meta property=\"og:title\" content=\"\u23f0 Information concernant l&#039;examen de remplacement &quot;logique math\u00e9matiques&quot; pour les \u00e9tudiants de L2 maths - Facult\u00e9 des Sciences\" \/>\n<meta property=\"og:description\" content=\"Nous informons les \u00e9tudiants de L2 Maths concern\u00e9s que l&#039;examen de remplacement de Logique Math\u00e9matique est programm\u00e9 comme suit : \u00a0: Dimanche 26 janvier \u00a0: 11h00 \u00a0: Salle 37 Le d\u00e9partement\" \/>\n<meta property=\"og:url\" content=\"https:\/\/www.ummto.dz\/fs\/\u23f0-information-concernant-lexamen-de-remplacement-logique-mathematiques-pour-les-etudiants-de-l2-maths\/\" \/>\n<meta property=\"og:site_name\" content=\"Facult\u00e9 des Sciences\" \/>\n<meta property=\"article:published_time\" content=\"2025-01-25T17:43:53+00:00\" \/>\n<meta property=\"article:modified_time\" content=\"2025-01-25T17:44:33+00:00\" \/>\n<meta property=\"og:image\" content=\"https:\/\/www.ummto.dz\/fs\/wp-content\/uploads\/2024\/11\/telechargement-1.jpeg\" \/>\n\t<meta property=\"og:image:width\" content=\"297\" \/>\n\t<meta property=\"og:image:height\" content=\"180\" \/>\n\t<meta property=\"og:image:type\" content=\"image\/jpeg\" \/>\n<meta name=\"author\" content=\"Math\u00e9matiques\" \/>\n<meta name=\"twitter:card\" content=\"summary_large_image\" \/>\n<meta name=\"twitter:label1\" content=\"\u00c9crit par\" \/>\n\t<meta name=\"twitter:data1\" content=\"Math\u00e9matiques\" \/>\n\t<meta name=\"twitter:label2\" content=\"Dur\u00e9e de lecture estim\u00e9e\" \/>\n\t<meta name=\"twitter:data2\" content=\"1 minute\" \/>\n<script type=\"application\/ld+json\" class=\"yoast-schema-graph\">{\"@context\":\"https:\\\/\\\/schema.org\",\"@graph\":[{\"@type\":\"Article\",\"@id\":\"https:\\\/\\\/www.ummto.dz\\\/fs\\\/%e2%8f%b0-information-concernant-lexamen-de-remplacement-logique-mathematiques-pour-les-etudiants-de-l2-maths\\\/#article\",\"isPartOf\":{\"@id\":\"https:\\\/\\\/www.ummto.dz\\\/fs\\\/%e2%8f%b0-information-concernant-lexamen-de-remplacement-logique-mathematiques-pour-les-etudiants-de-l2-maths\\\/\"},\"author\":{\"name\":\"Math\u00e9matiques\",\"@id\":\"https:\\\/\\\/www.ummto.dz\\\/fs\\\/#\\\/schema\\\/person\\\/d25c34844cf5a43d9fc6b524d80770e2\"},\"headline\":\"\u23f0 Information concernant l&rsquo;examen de remplacement \u00ab\u00a0logique math\u00e9matiques\u00a0\u00bb pour les \u00e9tudiants de L2 maths\",\"datePublished\":\"2025-01-25T17:43:53+00:00\",\"dateModified\":\"2025-01-25T17:44:33+00:00\",\"mainEntityOfPage\":{\"@id\":\"https:\\\/\\\/www.ummto.dz\\\/fs\\\/%e2%8f%b0-information-concernant-lexamen-de-remplacement-logique-mathematiques-pour-les-etudiants-de-l2-maths\\\/\"},\"wordCount\":111,\"image\":{\"@id\":\"https:\\\/\\\/www.ummto.dz\\\/fs\\\/%e2%8f%b0-information-concernant-lexamen-de-remplacement-logique-mathematiques-pour-les-etudiants-de-l2-maths\\\/#primaryimage\"},\"thumbnailUrl\":\"https:\\\/\\\/www.ummto.dz\\\/fs\\\/wp-content\\\/uploads\\\/2024\\\/11\\\/telechargement-1.jpeg\",\"articleSection\":[\"dep_maths\"],\"inLanguage\":\"fr-FR\"},{\"@type\":\"WebPage\",\"@id\":\"https:\\\/\\\/www.ummto.dz\\\/fs\\\/%e2%8f%b0-information-concernant-lexamen-de-remplacement-logique-mathematiques-pour-les-etudiants-de-l2-maths\\\/\",\"url\":\"https:\\\/\\\/www.ummto.dz\\\/fs\\\/%e2%8f%b0-information-concernant-lexamen-de-remplacement-logique-mathematiques-pour-les-etudiants-de-l2-maths\\\/\",\"name\":\"\u23f0 Information concernant l'examen de remplacement \\\"logique math\u00e9matiques\\\" pour les \u00e9tudiants de L2 maths - Facult\u00e9 des Sciences\",\"isPartOf\":{\"@id\":\"https:\\\/\\\/www.ummto.dz\\\/fs\\\/#website\"},\"primaryImageOfPage\":{\"@id\":\"https:\\\/\\\/www.ummto.dz\\\/fs\\\/%e2%8f%b0-information-concernant-lexamen-de-remplacement-logique-mathematiques-pour-les-etudiants-de-l2-maths\\\/#primaryimage\"},\"image\":{\"@id\":\"https:\\\/\\\/www.ummto.dz\\\/fs\\\/%e2%8f%b0-information-concernant-lexamen-de-remplacement-logique-mathematiques-pour-les-etudiants-de-l2-maths\\\/#primaryimage\"},\"thumbnailUrl\":\"https:\\\/\\\/www.ummto.dz\\\/fs\\\/wp-content\\\/uploads\\\/2024\\\/11\\\/telechargement-1.jpeg\",\"datePublished\":\"2025-01-25T17:43:53+00:00\",\"dateModified\":\"2025-01-25T17:44:33+00:00\",\"author\":{\"@id\":\"https:\\\/\\\/www.ummto.dz\\\/fs\\\/#\\\/schema\\\/person\\\/d25c34844cf5a43d9fc6b524d80770e2\"},\"breadcrumb\":{\"@id\":\"https:\\\/\\\/www.ummto.dz\\\/fs\\\/%e2%8f%b0-information-concernant-lexamen-de-remplacement-logique-mathematiques-pour-les-etudiants-de-l2-maths\\\/#breadcrumb\"},\"inLanguage\":\"fr-FR\",\"potentialAction\":[{\"@type\":\"ReadAction\",\"target\":[\"https:\\\/\\\/www.ummto.dz\\\/fs\\\/%e2%8f%b0-information-concernant-lexamen-de-remplacement-logique-mathematiques-pour-les-etudiants-de-l2-maths\\\/\"]}]},{\"@type\":\"ImageObject\",\"inLanguage\":\"fr-FR\",\"@id\":\"https:\\\/\\\/www.ummto.dz\\\/fs\\\/%e2%8f%b0-information-concernant-lexamen-de-remplacement-logique-mathematiques-pour-les-etudiants-de-l2-maths\\\/#primaryimage\",\"url\":\"https:\\\/\\\/www.ummto.dz\\\/fs\\\/wp-content\\\/uploads\\\/2024\\\/11\\\/telechargement-1.jpeg\",\"contentUrl\":\"https:\\\/\\\/www.ummto.dz\\\/fs\\\/wp-content\\\/uploads\\\/2024\\\/11\\\/telechargement-1.jpeg\",\"width\":297,\"height\":180},{\"@type\":\"BreadcrumbList\",\"@id\":\"https:\\\/\\\/www.ummto.dz\\\/fs\\\/%e2%8f%b0-information-concernant-lexamen-de-remplacement-logique-mathematiques-pour-les-etudiants-de-l2-maths\\\/#breadcrumb\",\"itemListElement\":[{\"@type\":\"ListItem\",\"position\":1,\"name\":\"Accueil\",\"item\":\"https:\\\/\\\/www.ummto.dz\\\/fs\\\/\"},{\"@type\":\"ListItem\",\"position\":2,\"name\":\"\u23f0 Information concernant l&rsquo;examen de remplacement \u00ab\u00a0logique math\u00e9matiques\u00a0\u00bb pour les \u00e9tudiants de L2 maths\"}]},{\"@type\":\"WebSite\",\"@id\":\"https:\\\/\\\/www.ummto.dz\\\/fs\\\/#website\",\"url\":\"https:\\\/\\\/www.ummto.dz\\\/fs\\\/\",\"name\":\"Facult\u00e9 des Sciences\",\"description\":\"universit\u00e9 Moulous Mammeri de Tizi-Ouzou\",\"potentialAction\":[{\"@type\":\"SearchAction\",\"target\":{\"@type\":\"EntryPoint\",\"urlTemplate\":\"https:\\\/\\\/www.ummto.dz\\\/fs\\\/?s={search_term_string}\"},\"query-input\":{\"@type\":\"PropertyValueSpecification\",\"valueRequired\":true,\"valueName\":\"search_term_string\"}}],\"inLanguage\":\"fr-FR\"},{\"@type\":\"Person\",\"@id\":\"https:\\\/\\\/www.ummto.dz\\\/fs\\\/#\\\/schema\\\/person\\\/d25c34844cf5a43d9fc6b524d80770e2\",\"name\":\"Math\u00e9matiques\",\"url\":\"https:\\\/\\\/www.ummto.dz\\\/fs\\\/author\\\/mi\\\/\"}]}<\/script>\n<!-- \/ Yoast SEO plugin. -->","yoast_head_json":{"title":"\u23f0 Information concernant l'examen de remplacement \"logique math\u00e9matiques\" pour les \u00e9tudiants de L2 maths - Facult\u00e9 des Sciences","robots":{"index":"index","follow":"follow","max-snippet":"max-snippet:-1","max-image-preview":"max-image-preview:large","max-video-preview":"max-video-preview:-1"},"canonical":"https:\/\/www.ummto.dz\/fs\/\u23f0-information-concernant-lexamen-de-remplacement-logique-mathematiques-pour-les-etudiants-de-l2-maths\/","og_locale":"fr_FR","og_type":"article","og_title":"\u23f0 Information concernant l'examen de remplacement \"logique math\u00e9matiques\" pour les \u00e9tudiants de L2 maths - Facult\u00e9 des Sciences","og_description":"Nous informons les \u00e9tudiants de L2 Maths concern\u00e9s que l'examen de remplacement de Logique Math\u00e9matique est programm\u00e9 comme suit : \u00a0: Dimanche 26 janvier \u00a0: 11h00 \u00a0: Salle 37 Le d\u00e9partement","og_url":"https:\/\/www.ummto.dz\/fs\/\u23f0-information-concernant-lexamen-de-remplacement-logique-mathematiques-pour-les-etudiants-de-l2-maths\/","og_site_name":"Facult\u00e9 des Sciences","article_published_time":"2025-01-25T17:43:53+00:00","article_modified_time":"2025-01-25T17:44:33+00:00","og_image":[{"width":297,"height":180,"url":"https:\/\/www.ummto.dz\/fs\/wp-content\/uploads\/2024\/11\/telechargement-1.jpeg","type":"image\/jpeg"}],"author":"Math\u00e9matiques","twitter_card":"summary_large_image","twitter_misc":{"\u00c9crit par":"Math\u00e9matiques","Dur\u00e9e de lecture estim\u00e9e":"1 minute"},"schema":{"@context":"https:\/\/schema.org","@graph":[{"@type":"Article","@id":"https:\/\/www.ummto.dz\/fs\/%e2%8f%b0-information-concernant-lexamen-de-remplacement-logique-mathematiques-pour-les-etudiants-de-l2-maths\/#article","isPartOf":{"@id":"https:\/\/www.ummto.dz\/fs\/%e2%8f%b0-information-concernant-lexamen-de-remplacement-logique-mathematiques-pour-les-etudiants-de-l2-maths\/"},"author":{"name":"Math\u00e9matiques","@id":"https:\/\/www.ummto.dz\/fs\/#\/schema\/person\/d25c34844cf5a43d9fc6b524d80770e2"},"headline":"\u23f0 Information concernant l&rsquo;examen de remplacement \u00ab\u00a0logique math\u00e9matiques\u00a0\u00bb pour les \u00e9tudiants de L2 maths","datePublished":"2025-01-25T17:43:53+00:00","dateModified":"2025-01-25T17:44:33+00:00","mainEntityOfPage":{"@id":"https:\/\/www.ummto.dz\/fs\/%e2%8f%b0-information-concernant-lexamen-de-remplacement-logique-mathematiques-pour-les-etudiants-de-l2-maths\/"},"wordCount":111,"image":{"@id":"https:\/\/www.ummto.dz\/fs\/%e2%8f%b0-information-concernant-lexamen-de-remplacement-logique-mathematiques-pour-les-etudiants-de-l2-maths\/#primaryimage"},"thumbnailUrl":"https:\/\/www.ummto.dz\/fs\/wp-content\/uploads\/2024\/11\/telechargement-1.jpeg","articleSection":["dep_maths"],"inLanguage":"fr-FR"},{"@type":"WebPage","@id":"https:\/\/www.ummto.dz\/fs\/%e2%8f%b0-information-concernant-lexamen-de-remplacement-logique-mathematiques-pour-les-etudiants-de-l2-maths\/","url":"https:\/\/www.ummto.dz\/fs\/%e2%8f%b0-information-concernant-lexamen-de-remplacement-logique-mathematiques-pour-les-etudiants-de-l2-maths\/","name":"\u23f0 Information concernant l'examen de remplacement \"logique math\u00e9matiques\" pour les \u00e9tudiants de L2 maths - Facult\u00e9 des Sciences","isPartOf":{"@id":"https:\/\/www.ummto.dz\/fs\/#website"},"primaryImageOfPage":{"@id":"https:\/\/www.ummto.dz\/fs\/%e2%8f%b0-information-concernant-lexamen-de-remplacement-logique-mathematiques-pour-les-etudiants-de-l2-maths\/#primaryimage"},"image":{"@id":"https:\/\/www.ummto.dz\/fs\/%e2%8f%b0-information-concernant-lexamen-de-remplacement-logique-mathematiques-pour-les-etudiants-de-l2-maths\/#primaryimage"},"thumbnailUrl":"https:\/\/www.ummto.dz\/fs\/wp-content\/uploads\/2024\/11\/telechargement-1.jpeg","datePublished":"2025-01-25T17:43:53+00:00","dateModified":"2025-01-25T17:44:33+00:00","author":{"@id":"https:\/\/www.ummto.dz\/fs\/#\/schema\/person\/d25c34844cf5a43d9fc6b524d80770e2"},"breadcrumb":{"@id":"https:\/\/www.ummto.dz\/fs\/%e2%8f%b0-information-concernant-lexamen-de-remplacement-logique-mathematiques-pour-les-etudiants-de-l2-maths\/#breadcrumb"},"inLanguage":"fr-FR","potentialAction":[{"@type":"ReadAction","target":["https:\/\/www.ummto.dz\/fs\/%e2%8f%b0-information-concernant-lexamen-de-remplacement-logique-mathematiques-pour-les-etudiants-de-l2-maths\/"]}]},{"@type":"ImageObject","inLanguage":"fr-FR","@id":"https:\/\/www.ummto.dz\/fs\/%e2%8f%b0-information-concernant-lexamen-de-remplacement-logique-mathematiques-pour-les-etudiants-de-l2-maths\/#primaryimage","url":"https:\/\/www.ummto.dz\/fs\/wp-content\/uploads\/2024\/11\/telechargement-1.jpeg","contentUrl":"https:\/\/www.ummto.dz\/fs\/wp-content\/uploads\/2024\/11\/telechargement-1.jpeg","width":297,"height":180},{"@type":"BreadcrumbList","@id":"https:\/\/www.ummto.dz\/fs\/%e2%8f%b0-information-concernant-lexamen-de-remplacement-logique-mathematiques-pour-les-etudiants-de-l2-maths\/#breadcrumb","itemListElement":[{"@type":"ListItem","position":1,"name":"Accueil","item":"https:\/\/www.ummto.dz\/fs\/"},{"@type":"ListItem","position":2,"name":"\u23f0 Information concernant l&rsquo;examen de remplacement \u00ab\u00a0logique math\u00e9matiques\u00a0\u00bb pour les \u00e9tudiants de L2 maths"}]},{"@type":"WebSite","@id":"https:\/\/www.ummto.dz\/fs\/#website","url":"https:\/\/www.ummto.dz\/fs\/","name":"Facult\u00e9 des Sciences","description":"universit\u00e9 Moulous Mammeri de Tizi-Ouzou","potentialAction":[{"@type":"SearchAction","target":{"@type":"EntryPoint","urlTemplate":"https:\/\/www.ummto.dz\/fs\/?s={search_term_string}"},"query-input":{"@type":"PropertyValueSpecification","valueRequired":true,"valueName":"search_term_string"}}],"inLanguage":"fr-FR"},{"@type":"Person","@id":"https:\/\/www.ummto.dz\/fs\/#\/schema\/person\/d25c34844cf5a43d9fc6b524d80770e2","name":"Math\u00e9matiques","url":"https:\/\/www.ummto.dz\/fs\/author\/mi\/"}]}},"_links":{"self":[{"href":"https:\/\/www.ummto.dz\/fs\/wp-json\/wp\/v2\/posts\/26253","targetHints":{"allow":["GET"]}}],"collection":[{"href":"https:\/\/www.ummto.dz\/fs\/wp-json\/wp\/v2\/posts"}],"about":[{"href":"https:\/\/www.ummto.dz\/fs\/wp-json\/wp\/v2\/types\/post"}],"author":[{"embeddable":true,"href":"https:\/\/www.ummto.dz\/fs\/wp-json\/wp\/v2\/users\/18"}],"replies":[{"embeddable":true,"href":"https:\/\/www.ummto.dz\/fs\/wp-json\/wp\/v2\/comments?post=26253"}],"version-history":[{"count":2,"href":"https:\/\/www.ummto.dz\/fs\/wp-json\/wp\/v2\/posts\/26253\/revisions"}],"predecessor-version":[{"id":26255,"href":"https:\/\/www.ummto.dz\/fs\/wp-json\/wp\/v2\/posts\/26253\/revisions\/26255"}],"wp:featuredmedia":[{"embeddable":true,"href":"https:\/\/www.ummto.dz\/fs\/wp-json\/wp\/v2\/media\/25608"}],"wp:attachment":[{"href":"https:\/\/www.ummto.dz\/fs\/wp-json\/wp\/v2\/media?parent=26253"}],"wp:term":[{"taxonomy":"category","embeddable":true,"href":"https:\/\/www.ummto.dz\/fs\/wp-json\/wp\/v2\/categories?post=26253"},{"taxonomy":"post_tag","embeddable":true,"href":"https:\/\/www.ummto.dz\/fs\/wp-json\/wp\/v2\/tags?post=26253"}],"curies":[{"name":"wp","href":"https:\/\/api.w.org\/{rel}","templated":true}]}}