{"id":26456,"date":"2025-02-14T22:58:51","date_gmt":"2025-02-14T21:58:51","guid":{"rendered":"https:\/\/www.ummto.dz\/fs\/?p=26456"},"modified":"2025-02-14T23:14:39","modified_gmt":"2025-02-14T22:14:39","slug":"commissions-administratives-paritaires-avis-aux-elections-des-membres-representants-des-ats","status":"publish","type":"post","link":"https:\/\/www.ummto.dz\/fs\/commissions-administratives-paritaires-avis-aux-elections-des-membres-representants-des-ats\/","title":{"rendered":"Commissions Administratives Paritaires :\u00a0Avis aux \u00e9lections des membres repr\u00e9sentants\u00a0des ATS\u00a0"},"content":{"rendered":"<p>[et_pb_section fb_built=\u00a0\u00bb1&Prime; _builder_version=\u00a0\u00bb4.27.4&Prime; _module_preset=\u00a0\u00bbdefault\u00a0\u00bb custom_margin=\u00a0\u00bb|-40px||||\u00a0\u00bb custom_padding=\u00a0\u00bb|0px||||\u00a0\u00bb global_colors_info=\u00a0\u00bb{}\u00a0\u00bb][et_pb_row _builder_version=\u00a0\u00bb4.27.4&Prime; _module_preset=\u00a0\u00bbdefault\u00a0\u00bb global_colors_info=\u00a0\u00bb{}\u00a0\u00bb][et_pb_column type=\u00a0\u00bb4_4&Prime; _builder_version=\u00a0\u00bb4.27.4&Prime; _module_preset=\u00a0\u00bbdefault\u00a0\u00bb global_colors_info=\u00a0\u00bb{}\u00a0\u00bb][et_pb_accordion _builder_version=\u00a0\u00bb4.27.4&Prime; _module_preset=\u00a0\u00bbdefault\u00a0\u00bb custom_margin=\u00a0\u00bb|-160px||||\u00a0\u00bb global_colors_info=\u00a0\u00bb{}\u00a0\u00bb][et_pb_accordion_item title=\u00a0\u00bbCommissions Administratives Paritaires : Avis aux \u00e9lections des membres repr\u00e9sentants des ATS \u00a0\u00bb open=\u00a0\u00bbon\u00a0\u00bb open_toggle_text_color=\u00a0\u00bb#E02B20&Prime; _builder_version=\u00a0\u00bb4.27.4&Prime; _module_preset=\u00a0\u00bbdefault\u00a0\u00bb text_orientation=\u00a0\u00bbjustified\u00a0\u00bb width=\u00a0\u00bb95%\u00a0\u00bb max_width=\u00a0\u00bb95%\u00a0\u00bb box_shadow_style=\u00a0\u00bbpreset6&Prime; global_colors_info=\u00a0\u00bb{}\u00a0\u00bb]<\/p>\n<div><span style=\"color: #000080\">Les fonctionnaires ATS, de l&rsquo;universit\u00e9 Mouloud MAMMERI de Tizi-Ouzou, sont invit\u00e9s \u00e0 compl\u00e9ter\u00a0la fiche de candidature aux \u00e9lections des commissions administratives paritaires au niveau du service des personnels de leurs facult\u00e9s de rattachement entre le<strong><span style=\"color: #ff0000\">\u00a0 11 au\u00a0 \u00a025 f\u00e9vrier 202<\/span><\/strong><\/span><strong><span style=\"color: #ff0000\">5.<\/span><\/strong><\/div>\n<div><strong><span style=\"color: #ff0000\"><\/span><\/strong><\/div>\n<div><strong><span style=\"color: #ff0000\"><\/span><\/strong><\/div>\n<div><strong><span style=\"color: #ff0000\"><\/span><\/strong><\/div>\n<div><strong><span style=\"color: #ff0000\"><a href=\"https:\/\/www.ummto.dz\/fs\/wp-content\/uploads\/2025\/02\/Avis-Elections-Commissions-paritaires-ATS-2025-1.pdf\" rel=\"attachment wp-att-26461\">Avis Elections Commissions paritaires ATS 2025 <\/a><\/span><\/strong><\/div>\n<div><strong><span style=\"color: #ff0000\"><a href=\"https:\/\/www.ummto.dz\/fs\/wp-content\/uploads\/2025\/02\/Fiche-de-Candidature-1.pdf\" rel=\"attachment wp-att-26460\">Fiche de Candidature <\/a><\/span><\/strong><\/div>\n<p>[\/et_pb_accordion_item][\/et_pb_accordion][\/et_pb_column][\/et_pb_row][\/et_pb_section]<\/p>\n","protected":false},"excerpt":{"rendered":"<p>Les fonctionnaires ATS, de l&rsquo;universit\u00e9 Mouloud MAMMERI de Tizi-Ouzou, sont invit\u00e9s \u00e0 compl\u00e9ter\u00a0la fiche de candidature aux \u00e9lections des commissions administratives paritaires au niveau du service des personnels de leurs facult\u00e9s de rattachement entre le\u00a0 11 au\u00a0 \u00a025 f\u00e9vrier 2025. Avis Elections Commissions paritaires ATS 2025 Fiche de Candidature<\/p>\n","protected":false},"author":13,"featured_media":26465,"comment_status":"closed","ping_status":"closed","sticky":false,"template":"","format":"standard","meta":{"_et_pb_use_builder":"on","_et_pb_old_content":"","_et_gb_content_width":"","footnotes":""},"categories":[1],"tags":[],"class_list":["post-26456","post","type-post","status-publish","format-standard","has-post-thumbnail","hentry","category-non-classe"],"yoast_head":"<!-- This site is optimized with the Yoast SEO plugin v27.3 - https:\/\/yoast.com\/product\/yoast-seo-wordpress\/ -->\n<title>Commissions Administratives Paritaires :\u00a0Avis aux \u00e9lections des membres repr\u00e9sentants\u00a0des ATS\u00a0 - Facult\u00e9 des Sciences<\/title>\n<meta name=\"robots\" content=\"index, follow, max-snippet:-1, max-image-preview:large, max-video-preview:-1\" \/>\n<link rel=\"canonical\" href=\"https:\/\/www.ummto.dz\/fs\/commissions-administratives-paritaires-avis-aux-elections-des-membres-representants-des-ats\/\" \/>\n<meta property=\"og:locale\" content=\"fr_FR\" \/>\n<meta property=\"og:type\" content=\"article\" \/>\n<meta property=\"og:title\" content=\"Commissions Administratives Paritaires :\u00a0Avis aux \u00e9lections des membres repr\u00e9sentants\u00a0des ATS\u00a0 - Facult\u00e9 des Sciences\" \/>\n<meta property=\"og:description\" content=\"Les fonctionnaires ATS, de l&#039;universit\u00e9 Mouloud MAMMERI de Tizi-Ouzou, sont invit\u00e9s \u00e0 compl\u00e9ter\u00a0la fiche de candidature aux \u00e9lections des commissions administratives paritaires au niveau du service des personnels de leurs facult\u00e9s de rattachement entre le\u00a0 11 au\u00a0 \u00a025 f\u00e9vrier 2025. Avis Elections Commissions paritaires ATS 2025 Fiche de Candidature\" \/>\n<meta property=\"og:url\" content=\"https:\/\/www.ummto.dz\/fs\/commissions-administratives-paritaires-avis-aux-elections-des-membres-representants-des-ats\/\" \/>\n<meta property=\"og:site_name\" content=\"Facult\u00e9 des Sciences\" \/>\n<meta property=\"article:published_time\" content=\"2025-02-14T21:58:51+00:00\" \/>\n<meta property=\"article:modified_time\" content=\"2025-02-14T22:14:39+00:00\" \/>\n<meta property=\"og:image\" content=\"https:\/\/www.ummto.dz\/fs\/wp-content\/uploads\/2025\/02\/ATS-ats.webp\" \/>\n\t<meta property=\"og:image:width\" content=\"250\" \/>\n\t<meta property=\"og:image:height\" content=\"250\" \/>\n\t<meta property=\"og:image:type\" content=\"image\/webp\" \/>\n<meta name=\"author\" content=\"FS\" \/>\n<meta name=\"twitter:card\" content=\"summary_large_image\" \/>\n<meta name=\"twitter:label1\" content=\"\u00c9crit par\" \/>\n\t<meta name=\"twitter:data1\" content=\"FS\" \/>\n\t<meta name=\"twitter:label2\" content=\"Dur\u00e9e de lecture estim\u00e9e\" \/>\n\t<meta name=\"twitter:data2\" content=\"1 minute\" \/>\n<script type=\"application\/ld+json\" class=\"yoast-schema-graph\">{\"@context\":\"https:\\\/\\\/schema.org\",\"@graph\":[{\"@type\":\"Article\",\"@id\":\"https:\\\/\\\/www.ummto.dz\\\/fs\\\/commissions-administratives-paritaires-avis-aux-elections-des-membres-representants-des-ats\\\/#article\",\"isPartOf\":{\"@id\":\"https:\\\/\\\/www.ummto.dz\\\/fs\\\/commissions-administratives-paritaires-avis-aux-elections-des-membres-representants-des-ats\\\/\"},\"author\":{\"name\":\"FS\",\"@id\":\"https:\\\/\\\/www.ummto.dz\\\/fs\\\/#\\\/schema\\\/person\\\/c9a513e99831aef4c20b627eb305eb4a\"},\"headline\":\"Commissions Administratives Paritaires :\u00a0Avis aux \u00e9lections des membres repr\u00e9sentants\u00a0des ATS\u00a0\",\"datePublished\":\"2025-02-14T21:58:51+00:00\",\"dateModified\":\"2025-02-14T22:14:39+00:00\",\"mainEntityOfPage\":{\"@id\":\"https:\\\/\\\/www.ummto.dz\\\/fs\\\/commissions-administratives-paritaires-avis-aux-elections-des-membres-representants-des-ats\\\/\"},\"wordCount\":179,\"image\":{\"@id\":\"https:\\\/\\\/www.ummto.dz\\\/fs\\\/commissions-administratives-paritaires-avis-aux-elections-des-membres-representants-des-ats\\\/#primaryimage\"},\"thumbnailUrl\":\"https:\\\/\\\/www.ummto.dz\\\/fs\\\/wp-content\\\/uploads\\\/2025\\\/02\\\/ATS-ats.webp\",\"articleSection\":[\"Actualit\u00e9\"],\"inLanguage\":\"fr-FR\"},{\"@type\":\"WebPage\",\"@id\":\"https:\\\/\\\/www.ummto.dz\\\/fs\\\/commissions-administratives-paritaires-avis-aux-elections-des-membres-representants-des-ats\\\/\",\"url\":\"https:\\\/\\\/www.ummto.dz\\\/fs\\\/commissions-administratives-paritaires-avis-aux-elections-des-membres-representants-des-ats\\\/\",\"name\":\"Commissions Administratives Paritaires :\u00a0Avis aux \u00e9lections des membres repr\u00e9sentants\u00a0des ATS\u00a0 - Facult\u00e9 des Sciences\",\"isPartOf\":{\"@id\":\"https:\\\/\\\/www.ummto.dz\\\/fs\\\/#website\"},\"primaryImageOfPage\":{\"@id\":\"https:\\\/\\\/www.ummto.dz\\\/fs\\\/commissions-administratives-paritaires-avis-aux-elections-des-membres-representants-des-ats\\\/#primaryimage\"},\"image\":{\"@id\":\"https:\\\/\\\/www.ummto.dz\\\/fs\\\/commissions-administratives-paritaires-avis-aux-elections-des-membres-representants-des-ats\\\/#primaryimage\"},\"thumbnailUrl\":\"https:\\\/\\\/www.ummto.dz\\\/fs\\\/wp-content\\\/uploads\\\/2025\\\/02\\\/ATS-ats.webp\",\"datePublished\":\"2025-02-14T21:58:51+00:00\",\"dateModified\":\"2025-02-14T22:14:39+00:00\",\"author\":{\"@id\":\"https:\\\/\\\/www.ummto.dz\\\/fs\\\/#\\\/schema\\\/person\\\/c9a513e99831aef4c20b627eb305eb4a\"},\"breadcrumb\":{\"@id\":\"https:\\\/\\\/www.ummto.dz\\\/fs\\\/commissions-administratives-paritaires-avis-aux-elections-des-membres-representants-des-ats\\\/#breadcrumb\"},\"inLanguage\":\"fr-FR\",\"potentialAction\":[{\"@type\":\"ReadAction\",\"target\":[\"https:\\\/\\\/www.ummto.dz\\\/fs\\\/commissions-administratives-paritaires-avis-aux-elections-des-membres-representants-des-ats\\\/\"]}]},{\"@type\":\"ImageObject\",\"inLanguage\":\"fr-FR\",\"@id\":\"https:\\\/\\\/www.ummto.dz\\\/fs\\\/commissions-administratives-paritaires-avis-aux-elections-des-membres-representants-des-ats\\\/#primaryimage\",\"url\":\"https:\\\/\\\/www.ummto.dz\\\/fs\\\/wp-content\\\/uploads\\\/2025\\\/02\\\/ATS-ats.webp\",\"contentUrl\":\"https:\\\/\\\/www.ummto.dz\\\/fs\\\/wp-content\\\/uploads\\\/2025\\\/02\\\/ATS-ats.webp\",\"width\":250,\"height\":250},{\"@type\":\"BreadcrumbList\",\"@id\":\"https:\\\/\\\/www.ummto.dz\\\/fs\\\/commissions-administratives-paritaires-avis-aux-elections-des-membres-representants-des-ats\\\/#breadcrumb\",\"itemListElement\":[{\"@type\":\"ListItem\",\"position\":1,\"name\":\"Accueil\",\"item\":\"https:\\\/\\\/www.ummto.dz\\\/fs\\\/\"},{\"@type\":\"ListItem\",\"position\":2,\"name\":\"Commissions Administratives Paritaires :\u00a0Avis aux \u00e9lections des membres repr\u00e9sentants\u00a0des ATS\u00a0\"}]},{\"@type\":\"WebSite\",\"@id\":\"https:\\\/\\\/www.ummto.dz\\\/fs\\\/#website\",\"url\":\"https:\\\/\\\/www.ummto.dz\\\/fs\\\/\",\"name\":\"Facult\u00e9 des Sciences\",\"description\":\"universit\u00e9 Moulous Mammeri de Tizi-Ouzou\",\"potentialAction\":[{\"@type\":\"SearchAction\",\"target\":{\"@type\":\"EntryPoint\",\"urlTemplate\":\"https:\\\/\\\/www.ummto.dz\\\/fs\\\/?s={search_term_string}\"},\"query-input\":{\"@type\":\"PropertyValueSpecification\",\"valueRequired\":true,\"valueName\":\"search_term_string\"}}],\"inLanguage\":\"fr-FR\"},{\"@type\":\"Person\",\"@id\":\"https:\\\/\\\/www.ummto.dz\\\/fs\\\/#\\\/schema\\\/person\\\/c9a513e99831aef4c20b627eb305eb4a\",\"name\":\"FS\",\"url\":\"https:\\\/\\\/www.ummto.dz\\\/fs\\\/author\\\/fs\\\/\"}]}<\/script>\n<!-- \/ Yoast SEO plugin. -->","yoast_head_json":{"title":"Commissions Administratives Paritaires :\u00a0Avis aux \u00e9lections des membres repr\u00e9sentants\u00a0des ATS\u00a0 - Facult\u00e9 des Sciences","robots":{"index":"index","follow":"follow","max-snippet":"max-snippet:-1","max-image-preview":"max-image-preview:large","max-video-preview":"max-video-preview:-1"},"canonical":"https:\/\/www.ummto.dz\/fs\/commissions-administratives-paritaires-avis-aux-elections-des-membres-representants-des-ats\/","og_locale":"fr_FR","og_type":"article","og_title":"Commissions Administratives Paritaires :\u00a0Avis aux \u00e9lections des membres repr\u00e9sentants\u00a0des ATS\u00a0 - Facult\u00e9 des Sciences","og_description":"Les fonctionnaires ATS, de l'universit\u00e9 Mouloud MAMMERI de Tizi-Ouzou, sont invit\u00e9s \u00e0 compl\u00e9ter\u00a0la fiche de candidature aux \u00e9lections des commissions administratives paritaires au niveau du service des personnels de leurs facult\u00e9s de rattachement entre le\u00a0 11 au\u00a0 \u00a025 f\u00e9vrier 2025. Avis Elections Commissions paritaires ATS 2025 Fiche de Candidature","og_url":"https:\/\/www.ummto.dz\/fs\/commissions-administratives-paritaires-avis-aux-elections-des-membres-representants-des-ats\/","og_site_name":"Facult\u00e9 des Sciences","article_published_time":"2025-02-14T21:58:51+00:00","article_modified_time":"2025-02-14T22:14:39+00:00","og_image":[{"width":250,"height":250,"url":"https:\/\/www.ummto.dz\/fs\/wp-content\/uploads\/2025\/02\/ATS-ats.webp","type":"image\/webp"}],"author":"FS","twitter_card":"summary_large_image","twitter_misc":{"\u00c9crit par":"FS","Dur\u00e9e de lecture estim\u00e9e":"1 minute"},"schema":{"@context":"https:\/\/schema.org","@graph":[{"@type":"Article","@id":"https:\/\/www.ummto.dz\/fs\/commissions-administratives-paritaires-avis-aux-elections-des-membres-representants-des-ats\/#article","isPartOf":{"@id":"https:\/\/www.ummto.dz\/fs\/commissions-administratives-paritaires-avis-aux-elections-des-membres-representants-des-ats\/"},"author":{"name":"FS","@id":"https:\/\/www.ummto.dz\/fs\/#\/schema\/person\/c9a513e99831aef4c20b627eb305eb4a"},"headline":"Commissions Administratives Paritaires :\u00a0Avis aux \u00e9lections des membres repr\u00e9sentants\u00a0des ATS\u00a0","datePublished":"2025-02-14T21:58:51+00:00","dateModified":"2025-02-14T22:14:39+00:00","mainEntityOfPage":{"@id":"https:\/\/www.ummto.dz\/fs\/commissions-administratives-paritaires-avis-aux-elections-des-membres-representants-des-ats\/"},"wordCount":179,"image":{"@id":"https:\/\/www.ummto.dz\/fs\/commissions-administratives-paritaires-avis-aux-elections-des-membres-representants-des-ats\/#primaryimage"},"thumbnailUrl":"https:\/\/www.ummto.dz\/fs\/wp-content\/uploads\/2025\/02\/ATS-ats.webp","articleSection":["Actualit\u00e9"],"inLanguage":"fr-FR"},{"@type":"WebPage","@id":"https:\/\/www.ummto.dz\/fs\/commissions-administratives-paritaires-avis-aux-elections-des-membres-representants-des-ats\/","url":"https:\/\/www.ummto.dz\/fs\/commissions-administratives-paritaires-avis-aux-elections-des-membres-representants-des-ats\/","name":"Commissions Administratives Paritaires :\u00a0Avis aux \u00e9lections des membres repr\u00e9sentants\u00a0des ATS\u00a0 - Facult\u00e9 des Sciences","isPartOf":{"@id":"https:\/\/www.ummto.dz\/fs\/#website"},"primaryImageOfPage":{"@id":"https:\/\/www.ummto.dz\/fs\/commissions-administratives-paritaires-avis-aux-elections-des-membres-representants-des-ats\/#primaryimage"},"image":{"@id":"https:\/\/www.ummto.dz\/fs\/commissions-administratives-paritaires-avis-aux-elections-des-membres-representants-des-ats\/#primaryimage"},"thumbnailUrl":"https:\/\/www.ummto.dz\/fs\/wp-content\/uploads\/2025\/02\/ATS-ats.webp","datePublished":"2025-02-14T21:58:51+00:00","dateModified":"2025-02-14T22:14:39+00:00","author":{"@id":"https:\/\/www.ummto.dz\/fs\/#\/schema\/person\/c9a513e99831aef4c20b627eb305eb4a"},"breadcrumb":{"@id":"https:\/\/www.ummto.dz\/fs\/commissions-administratives-paritaires-avis-aux-elections-des-membres-representants-des-ats\/#breadcrumb"},"inLanguage":"fr-FR","potentialAction":[{"@type":"ReadAction","target":["https:\/\/www.ummto.dz\/fs\/commissions-administratives-paritaires-avis-aux-elections-des-membres-representants-des-ats\/"]}]},{"@type":"ImageObject","inLanguage":"fr-FR","@id":"https:\/\/www.ummto.dz\/fs\/commissions-administratives-paritaires-avis-aux-elections-des-membres-representants-des-ats\/#primaryimage","url":"https:\/\/www.ummto.dz\/fs\/wp-content\/uploads\/2025\/02\/ATS-ats.webp","contentUrl":"https:\/\/www.ummto.dz\/fs\/wp-content\/uploads\/2025\/02\/ATS-ats.webp","width":250,"height":250},{"@type":"BreadcrumbList","@id":"https:\/\/www.ummto.dz\/fs\/commissions-administratives-paritaires-avis-aux-elections-des-membres-representants-des-ats\/#breadcrumb","itemListElement":[{"@type":"ListItem","position":1,"name":"Accueil","item":"https:\/\/www.ummto.dz\/fs\/"},{"@type":"ListItem","position":2,"name":"Commissions Administratives Paritaires :\u00a0Avis aux \u00e9lections des membres repr\u00e9sentants\u00a0des ATS\u00a0"}]},{"@type":"WebSite","@id":"https:\/\/www.ummto.dz\/fs\/#website","url":"https:\/\/www.ummto.dz\/fs\/","name":"Facult\u00e9 des Sciences","description":"universit\u00e9 Moulous Mammeri de Tizi-Ouzou","potentialAction":[{"@type":"SearchAction","target":{"@type":"EntryPoint","urlTemplate":"https:\/\/www.ummto.dz\/fs\/?s={search_term_string}"},"query-input":{"@type":"PropertyValueSpecification","valueRequired":true,"valueName":"search_term_string"}}],"inLanguage":"fr-FR"},{"@type":"Person","@id":"https:\/\/www.ummto.dz\/fs\/#\/schema\/person\/c9a513e99831aef4c20b627eb305eb4a","name":"FS","url":"https:\/\/www.ummto.dz\/fs\/author\/fs\/"}]}},"_links":{"self":[{"href":"https:\/\/www.ummto.dz\/fs\/wp-json\/wp\/v2\/posts\/26456","targetHints":{"allow":["GET"]}}],"collection":[{"href":"https:\/\/www.ummto.dz\/fs\/wp-json\/wp\/v2\/posts"}],"about":[{"href":"https:\/\/www.ummto.dz\/fs\/wp-json\/wp\/v2\/types\/post"}],"author":[{"embeddable":true,"href":"https:\/\/www.ummto.dz\/fs\/wp-json\/wp\/v2\/users\/13"}],"replies":[{"embeddable":true,"href":"https:\/\/www.ummto.dz\/fs\/wp-json\/wp\/v2\/comments?post=26456"}],"version-history":[{"count":7,"href":"https:\/\/www.ummto.dz\/fs\/wp-json\/wp\/v2\/posts\/26456\/revisions"}],"predecessor-version":[{"id":26469,"href":"https:\/\/www.ummto.dz\/fs\/wp-json\/wp\/v2\/posts\/26456\/revisions\/26469"}],"wp:featuredmedia":[{"embeddable":true,"href":"https:\/\/www.ummto.dz\/fs\/wp-json\/wp\/v2\/media\/26465"}],"wp:attachment":[{"href":"https:\/\/www.ummto.dz\/fs\/wp-json\/wp\/v2\/media?parent=26456"}],"wp:term":[{"taxonomy":"category","embeddable":true,"href":"https:\/\/www.ummto.dz\/fs\/wp-json\/wp\/v2\/categories?post=26456"},{"taxonomy":"post_tag","embeddable":true,"href":"https:\/\/www.ummto.dz\/fs\/wp-json\/wp\/v2\/tags?post=26456"}],"curies":[{"name":"wp","href":"https:\/\/api.w.org\/{rel}","templated":true}]}}