{"id":26493,"date":"2025-02-17T10:18:47","date_gmt":"2025-02-17T09:18:47","guid":{"rendered":"https:\/\/www.ummto.dz\/fs\/?p=26493"},"modified":"2025-02-17T10:18:48","modified_gmt":"2025-02-17T09:18:48","slug":"renouvellement-de-la-commission-des-oeuvres-sociales","status":"publish","type":"post","link":"https:\/\/www.ummto.dz\/fs\/renouvellement-de-la-commission-des-oeuvres-sociales\/","title":{"rendered":"Renouvellement de la Commission des \u0153uvres sociales"},"content":{"rendered":"<p>[et_pb_section fb_built=\u00a0\u00bb1&Prime; theme_builder_area=\u00a0\u00bbpost_content\u00a0\u00bb _builder_version=\u00a0\u00bb4.27.4&Prime; _module_preset=\u00a0\u00bbdefault\u00a0\u00bb][et_pb_row _builder_version=\u00a0\u00bb4.27.4&Prime; _module_preset=\u00a0\u00bbdefault\u00a0\u00bb theme_builder_area=\u00a0\u00bbpost_content\u00a0\u00bb width=\u00a0\u00bb120%\u00a0\u00bb hover_enabled=\u00a0\u00bb0&Prime; sticky_enabled=\u00a0\u00bb0&Prime;][et_pb_column _builder_version=\u00a0\u00bb4.27.4&Prime; _module_preset=\u00a0\u00bbdefault\u00a0\u00bb type=\u00a0\u00bb4_4&Prime; theme_builder_area=\u00a0\u00bbpost_content\u00a0\u00bb][et_pb_accordion _builder_version=\u00a0\u00bb4.27.4&Prime; _module_preset=\u00a0\u00bbdefault\u00a0\u00bb theme_builder_area=\u00a0\u00bbpost_content\u00a0\u00bb hover_enabled=\u00a0\u00bb0&Prime; sticky_enabled=\u00a0\u00bb0&Prime; width=\u00a0\u00bb100%\u00a0\u00bb][et_pb_accordion_item title=\u00a0\u00bbRenouvellement de la Commission des \u0153uvres sociales\u00a0\u00bb _builder_version=\u00a0\u00bb4.27.4&Prime; _module_preset=\u00a0\u00bbdefault\u00a0\u00bb open=\u00a0\u00bbon\u00a0\u00bb theme_builder_area=\u00a0\u00bbpost_content\u00a0\u00bb border_color_all=\u00a0\u00bb#0C71C3&Prime; box_shadow_style=\u00a0\u00bbpreset5&Prime; hover_enabled=\u00a0\u00bb0&Prime; sticky_enabled=\u00a0\u00bb0&Prime; toggle_text_color=\u00a0\u00bb#0C71C3&Prime;]<\/p>\n<div>\n<p style=\"text-align: justify\"><span style=\"color: #000080\">Dans le cadre du renouvellement de la commission des oeuvres sociales de l&rsquo;universit\u00e9 Mouloud MAMMERI de Tizi-Ouzou, les personnels:\u00a0 <strong>Enseignants<\/strong>, <strong>ATS<\/strong> et <strong>Contractuels<\/strong> sont invit\u00e9s \u00e0 remplir leur fiche de candidature<\/span><\/p>\n<p style=\"text-align: justify\"><span style=\"color: #000080\">aux \u00e9lections au niveau du service des personnels de la facult\u00e9 du <span style=\"color: #ff0000\"><strong>16\/02\/2025<\/strong><\/span> au <strong><span style=\"color: #ff0000\">02\/03\/2025.<\/span><\/strong><\/span><\/p>\n<p style=\"text-align: justify\"><span style=\"color: #000080\"><strong><span style=\"color: #ff0000\">T\u00e9l\u00e9charger : <a href=\"https:\/\/www.ummto.dz\/fs\/wp-content\/uploads\/2025\/02\/Fiche-de-candidature-COS-2025.pdf\" rel=\"attachment wp-att-26498\">Fiche de candidature COS 2025<\/a><\/span><\/strong><\/span><\/p>\n<\/div>\n<p>&nbsp;<\/p>\n<p>[\/et_pb_accordion_item][\/et_pb_accordion][\/et_pb_column][\/et_pb_row][\/et_pb_section]<\/p>\n","protected":false},"excerpt":{"rendered":"<p>Dans le cadre du renouvellement de la commission des oeuvres sociales de l&rsquo;universit\u00e9 Mouloud MAMMERI de Tizi-Ouzou, les personnels:\u00a0 Enseignants, ATS et Contractuels sont invit\u00e9s \u00e0 remplir leur fiche de candidature aux \u00e9lections au niveau du service des personnels de la facult\u00e9 du 16\/02\/2025 au 02\/03\/2025. T\u00e9l\u00e9charger : Fiche de candidature COS 2025 &nbsp;<\/p>\n","protected":false},"author":13,"featured_media":26495,"comment_status":"closed","ping_status":"closed","sticky":false,"template":"","format":"standard","meta":{"_et_pb_use_builder":"on","_et_pb_old_content":"","_et_gb_content_width":"","footnotes":""},"categories":[1],"tags":[],"class_list":["post-26493","post","type-post","status-publish","format-standard","has-post-thumbnail","hentry","category-non-classe"],"yoast_head":"<!-- This site is optimized with the Yoast SEO plugin v27.3 - https:\/\/yoast.com\/product\/yoast-seo-wordpress\/ -->\n<title>Renouvellement de la Commission des \u0153uvres sociales - Facult\u00e9 des Sciences<\/title>\n<meta name=\"robots\" content=\"index, follow, max-snippet:-1, max-image-preview:large, max-video-preview:-1\" \/>\n<link rel=\"canonical\" href=\"https:\/\/www.ummto.dz\/fs\/renouvellement-de-la-commission-des-oeuvres-sociales\/\" \/>\n<meta property=\"og:locale\" content=\"fr_FR\" \/>\n<meta property=\"og:type\" content=\"article\" \/>\n<meta property=\"og:title\" content=\"Renouvellement de la Commission des \u0153uvres sociales - Facult\u00e9 des Sciences\" \/>\n<meta property=\"og:description\" content=\"Dans le cadre du renouvellement de la commission des oeuvres sociales de l&#039;universit\u00e9 Mouloud MAMMERI de Tizi-Ouzou, les personnels:\u00a0 Enseignants, ATS et Contractuels sont invit\u00e9s \u00e0 remplir leur fiche de candidature aux \u00e9lections au niveau du service des personnels de la facult\u00e9 du 16\/02\/2025 au 02\/03\/2025. T\u00e9l\u00e9charger : Fiche de candidature COS 2025 &nbsp;\" \/>\n<meta property=\"og:url\" content=\"https:\/\/www.ummto.dz\/fs\/renouvellement-de-la-commission-des-oeuvres-sociales\/\" \/>\n<meta property=\"og:site_name\" content=\"Facult\u00e9 des Sciences\" \/>\n<meta property=\"article:published_time\" content=\"2025-02-17T09:18:47+00:00\" \/>\n<meta property=\"article:modified_time\" content=\"2025-02-17T09:18:48+00:00\" \/>\n<meta property=\"og:image\" content=\"https:\/\/www.ummto.dz\/fs\/wp-content\/uploads\/2025\/02\/telecharger.jpg\" \/>\n\t<meta property=\"og:image:width\" content=\"300\" \/>\n\t<meta property=\"og:image:height\" content=\"116\" \/>\n\t<meta property=\"og:image:type\" content=\"image\/jpeg\" \/>\n<meta name=\"author\" content=\"FS\" \/>\n<meta name=\"twitter:card\" content=\"summary_large_image\" \/>\n<meta name=\"twitter:label1\" content=\"\u00c9crit par\" \/>\n\t<meta name=\"twitter:data1\" content=\"FS\" \/>\n\t<meta name=\"twitter:label2\" content=\"Dur\u00e9e de lecture estim\u00e9e\" \/>\n\t<meta name=\"twitter:data2\" content=\"1 minute\" \/>\n<script type=\"application\/ld+json\" class=\"yoast-schema-graph\">{\"@context\":\"https:\\\/\\\/schema.org\",\"@graph\":[{\"@type\":\"Article\",\"@id\":\"https:\\\/\\\/www.ummto.dz\\\/fs\\\/renouvellement-de-la-commission-des-oeuvres-sociales\\\/#article\",\"isPartOf\":{\"@id\":\"https:\\\/\\\/www.ummto.dz\\\/fs\\\/renouvellement-de-la-commission-des-oeuvres-sociales\\\/\"},\"author\":{\"name\":\"FS\",\"@id\":\"https:\\\/\\\/www.ummto.dz\\\/fs\\\/#\\\/schema\\\/person\\\/c9a513e99831aef4c20b627eb305eb4a\"},\"headline\":\"Renouvellement de la Commission des \u0153uvres sociales\",\"datePublished\":\"2025-02-17T09:18:47+00:00\",\"dateModified\":\"2025-02-17T09:18:48+00:00\",\"mainEntityOfPage\":{\"@id\":\"https:\\\/\\\/www.ummto.dz\\\/fs\\\/renouvellement-de-la-commission-des-oeuvres-sociales\\\/\"},\"wordCount\":183,\"image\":{\"@id\":\"https:\\\/\\\/www.ummto.dz\\\/fs\\\/renouvellement-de-la-commission-des-oeuvres-sociales\\\/#primaryimage\"},\"thumbnailUrl\":\"https:\\\/\\\/www.ummto.dz\\\/fs\\\/wp-content\\\/uploads\\\/2025\\\/02\\\/telecharger.jpg\",\"articleSection\":[\"Actualit\u00e9\"],\"inLanguage\":\"fr-FR\"},{\"@type\":\"WebPage\",\"@id\":\"https:\\\/\\\/www.ummto.dz\\\/fs\\\/renouvellement-de-la-commission-des-oeuvres-sociales\\\/\",\"url\":\"https:\\\/\\\/www.ummto.dz\\\/fs\\\/renouvellement-de-la-commission-des-oeuvres-sociales\\\/\",\"name\":\"Renouvellement de la Commission des \u0153uvres sociales - Facult\u00e9 des Sciences\",\"isPartOf\":{\"@id\":\"https:\\\/\\\/www.ummto.dz\\\/fs\\\/#website\"},\"primaryImageOfPage\":{\"@id\":\"https:\\\/\\\/www.ummto.dz\\\/fs\\\/renouvellement-de-la-commission-des-oeuvres-sociales\\\/#primaryimage\"},\"image\":{\"@id\":\"https:\\\/\\\/www.ummto.dz\\\/fs\\\/renouvellement-de-la-commission-des-oeuvres-sociales\\\/#primaryimage\"},\"thumbnailUrl\":\"https:\\\/\\\/www.ummto.dz\\\/fs\\\/wp-content\\\/uploads\\\/2025\\\/02\\\/telecharger.jpg\",\"datePublished\":\"2025-02-17T09:18:47+00:00\",\"dateModified\":\"2025-02-17T09:18:48+00:00\",\"author\":{\"@id\":\"https:\\\/\\\/www.ummto.dz\\\/fs\\\/#\\\/schema\\\/person\\\/c9a513e99831aef4c20b627eb305eb4a\"},\"breadcrumb\":{\"@id\":\"https:\\\/\\\/www.ummto.dz\\\/fs\\\/renouvellement-de-la-commission-des-oeuvres-sociales\\\/#breadcrumb\"},\"inLanguage\":\"fr-FR\",\"potentialAction\":[{\"@type\":\"ReadAction\",\"target\":[\"https:\\\/\\\/www.ummto.dz\\\/fs\\\/renouvellement-de-la-commission-des-oeuvres-sociales\\\/\"]}]},{\"@type\":\"ImageObject\",\"inLanguage\":\"fr-FR\",\"@id\":\"https:\\\/\\\/www.ummto.dz\\\/fs\\\/renouvellement-de-la-commission-des-oeuvres-sociales\\\/#primaryimage\",\"url\":\"https:\\\/\\\/www.ummto.dz\\\/fs\\\/wp-content\\\/uploads\\\/2025\\\/02\\\/telecharger.jpg\",\"contentUrl\":\"https:\\\/\\\/www.ummto.dz\\\/fs\\\/wp-content\\\/uploads\\\/2025\\\/02\\\/telecharger.jpg\",\"width\":300,\"height\":116},{\"@type\":\"BreadcrumbList\",\"@id\":\"https:\\\/\\\/www.ummto.dz\\\/fs\\\/renouvellement-de-la-commission-des-oeuvres-sociales\\\/#breadcrumb\",\"itemListElement\":[{\"@type\":\"ListItem\",\"position\":1,\"name\":\"Accueil\",\"item\":\"https:\\\/\\\/www.ummto.dz\\\/fs\\\/\"},{\"@type\":\"ListItem\",\"position\":2,\"name\":\"Renouvellement de la Commission des \u0153uvres sociales\"}]},{\"@type\":\"WebSite\",\"@id\":\"https:\\\/\\\/www.ummto.dz\\\/fs\\\/#website\",\"url\":\"https:\\\/\\\/www.ummto.dz\\\/fs\\\/\",\"name\":\"Facult\u00e9 des Sciences\",\"description\":\"universit\u00e9 Moulous Mammeri de Tizi-Ouzou\",\"potentialAction\":[{\"@type\":\"SearchAction\",\"target\":{\"@type\":\"EntryPoint\",\"urlTemplate\":\"https:\\\/\\\/www.ummto.dz\\\/fs\\\/?s={search_term_string}\"},\"query-input\":{\"@type\":\"PropertyValueSpecification\",\"valueRequired\":true,\"valueName\":\"search_term_string\"}}],\"inLanguage\":\"fr-FR\"},{\"@type\":\"Person\",\"@id\":\"https:\\\/\\\/www.ummto.dz\\\/fs\\\/#\\\/schema\\\/person\\\/c9a513e99831aef4c20b627eb305eb4a\",\"name\":\"FS\",\"url\":\"https:\\\/\\\/www.ummto.dz\\\/fs\\\/author\\\/fs\\\/\"}]}<\/script>\n<!-- \/ Yoast SEO plugin. -->","yoast_head_json":{"title":"Renouvellement de la Commission des \u0153uvres sociales - Facult\u00e9 des Sciences","robots":{"index":"index","follow":"follow","max-snippet":"max-snippet:-1","max-image-preview":"max-image-preview:large","max-video-preview":"max-video-preview:-1"},"canonical":"https:\/\/www.ummto.dz\/fs\/renouvellement-de-la-commission-des-oeuvres-sociales\/","og_locale":"fr_FR","og_type":"article","og_title":"Renouvellement de la Commission des \u0153uvres sociales - Facult\u00e9 des Sciences","og_description":"Dans le cadre du renouvellement de la commission des oeuvres sociales de l'universit\u00e9 Mouloud MAMMERI de Tizi-Ouzou, les personnels:\u00a0 Enseignants, ATS et Contractuels sont invit\u00e9s \u00e0 remplir leur fiche de candidature aux \u00e9lections au niveau du service des personnels de la facult\u00e9 du 16\/02\/2025 au 02\/03\/2025. T\u00e9l\u00e9charger : Fiche de candidature COS 2025 &nbsp;","og_url":"https:\/\/www.ummto.dz\/fs\/renouvellement-de-la-commission-des-oeuvres-sociales\/","og_site_name":"Facult\u00e9 des Sciences","article_published_time":"2025-02-17T09:18:47+00:00","article_modified_time":"2025-02-17T09:18:48+00:00","og_image":[{"width":300,"height":116,"url":"https:\/\/www.ummto.dz\/fs\/wp-content\/uploads\/2025\/02\/telecharger.jpg","type":"image\/jpeg"}],"author":"FS","twitter_card":"summary_large_image","twitter_misc":{"\u00c9crit par":"FS","Dur\u00e9e de lecture estim\u00e9e":"1 minute"},"schema":{"@context":"https:\/\/schema.org","@graph":[{"@type":"Article","@id":"https:\/\/www.ummto.dz\/fs\/renouvellement-de-la-commission-des-oeuvres-sociales\/#article","isPartOf":{"@id":"https:\/\/www.ummto.dz\/fs\/renouvellement-de-la-commission-des-oeuvres-sociales\/"},"author":{"name":"FS","@id":"https:\/\/www.ummto.dz\/fs\/#\/schema\/person\/c9a513e99831aef4c20b627eb305eb4a"},"headline":"Renouvellement de la Commission des \u0153uvres sociales","datePublished":"2025-02-17T09:18:47+00:00","dateModified":"2025-02-17T09:18:48+00:00","mainEntityOfPage":{"@id":"https:\/\/www.ummto.dz\/fs\/renouvellement-de-la-commission-des-oeuvres-sociales\/"},"wordCount":183,"image":{"@id":"https:\/\/www.ummto.dz\/fs\/renouvellement-de-la-commission-des-oeuvres-sociales\/#primaryimage"},"thumbnailUrl":"https:\/\/www.ummto.dz\/fs\/wp-content\/uploads\/2025\/02\/telecharger.jpg","articleSection":["Actualit\u00e9"],"inLanguage":"fr-FR"},{"@type":"WebPage","@id":"https:\/\/www.ummto.dz\/fs\/renouvellement-de-la-commission-des-oeuvres-sociales\/","url":"https:\/\/www.ummto.dz\/fs\/renouvellement-de-la-commission-des-oeuvres-sociales\/","name":"Renouvellement de la Commission des \u0153uvres sociales - Facult\u00e9 des Sciences","isPartOf":{"@id":"https:\/\/www.ummto.dz\/fs\/#website"},"primaryImageOfPage":{"@id":"https:\/\/www.ummto.dz\/fs\/renouvellement-de-la-commission-des-oeuvres-sociales\/#primaryimage"},"image":{"@id":"https:\/\/www.ummto.dz\/fs\/renouvellement-de-la-commission-des-oeuvres-sociales\/#primaryimage"},"thumbnailUrl":"https:\/\/www.ummto.dz\/fs\/wp-content\/uploads\/2025\/02\/telecharger.jpg","datePublished":"2025-02-17T09:18:47+00:00","dateModified":"2025-02-17T09:18:48+00:00","author":{"@id":"https:\/\/www.ummto.dz\/fs\/#\/schema\/person\/c9a513e99831aef4c20b627eb305eb4a"},"breadcrumb":{"@id":"https:\/\/www.ummto.dz\/fs\/renouvellement-de-la-commission-des-oeuvres-sociales\/#breadcrumb"},"inLanguage":"fr-FR","potentialAction":[{"@type":"ReadAction","target":["https:\/\/www.ummto.dz\/fs\/renouvellement-de-la-commission-des-oeuvres-sociales\/"]}]},{"@type":"ImageObject","inLanguage":"fr-FR","@id":"https:\/\/www.ummto.dz\/fs\/renouvellement-de-la-commission-des-oeuvres-sociales\/#primaryimage","url":"https:\/\/www.ummto.dz\/fs\/wp-content\/uploads\/2025\/02\/telecharger.jpg","contentUrl":"https:\/\/www.ummto.dz\/fs\/wp-content\/uploads\/2025\/02\/telecharger.jpg","width":300,"height":116},{"@type":"BreadcrumbList","@id":"https:\/\/www.ummto.dz\/fs\/renouvellement-de-la-commission-des-oeuvres-sociales\/#breadcrumb","itemListElement":[{"@type":"ListItem","position":1,"name":"Accueil","item":"https:\/\/www.ummto.dz\/fs\/"},{"@type":"ListItem","position":2,"name":"Renouvellement de la Commission des \u0153uvres sociales"}]},{"@type":"WebSite","@id":"https:\/\/www.ummto.dz\/fs\/#website","url":"https:\/\/www.ummto.dz\/fs\/","name":"Facult\u00e9 des Sciences","description":"universit\u00e9 Moulous Mammeri de Tizi-Ouzou","potentialAction":[{"@type":"SearchAction","target":{"@type":"EntryPoint","urlTemplate":"https:\/\/www.ummto.dz\/fs\/?s={search_term_string}"},"query-input":{"@type":"PropertyValueSpecification","valueRequired":true,"valueName":"search_term_string"}}],"inLanguage":"fr-FR"},{"@type":"Person","@id":"https:\/\/www.ummto.dz\/fs\/#\/schema\/person\/c9a513e99831aef4c20b627eb305eb4a","name":"FS","url":"https:\/\/www.ummto.dz\/fs\/author\/fs\/"}]}},"_links":{"self":[{"href":"https:\/\/www.ummto.dz\/fs\/wp-json\/wp\/v2\/posts\/26493","targetHints":{"allow":["GET"]}}],"collection":[{"href":"https:\/\/www.ummto.dz\/fs\/wp-json\/wp\/v2\/posts"}],"about":[{"href":"https:\/\/www.ummto.dz\/fs\/wp-json\/wp\/v2\/types\/post"}],"author":[{"embeddable":true,"href":"https:\/\/www.ummto.dz\/fs\/wp-json\/wp\/v2\/users\/13"}],"replies":[{"embeddable":true,"href":"https:\/\/www.ummto.dz\/fs\/wp-json\/wp\/v2\/comments?post=26493"}],"version-history":[{"count":2,"href":"https:\/\/www.ummto.dz\/fs\/wp-json\/wp\/v2\/posts\/26493\/revisions"}],"predecessor-version":[{"id":26499,"href":"https:\/\/www.ummto.dz\/fs\/wp-json\/wp\/v2\/posts\/26493\/revisions\/26499"}],"wp:featuredmedia":[{"embeddable":true,"href":"https:\/\/www.ummto.dz\/fs\/wp-json\/wp\/v2\/media\/26495"}],"wp:attachment":[{"href":"https:\/\/www.ummto.dz\/fs\/wp-json\/wp\/v2\/media?parent=26493"}],"wp:term":[{"taxonomy":"category","embeddable":true,"href":"https:\/\/www.ummto.dz\/fs\/wp-json\/wp\/v2\/categories?post=26493"},{"taxonomy":"post_tag","embeddable":true,"href":"https:\/\/www.ummto.dz\/fs\/wp-json\/wp\/v2\/tags?post=26493"}],"curies":[{"name":"wp","href":"https:\/\/api.w.org\/{rel}","templated":true}]}}