{"id":27598,"date":"2025-05-15T10:58:43","date_gmt":"2025-05-15T08:58:43","guid":{"rendered":"https:\/\/www.ummto.dz\/fs\/?p=27598"},"modified":"2025-05-15T11:29:06","modified_gmt":"2025-05-15T09:29:06","slug":"avis-au-personnel-ats-categories-09-et-10-renouvellement-de-la-commission-administrative-paritaire-n2","status":"publish","type":"post","link":"https:\/\/www.ummto.dz\/fs\/avis-au-personnel-ats-categories-09-et-10-renouvellement-de-la-commission-administrative-paritaire-n2\/","title":{"rendered":"AVIS au\u00a0personnel ATS (Cat\u00e9gories 09 et 10): \u00a0Renouvellement de la commission administrative paritaire N\u00b02"},"content":{"rendered":"\n[et_pb_section fb_built=\u00a0\u00bb1&Prime; theme_builder_area=\u00a0\u00bbpost_content\u00a0\u00bb _builder_version=\u00a0\u00bb4.27.4&Prime; _module_preset=\u00a0\u00bbdefault\u00a0\u00bb][et_pb_row _builder_version=\u00a0\u00bb4.27.4&Prime; _module_preset=\u00a0\u00bbdefault\u00a0\u00bb theme_builder_area=\u00a0\u00bbpost_content\u00a0\u00bb custom_padding=\u00a0\u00bb|0px||||\u00a0\u00bb custom_margin=\u00a0\u00bb|-3px||auto||\u00a0\u00bb width=\u00a0\u00bb110%\u00a0\u00bb hover_enabled=\u00a0\u00bb0&Prime; sticky_enabled=\u00a0\u00bb0&Prime;][et_pb_column _builder_version=\u00a0\u00bb4.27.4&Prime; _module_preset=\u00a0\u00bbdefault\u00a0\u00bb type=\u00a0\u00bb4_4&Prime; theme_builder_area=\u00a0\u00bbpost_content\u00a0\u00bb][et_pb_accordion _builder_version=\u00a0\u00bb4.27.4&Prime; _module_preset=\u00a0\u00bbdefault\u00a0\u00bb theme_builder_area=\u00a0\u00bbpost_content\u00a0\u00bb hover_enabled=\u00a0\u00bb0&Prime; sticky_enabled=\u00a0\u00bb0&Prime;][et_pb_accordion_item title=\u00a0\u00bbAVIS au personnel ATS (Cat\u00e9gories 09 et 10) : Renouvellement de la commission administrative paritaire N\u00b02  \u00a0\u00bb _builder_version=\u00a0\u00bb4.27.4&Prime; _module_preset=\u00a0\u00bbdefault\u00a0\u00bb open=\u00a0\u00bbon\u00a0\u00bb theme_builder_area=\u00a0\u00bbpost_content\u00a0\u00bb hover_enabled=\u00a0\u00bb0&Prime; sticky_enabled=\u00a0\u00bb0&Prime;]<div class=\"gmail_quote\"><span style=\"color: #333399\"><span style=\"font-size: large\">Dans le cadre du renouvellement de la\u00a0<span style=\"color: #000080\"><b>commission administrative paritaire\u00a0No2<\/b><\/span>, les fonctionnaires ATS de la facult\u00e9 des sciences de I&rsquo;universit\u00e9 Mouloud MAMMERI de Tizi-Ouzou,\u00a0<span style=\"color: #ff0000\"><b>cat\u00e9gories\u00a0<\/b><\/span><\/span><b><span style=\"color: #ff0000\">9<\/span> et <span style=\"color: #ff0000\">10<\/span><\/b>, qui souhaitent d\u00e9poser leurs candidatures sont invit\u00e9s \u00e0\u00a0<span style=\"color: #ff0000\"><span style=\"color: #000080\"><b>d\u00e9poser la fiche\u00a0<\/b><b>de candidature<\/b><\/span>\u00a0<\/span>aux \u00e9lections de la dite commission au niveau du\u00a0<span style=\"color: #000080\"><b>service du personnel de la facult\u00e9<\/b><\/span>\u00a0du\u00a0<span style=\"color: #ff0000\"><b>14\/05\/2025\u00a0<\/b><\/span>au\u00a0<span style=\"color: #ff0000\"><b>27\/05\/2025<\/b><\/span>.<\/span><\/div>\n<div class=\"gmail_quote\"><span style=\"color: #333399\"><\/span><\/div>\n<div class=\"gmail_quote\"><span style=\"color: #333399\"><a href=\"https:\/\/www.ummto.dz\/fs\/wp-content\/uploads\/2025\/05\/Avis-candidature-commi-ATS-02-.pdf\" rel=\"attachment wp-att-27601\">Avis candidature commi ATS 02<\/a><\/span><\/div>\n<div class=\"gmail_quote\">\n<div><span style=\"font-size: large;color: #333399\">\u00a0\u00a0<\/span><\/div>\n<\/div>[\/et_pb_accordion_item][\/et_pb_accordion][\/et_pb_column][\/et_pb_row][\/et_pb_section]\n","protected":false},"excerpt":{"rendered":"<p>Dans le cadre du renouvellement de la\u00a0commission administrative paritaire\u00a0No2, les fonctionnaires ATS de la facult\u00e9 des sciences de I&rsquo;universit\u00e9 Mouloud MAMMERI de Tizi-Ouzou,\u00a0cat\u00e9gories\u00a09 et 10, qui souhaitent d\u00e9poser leurs candidatures sont invit\u00e9s \u00e0\u00a0d\u00e9poser la fiche\u00a0de candidature\u00a0aux \u00e9lections de la dite commission au niveau du\u00a0service du personnel de la facult\u00e9\u00a0du\u00a014\/05\/2025\u00a0au\u00a027\/05\/2025. Avis candidature commi ATS 02 \u00a0\u00a0<\/p>\n","protected":false},"author":13,"featured_media":26465,"comment_status":"closed","ping_status":"closed","sticky":false,"template":"","format":"standard","meta":{"_et_pb_use_builder":"on","_et_pb_old_content":"","_et_gb_content_width":"","footnotes":""},"categories":[1],"tags":[],"class_list":["post-27598","post","type-post","status-publish","format-standard","has-post-thumbnail","hentry","category-non-classe"],"yoast_head":"<!-- This site is optimized with the Yoast SEO plugin v27.3 - https:\/\/yoast.com\/product\/yoast-seo-wordpress\/ -->\n<title>AVIS au\u00a0personnel ATS (Cat\u00e9gories 09 et 10): \u00a0Renouvellement de la commission administrative paritaire N\u00b02 - Facult\u00e9 des Sciences<\/title>\n<meta name=\"robots\" content=\"index, follow, max-snippet:-1, max-image-preview:large, max-video-preview:-1\" \/>\n<link rel=\"canonical\" href=\"https:\/\/www.ummto.dz\/fs\/avis-au-personnel-ats-categories-09-et-10-renouvellement-de-la-commission-administrative-paritaire-n2\/\" \/>\n<meta property=\"og:locale\" content=\"fr_FR\" \/>\n<meta property=\"og:type\" content=\"article\" \/>\n<meta property=\"og:title\" content=\"AVIS au\u00a0personnel ATS (Cat\u00e9gories 09 et 10): \u00a0Renouvellement de la commission administrative paritaire N\u00b02 - Facult\u00e9 des Sciences\" \/>\n<meta property=\"og:description\" content=\"Dans le cadre du renouvellement de la\u00a0commission administrative paritaire\u00a0No2, les fonctionnaires ATS de la facult\u00e9 des sciences de I&#039;universit\u00e9 Mouloud MAMMERI de Tizi-Ouzou,\u00a0cat\u00e9gories\u00a09 et 10, qui souhaitent d\u00e9poser leurs candidatures sont invit\u00e9s \u00e0\u00a0d\u00e9poser la fiche\u00a0de candidature\u00a0aux \u00e9lections de la dite commission au niveau du\u00a0service du personnel de la facult\u00e9\u00a0du\u00a014\/05\/2025\u00a0au\u00a027\/05\/2025. Avis candidature commi ATS 02 \u00a0\u00a0\" \/>\n<meta property=\"og:url\" content=\"https:\/\/www.ummto.dz\/fs\/avis-au-personnel-ats-categories-09-et-10-renouvellement-de-la-commission-administrative-paritaire-n2\/\" \/>\n<meta property=\"og:site_name\" content=\"Facult\u00e9 des Sciences\" \/>\n<meta property=\"article:published_time\" content=\"2025-05-15T08:58:43+00:00\" \/>\n<meta property=\"article:modified_time\" content=\"2025-05-15T09:29:06+00:00\" \/>\n<meta property=\"og:image\" content=\"https:\/\/www.ummto.dz\/fs\/wp-content\/uploads\/2025\/02\/ATS-ats.webp\" \/>\n\t<meta property=\"og:image:width\" content=\"250\" \/>\n\t<meta property=\"og:image:height\" content=\"250\" \/>\n\t<meta property=\"og:image:type\" content=\"image\/webp\" \/>\n<meta name=\"author\" content=\"FS\" \/>\n<meta name=\"twitter:card\" content=\"summary_large_image\" \/>\n<meta name=\"twitter:label1\" content=\"\u00c9crit par\" \/>\n\t<meta name=\"twitter:data1\" content=\"FS\" \/>\n\t<meta name=\"twitter:label2\" content=\"Dur\u00e9e de lecture estim\u00e9e\" \/>\n\t<meta name=\"twitter:data2\" content=\"1 minute\" \/>\n<script type=\"application\/ld+json\" class=\"yoast-schema-graph\">{\"@context\":\"https:\\\/\\\/schema.org\",\"@graph\":[{\"@type\":\"Article\",\"@id\":\"https:\\\/\\\/www.ummto.dz\\\/fs\\\/avis-au-personnel-ats-categories-09-et-10-renouvellement-de-la-commission-administrative-paritaire-n2\\\/#article\",\"isPartOf\":{\"@id\":\"https:\\\/\\\/www.ummto.dz\\\/fs\\\/avis-au-personnel-ats-categories-09-et-10-renouvellement-de-la-commission-administrative-paritaire-n2\\\/\"},\"author\":{\"name\":\"FS\",\"@id\":\"https:\\\/\\\/www.ummto.dz\\\/fs\\\/#\\\/schema\\\/person\\\/c9a513e99831aef4c20b627eb305eb4a\"},\"headline\":\"AVIS au\u00a0personnel ATS (Cat\u00e9gories 09 et 10): \u00a0Renouvellement de la commission administrative paritaire N\u00b02\",\"datePublished\":\"2025-05-15T08:58:43+00:00\",\"dateModified\":\"2025-05-15T09:29:06+00:00\",\"mainEntityOfPage\":{\"@id\":\"https:\\\/\\\/www.ummto.dz\\\/fs\\\/avis-au-personnel-ats-categories-09-et-10-renouvellement-de-la-commission-administrative-paritaire-n2\\\/\"},\"wordCount\":202,\"image\":{\"@id\":\"https:\\\/\\\/www.ummto.dz\\\/fs\\\/avis-au-personnel-ats-categories-09-et-10-renouvellement-de-la-commission-administrative-paritaire-n2\\\/#primaryimage\"},\"thumbnailUrl\":\"https:\\\/\\\/www.ummto.dz\\\/fs\\\/wp-content\\\/uploads\\\/2025\\\/02\\\/ATS-ats.webp\",\"articleSection\":[\"Actualit\u00e9\"],\"inLanguage\":\"fr-FR\"},{\"@type\":\"WebPage\",\"@id\":\"https:\\\/\\\/www.ummto.dz\\\/fs\\\/avis-au-personnel-ats-categories-09-et-10-renouvellement-de-la-commission-administrative-paritaire-n2\\\/\",\"url\":\"https:\\\/\\\/www.ummto.dz\\\/fs\\\/avis-au-personnel-ats-categories-09-et-10-renouvellement-de-la-commission-administrative-paritaire-n2\\\/\",\"name\":\"AVIS au\u00a0personnel ATS (Cat\u00e9gories 09 et 10): \u00a0Renouvellement de la commission administrative paritaire N\u00b02 - Facult\u00e9 des Sciences\",\"isPartOf\":{\"@id\":\"https:\\\/\\\/www.ummto.dz\\\/fs\\\/#website\"},\"primaryImageOfPage\":{\"@id\":\"https:\\\/\\\/www.ummto.dz\\\/fs\\\/avis-au-personnel-ats-categories-09-et-10-renouvellement-de-la-commission-administrative-paritaire-n2\\\/#primaryimage\"},\"image\":{\"@id\":\"https:\\\/\\\/www.ummto.dz\\\/fs\\\/avis-au-personnel-ats-categories-09-et-10-renouvellement-de-la-commission-administrative-paritaire-n2\\\/#primaryimage\"},\"thumbnailUrl\":\"https:\\\/\\\/www.ummto.dz\\\/fs\\\/wp-content\\\/uploads\\\/2025\\\/02\\\/ATS-ats.webp\",\"datePublished\":\"2025-05-15T08:58:43+00:00\",\"dateModified\":\"2025-05-15T09:29:06+00:00\",\"author\":{\"@id\":\"https:\\\/\\\/www.ummto.dz\\\/fs\\\/#\\\/schema\\\/person\\\/c9a513e99831aef4c20b627eb305eb4a\"},\"breadcrumb\":{\"@id\":\"https:\\\/\\\/www.ummto.dz\\\/fs\\\/avis-au-personnel-ats-categories-09-et-10-renouvellement-de-la-commission-administrative-paritaire-n2\\\/#breadcrumb\"},\"inLanguage\":\"fr-FR\",\"potentialAction\":[{\"@type\":\"ReadAction\",\"target\":[\"https:\\\/\\\/www.ummto.dz\\\/fs\\\/avis-au-personnel-ats-categories-09-et-10-renouvellement-de-la-commission-administrative-paritaire-n2\\\/\"]}]},{\"@type\":\"ImageObject\",\"inLanguage\":\"fr-FR\",\"@id\":\"https:\\\/\\\/www.ummto.dz\\\/fs\\\/avis-au-personnel-ats-categories-09-et-10-renouvellement-de-la-commission-administrative-paritaire-n2\\\/#primaryimage\",\"url\":\"https:\\\/\\\/www.ummto.dz\\\/fs\\\/wp-content\\\/uploads\\\/2025\\\/02\\\/ATS-ats.webp\",\"contentUrl\":\"https:\\\/\\\/www.ummto.dz\\\/fs\\\/wp-content\\\/uploads\\\/2025\\\/02\\\/ATS-ats.webp\",\"width\":250,\"height\":250},{\"@type\":\"BreadcrumbList\",\"@id\":\"https:\\\/\\\/www.ummto.dz\\\/fs\\\/avis-au-personnel-ats-categories-09-et-10-renouvellement-de-la-commission-administrative-paritaire-n2\\\/#breadcrumb\",\"itemListElement\":[{\"@type\":\"ListItem\",\"position\":1,\"name\":\"Accueil\",\"item\":\"https:\\\/\\\/www.ummto.dz\\\/fs\\\/\"},{\"@type\":\"ListItem\",\"position\":2,\"name\":\"AVIS au\u00a0personnel ATS (Cat\u00e9gories 09 et 10): \u00a0Renouvellement de la commission administrative paritaire N\u00b02\"}]},{\"@type\":\"WebSite\",\"@id\":\"https:\\\/\\\/www.ummto.dz\\\/fs\\\/#website\",\"url\":\"https:\\\/\\\/www.ummto.dz\\\/fs\\\/\",\"name\":\"Facult\u00e9 des Sciences\",\"description\":\"universit\u00e9 Moulous Mammeri de Tizi-Ouzou\",\"potentialAction\":[{\"@type\":\"SearchAction\",\"target\":{\"@type\":\"EntryPoint\",\"urlTemplate\":\"https:\\\/\\\/www.ummto.dz\\\/fs\\\/?s={search_term_string}\"},\"query-input\":{\"@type\":\"PropertyValueSpecification\",\"valueRequired\":true,\"valueName\":\"search_term_string\"}}],\"inLanguage\":\"fr-FR\"},{\"@type\":\"Person\",\"@id\":\"https:\\\/\\\/www.ummto.dz\\\/fs\\\/#\\\/schema\\\/person\\\/c9a513e99831aef4c20b627eb305eb4a\",\"name\":\"FS\",\"url\":\"https:\\\/\\\/www.ummto.dz\\\/fs\\\/author\\\/fs\\\/\"}]}<\/script>\n<!-- \/ Yoast SEO plugin. -->","yoast_head_json":{"title":"AVIS au\u00a0personnel ATS (Cat\u00e9gories 09 et 10): \u00a0Renouvellement de la commission administrative paritaire N\u00b02 - Facult\u00e9 des Sciences","robots":{"index":"index","follow":"follow","max-snippet":"max-snippet:-1","max-image-preview":"max-image-preview:large","max-video-preview":"max-video-preview:-1"},"canonical":"https:\/\/www.ummto.dz\/fs\/avis-au-personnel-ats-categories-09-et-10-renouvellement-de-la-commission-administrative-paritaire-n2\/","og_locale":"fr_FR","og_type":"article","og_title":"AVIS au\u00a0personnel ATS (Cat\u00e9gories 09 et 10): \u00a0Renouvellement de la commission administrative paritaire N\u00b02 - Facult\u00e9 des Sciences","og_description":"Dans le cadre du renouvellement de la\u00a0commission administrative paritaire\u00a0No2, les fonctionnaires ATS de la facult\u00e9 des sciences de I'universit\u00e9 Mouloud MAMMERI de Tizi-Ouzou,\u00a0cat\u00e9gories\u00a09 et 10, qui souhaitent d\u00e9poser leurs candidatures sont invit\u00e9s \u00e0\u00a0d\u00e9poser la fiche\u00a0de candidature\u00a0aux \u00e9lections de la dite commission au niveau du\u00a0service du personnel de la facult\u00e9\u00a0du\u00a014\/05\/2025\u00a0au\u00a027\/05\/2025. Avis candidature commi ATS 02 \u00a0\u00a0","og_url":"https:\/\/www.ummto.dz\/fs\/avis-au-personnel-ats-categories-09-et-10-renouvellement-de-la-commission-administrative-paritaire-n2\/","og_site_name":"Facult\u00e9 des Sciences","article_published_time":"2025-05-15T08:58:43+00:00","article_modified_time":"2025-05-15T09:29:06+00:00","og_image":[{"width":250,"height":250,"url":"https:\/\/www.ummto.dz\/fs\/wp-content\/uploads\/2025\/02\/ATS-ats.webp","type":"image\/webp"}],"author":"FS","twitter_card":"summary_large_image","twitter_misc":{"\u00c9crit par":"FS","Dur\u00e9e de lecture estim\u00e9e":"1 minute"},"schema":{"@context":"https:\/\/schema.org","@graph":[{"@type":"Article","@id":"https:\/\/www.ummto.dz\/fs\/avis-au-personnel-ats-categories-09-et-10-renouvellement-de-la-commission-administrative-paritaire-n2\/#article","isPartOf":{"@id":"https:\/\/www.ummto.dz\/fs\/avis-au-personnel-ats-categories-09-et-10-renouvellement-de-la-commission-administrative-paritaire-n2\/"},"author":{"name":"FS","@id":"https:\/\/www.ummto.dz\/fs\/#\/schema\/person\/c9a513e99831aef4c20b627eb305eb4a"},"headline":"AVIS au\u00a0personnel ATS (Cat\u00e9gories 09 et 10): \u00a0Renouvellement de la commission administrative paritaire N\u00b02","datePublished":"2025-05-15T08:58:43+00:00","dateModified":"2025-05-15T09:29:06+00:00","mainEntityOfPage":{"@id":"https:\/\/www.ummto.dz\/fs\/avis-au-personnel-ats-categories-09-et-10-renouvellement-de-la-commission-administrative-paritaire-n2\/"},"wordCount":202,"image":{"@id":"https:\/\/www.ummto.dz\/fs\/avis-au-personnel-ats-categories-09-et-10-renouvellement-de-la-commission-administrative-paritaire-n2\/#primaryimage"},"thumbnailUrl":"https:\/\/www.ummto.dz\/fs\/wp-content\/uploads\/2025\/02\/ATS-ats.webp","articleSection":["Actualit\u00e9"],"inLanguage":"fr-FR"},{"@type":"WebPage","@id":"https:\/\/www.ummto.dz\/fs\/avis-au-personnel-ats-categories-09-et-10-renouvellement-de-la-commission-administrative-paritaire-n2\/","url":"https:\/\/www.ummto.dz\/fs\/avis-au-personnel-ats-categories-09-et-10-renouvellement-de-la-commission-administrative-paritaire-n2\/","name":"AVIS au\u00a0personnel ATS (Cat\u00e9gories 09 et 10): \u00a0Renouvellement de la commission administrative paritaire N\u00b02 - Facult\u00e9 des Sciences","isPartOf":{"@id":"https:\/\/www.ummto.dz\/fs\/#website"},"primaryImageOfPage":{"@id":"https:\/\/www.ummto.dz\/fs\/avis-au-personnel-ats-categories-09-et-10-renouvellement-de-la-commission-administrative-paritaire-n2\/#primaryimage"},"image":{"@id":"https:\/\/www.ummto.dz\/fs\/avis-au-personnel-ats-categories-09-et-10-renouvellement-de-la-commission-administrative-paritaire-n2\/#primaryimage"},"thumbnailUrl":"https:\/\/www.ummto.dz\/fs\/wp-content\/uploads\/2025\/02\/ATS-ats.webp","datePublished":"2025-05-15T08:58:43+00:00","dateModified":"2025-05-15T09:29:06+00:00","author":{"@id":"https:\/\/www.ummto.dz\/fs\/#\/schema\/person\/c9a513e99831aef4c20b627eb305eb4a"},"breadcrumb":{"@id":"https:\/\/www.ummto.dz\/fs\/avis-au-personnel-ats-categories-09-et-10-renouvellement-de-la-commission-administrative-paritaire-n2\/#breadcrumb"},"inLanguage":"fr-FR","potentialAction":[{"@type":"ReadAction","target":["https:\/\/www.ummto.dz\/fs\/avis-au-personnel-ats-categories-09-et-10-renouvellement-de-la-commission-administrative-paritaire-n2\/"]}]},{"@type":"ImageObject","inLanguage":"fr-FR","@id":"https:\/\/www.ummto.dz\/fs\/avis-au-personnel-ats-categories-09-et-10-renouvellement-de-la-commission-administrative-paritaire-n2\/#primaryimage","url":"https:\/\/www.ummto.dz\/fs\/wp-content\/uploads\/2025\/02\/ATS-ats.webp","contentUrl":"https:\/\/www.ummto.dz\/fs\/wp-content\/uploads\/2025\/02\/ATS-ats.webp","width":250,"height":250},{"@type":"BreadcrumbList","@id":"https:\/\/www.ummto.dz\/fs\/avis-au-personnel-ats-categories-09-et-10-renouvellement-de-la-commission-administrative-paritaire-n2\/#breadcrumb","itemListElement":[{"@type":"ListItem","position":1,"name":"Accueil","item":"https:\/\/www.ummto.dz\/fs\/"},{"@type":"ListItem","position":2,"name":"AVIS au\u00a0personnel ATS (Cat\u00e9gories 09 et 10): \u00a0Renouvellement de la commission administrative paritaire N\u00b02"}]},{"@type":"WebSite","@id":"https:\/\/www.ummto.dz\/fs\/#website","url":"https:\/\/www.ummto.dz\/fs\/","name":"Facult\u00e9 des Sciences","description":"universit\u00e9 Moulous Mammeri de Tizi-Ouzou","potentialAction":[{"@type":"SearchAction","target":{"@type":"EntryPoint","urlTemplate":"https:\/\/www.ummto.dz\/fs\/?s={search_term_string}"},"query-input":{"@type":"PropertyValueSpecification","valueRequired":true,"valueName":"search_term_string"}}],"inLanguage":"fr-FR"},{"@type":"Person","@id":"https:\/\/www.ummto.dz\/fs\/#\/schema\/person\/c9a513e99831aef4c20b627eb305eb4a","name":"FS","url":"https:\/\/www.ummto.dz\/fs\/author\/fs\/"}]}},"_links":{"self":[{"href":"https:\/\/www.ummto.dz\/fs\/wp-json\/wp\/v2\/posts\/27598","targetHints":{"allow":["GET"]}}],"collection":[{"href":"https:\/\/www.ummto.dz\/fs\/wp-json\/wp\/v2\/posts"}],"about":[{"href":"https:\/\/www.ummto.dz\/fs\/wp-json\/wp\/v2\/types\/post"}],"author":[{"embeddable":true,"href":"https:\/\/www.ummto.dz\/fs\/wp-json\/wp\/v2\/users\/13"}],"replies":[{"embeddable":true,"href":"https:\/\/www.ummto.dz\/fs\/wp-json\/wp\/v2\/comments?post=27598"}],"version-history":[{"count":3,"href":"https:\/\/www.ummto.dz\/fs\/wp-json\/wp\/v2\/posts\/27598\/revisions"}],"predecessor-version":[{"id":27603,"href":"https:\/\/www.ummto.dz\/fs\/wp-json\/wp\/v2\/posts\/27598\/revisions\/27603"}],"wp:featuredmedia":[{"embeddable":true,"href":"https:\/\/www.ummto.dz\/fs\/wp-json\/wp\/v2\/media\/26465"}],"wp:attachment":[{"href":"https:\/\/www.ummto.dz\/fs\/wp-json\/wp\/v2\/media?parent=27598"}],"wp:term":[{"taxonomy":"category","embeddable":true,"href":"https:\/\/www.ummto.dz\/fs\/wp-json\/wp\/v2\/categories?post=27598"},{"taxonomy":"post_tag","embeddable":true,"href":"https:\/\/www.ummto.dz\/fs\/wp-json\/wp\/v2\/tags?post=27598"}],"curies":[{"name":"wp","href":"https:\/\/api.w.org\/{rel}","templated":true}]}}