{"id":27876,"date":"2025-05-27T10:43:09","date_gmt":"2025-05-27T08:43:09","guid":{"rendered":"https:\/\/www.ummto.dz\/fs\/?p=27876"},"modified":"2025-05-27T10:43:20","modified_gmt":"2025-05-27T08:43:20","slug":"renouvellement-des-commissions-administratives-paritaires-i-et-ii","status":"publish","type":"post","link":"https:\/\/www.ummto.dz\/fs\/renouvellement-des-commissions-administratives-paritaires-i-et-ii\/","title":{"rendered":"Renouvellement des commissions administratives paritaires I et II"},"content":{"rendered":"<p>[et_pb_section fb_built=\u00a0\u00bb1&Prime; theme_builder_area=\u00a0\u00bbpost_content\u00a0\u00bb _builder_version=\u00a0\u00bb4.27.4&Prime; _module_preset=\u00a0\u00bbdefault\u00a0\u00bb custom_margin=\u00a0\u00bb|-95px||||\u00a0\u00bb width=\u00a0\u00bb112.7%\u00a0\u00bb][et_pb_row _builder_version=\u00a0\u00bb4.27.4&Prime; _module_preset=\u00a0\u00bbdefault\u00a0\u00bb theme_builder_area=\u00a0\u00bbpost_content\u00a0\u00bb][et_pb_column _builder_version=\u00a0\u00bb4.27.4&Prime; _module_preset=\u00a0\u00bbdefault\u00a0\u00bb type=\u00a0\u00bb4_4&Prime; theme_builder_area=\u00a0\u00bbpost_content\u00a0\u00bb][et_pb_accordion _builder_version=\u00a0\u00bb4.27.4&Prime; _module_preset=\u00a0\u00bbdefault\u00a0\u00bb theme_builder_area=\u00a0\u00bbpost_content\u00a0\u00bb hover_enabled=\u00a0\u00bb0&Prime; sticky_enabled=\u00a0\u00bb0&Prime;][et_pb_accordion_item title=\u00a0\u00bbRenouvellement des commissions administratives paritaires I et II\u00a0\u00bb _builder_version=\u00a0\u00bb4.27.4&Prime; _module_preset=\u00a0\u00bbdefault\u00a0\u00bb open=\u00a0\u00bbon\u00a0\u00bb theme_builder_area=\u00a0\u00bbpost_content\u00a0\u00bb open_toggle_text_color=\u00a0\u00bb#E02B20&Prime; body_text_align=\u00a0\u00bbjustify\u00a0\u00bb box_shadow_style=\u00a0\u00bbpreset6&Prime; box_shadow_color=\u00a0\u00bb#E02B20&Prime; width=\u00a0\u00bb120%\u00a0\u00bb hover_enabled=\u00a0\u00bb0&Prime; sticky_enabled=\u00a0\u00bb0&Prime;]<\/p>\n<div><span>Dans le cadre du renouvellement des commissions administratives paritaires \u00e0 savoir :<\/span><\/div>\n<div><span style=\"font-size: large\"><br \/>&#8211;\u00a0<span style=\"color: #0000ff\"><b>La commission I\u00a0<\/b><\/span>:\u00a0<i>\u00e0 l&rsquo;\u00e9gard des corps des Professeurs, Professeurs Hospitalo-Universitaires, Ma\u00eetres\u00a0de conf\u00e9rences et Ma\u00eetres de conf\u00e9rences Hospitalo-Universitaires.<\/i><br \/>&#8211;\u00a0<b><span style=\"color: #0000ff\">La commission 2<\/span>\u00a0<\/b>:\u00a0<i>\u00e0 l&rsquo;\u00e9gard des corps des Ma\u00eetres Assistants, Ma\u00eetres Assistants Hospitalo-Universitaires\u00a0et des grades de Professeur formateur de l&rsquo;enseignement secondaire et de Professeur principal de I&rsquo; enseignement secondaire.<\/i><\/span><\/div>\n<div><span style=\"font-size: large\"><br \/><span style=\"color: #ff0000\"><b>Les enseignants\u00a0<\/b><\/span>souhaitant d\u00e9poser leurs\u00a0candidatures\u00a0<\/span><span>aux \u00e9lections desdites commissions<\/span><span>\u00a0<\/span><span>sont invit\u00e9s \u00e0 remplir la fiche de candidature au niveau\u00a0<\/span><span>du service du personnel de la facult\u00e9 du\u00a0<span style=\"color: #ff0000\"><b>26\/05\/2025<\/b><\/span>\u00a0au\u00a0<b><span style=\"color: #741b47\"><span style=\"color: #ff0000\">04\/06\/2024.<\/span><br \/><\/span><\/b><\/span><\/div>\n<p>[\/et_pb_accordion_item][\/et_pb_accordion][\/et_pb_column][\/et_pb_row][\/et_pb_section]<\/p>\n","protected":false},"excerpt":{"rendered":"<p>Dans le cadre du renouvellement des commissions administratives paritaires \u00e0 savoir : &#8211;\u00a0La commission I\u00a0:\u00a0\u00e0 l&rsquo;\u00e9gard des corps des Professeurs, Professeurs Hospitalo-Universitaires, Ma\u00eetres\u00a0de conf\u00e9rences et Ma\u00eetres de conf\u00e9rences Hospitalo-Universitaires.-\u00a0La commission 2\u00a0:\u00a0\u00e0 l&rsquo;\u00e9gard des corps des Ma\u00eetres Assistants, Ma\u00eetres Assistants Hospitalo-Universitaires\u00a0et des grades de Professeur formateur de l&rsquo;enseignement secondaire et de Professeur principal de I&rsquo; enseignement [&hellip;]<\/p>\n","protected":false},"author":13,"featured_media":26457,"comment_status":"closed","ping_status":"closed","sticky":false,"template":"","format":"standard","meta":{"_et_pb_use_builder":"on","_et_pb_old_content":"","_et_gb_content_width":"","footnotes":""},"categories":[1],"tags":[],"class_list":["post-27876","post","type-post","status-publish","format-standard","has-post-thumbnail","hentry","category-non-classe"],"yoast_head":"<!-- This site is optimized with the Yoast SEO plugin v27.3 - https:\/\/yoast.com\/product\/yoast-seo-wordpress\/ -->\n<title>Renouvellement des commissions administratives paritaires I et II - Facult\u00e9 des Sciences<\/title>\n<meta name=\"robots\" content=\"index, follow, max-snippet:-1, max-image-preview:large, max-video-preview:-1\" \/>\n<link rel=\"canonical\" href=\"https:\/\/www.ummto.dz\/fs\/renouvellement-des-commissions-administratives-paritaires-i-et-ii\/\" \/>\n<meta property=\"og:locale\" content=\"fr_FR\" \/>\n<meta property=\"og:type\" content=\"article\" \/>\n<meta property=\"og:title\" content=\"Renouvellement des commissions administratives paritaires I et II - Facult\u00e9 des Sciences\" \/>\n<meta property=\"og:description\" content=\"Dans le cadre du renouvellement des commissions administratives paritaires \u00e0 savoir : -\u00a0La commission I\u00a0:\u00a0\u00e0 l&#039;\u00e9gard des corps des Professeurs, Professeurs Hospitalo-Universitaires, Ma\u00eetres\u00a0de conf\u00e9rences et Ma\u00eetres de conf\u00e9rences Hospitalo-Universitaires.-\u00a0La commission 2\u00a0:\u00a0\u00e0 l&#039;\u00e9gard des corps des Ma\u00eetres Assistants, Ma\u00eetres Assistants Hospitalo-Universitaires\u00a0et des grades de Professeur formateur de l&#039;enseignement secondaire et de Professeur principal de I&#039; enseignement [&hellip;]\" \/>\n<meta property=\"og:url\" content=\"https:\/\/www.ummto.dz\/fs\/renouvellement-des-commissions-administratives-paritaires-i-et-ii\/\" \/>\n<meta property=\"og:site_name\" content=\"Facult\u00e9 des Sciences\" \/>\n<meta property=\"article:published_time\" content=\"2025-05-27T08:43:09+00:00\" \/>\n<meta property=\"article:modified_time\" content=\"2025-05-27T08:43:20+00:00\" \/>\n<meta property=\"og:image\" content=\"https:\/\/www.ummto.dz\/fs\/wp-content\/uploads\/2025\/02\/LA-COMMISSION.jpg\" \/>\n\t<meta property=\"og:image:width\" content=\"300\" \/>\n\t<meta property=\"og:image:height\" content=\"136\" \/>\n\t<meta property=\"og:image:type\" content=\"image\/jpeg\" \/>\n<meta name=\"author\" content=\"FS\" \/>\n<meta name=\"twitter:card\" content=\"summary_large_image\" \/>\n<meta name=\"twitter:label1\" content=\"\u00c9crit par\" \/>\n\t<meta name=\"twitter:data1\" content=\"FS\" \/>\n\t<meta name=\"twitter:label2\" content=\"Dur\u00e9e de lecture estim\u00e9e\" \/>\n\t<meta name=\"twitter:data2\" content=\"1 minute\" \/>\n<script type=\"application\/ld+json\" class=\"yoast-schema-graph\">{\"@context\":\"https:\\\/\\\/schema.org\",\"@graph\":[{\"@type\":\"Article\",\"@id\":\"https:\\\/\\\/www.ummto.dz\\\/fs\\\/renouvellement-des-commissions-administratives-paritaires-i-et-ii\\\/#article\",\"isPartOf\":{\"@id\":\"https:\\\/\\\/www.ummto.dz\\\/fs\\\/renouvellement-des-commissions-administratives-paritaires-i-et-ii\\\/\"},\"author\":{\"name\":\"FS\",\"@id\":\"https:\\\/\\\/www.ummto.dz\\\/fs\\\/#\\\/schema\\\/person\\\/c9a513e99831aef4c20b627eb305eb4a\"},\"headline\":\"Renouvellement des commissions administratives paritaires I et II\",\"datePublished\":\"2025-05-27T08:43:09+00:00\",\"dateModified\":\"2025-05-27T08:43:20+00:00\",\"mainEntityOfPage\":{\"@id\":\"https:\\\/\\\/www.ummto.dz\\\/fs\\\/renouvellement-des-commissions-administratives-paritaires-i-et-ii\\\/\"},\"wordCount\":234,\"image\":{\"@id\":\"https:\\\/\\\/www.ummto.dz\\\/fs\\\/renouvellement-des-commissions-administratives-paritaires-i-et-ii\\\/#primaryimage\"},\"thumbnailUrl\":\"https:\\\/\\\/www.ummto.dz\\\/fs\\\/wp-content\\\/uploads\\\/2025\\\/02\\\/LA-COMMISSION.jpg\",\"articleSection\":[\"Actualit\u00e9\"],\"inLanguage\":\"fr-FR\"},{\"@type\":\"WebPage\",\"@id\":\"https:\\\/\\\/www.ummto.dz\\\/fs\\\/renouvellement-des-commissions-administratives-paritaires-i-et-ii\\\/\",\"url\":\"https:\\\/\\\/www.ummto.dz\\\/fs\\\/renouvellement-des-commissions-administratives-paritaires-i-et-ii\\\/\",\"name\":\"Renouvellement des commissions administratives paritaires I et II - Facult\u00e9 des Sciences\",\"isPartOf\":{\"@id\":\"https:\\\/\\\/www.ummto.dz\\\/fs\\\/#website\"},\"primaryImageOfPage\":{\"@id\":\"https:\\\/\\\/www.ummto.dz\\\/fs\\\/renouvellement-des-commissions-administratives-paritaires-i-et-ii\\\/#primaryimage\"},\"image\":{\"@id\":\"https:\\\/\\\/www.ummto.dz\\\/fs\\\/renouvellement-des-commissions-administratives-paritaires-i-et-ii\\\/#primaryimage\"},\"thumbnailUrl\":\"https:\\\/\\\/www.ummto.dz\\\/fs\\\/wp-content\\\/uploads\\\/2025\\\/02\\\/LA-COMMISSION.jpg\",\"datePublished\":\"2025-05-27T08:43:09+00:00\",\"dateModified\":\"2025-05-27T08:43:20+00:00\",\"author\":{\"@id\":\"https:\\\/\\\/www.ummto.dz\\\/fs\\\/#\\\/schema\\\/person\\\/c9a513e99831aef4c20b627eb305eb4a\"},\"breadcrumb\":{\"@id\":\"https:\\\/\\\/www.ummto.dz\\\/fs\\\/renouvellement-des-commissions-administratives-paritaires-i-et-ii\\\/#breadcrumb\"},\"inLanguage\":\"fr-FR\",\"potentialAction\":[{\"@type\":\"ReadAction\",\"target\":[\"https:\\\/\\\/www.ummto.dz\\\/fs\\\/renouvellement-des-commissions-administratives-paritaires-i-et-ii\\\/\"]}]},{\"@type\":\"ImageObject\",\"inLanguage\":\"fr-FR\",\"@id\":\"https:\\\/\\\/www.ummto.dz\\\/fs\\\/renouvellement-des-commissions-administratives-paritaires-i-et-ii\\\/#primaryimage\",\"url\":\"https:\\\/\\\/www.ummto.dz\\\/fs\\\/wp-content\\\/uploads\\\/2025\\\/02\\\/LA-COMMISSION.jpg\",\"contentUrl\":\"https:\\\/\\\/www.ummto.dz\\\/fs\\\/wp-content\\\/uploads\\\/2025\\\/02\\\/LA-COMMISSION.jpg\",\"width\":300,\"height\":136},{\"@type\":\"BreadcrumbList\",\"@id\":\"https:\\\/\\\/www.ummto.dz\\\/fs\\\/renouvellement-des-commissions-administratives-paritaires-i-et-ii\\\/#breadcrumb\",\"itemListElement\":[{\"@type\":\"ListItem\",\"position\":1,\"name\":\"Accueil\",\"item\":\"https:\\\/\\\/www.ummto.dz\\\/fs\\\/\"},{\"@type\":\"ListItem\",\"position\":2,\"name\":\"Renouvellement des commissions administratives paritaires I et II\"}]},{\"@type\":\"WebSite\",\"@id\":\"https:\\\/\\\/www.ummto.dz\\\/fs\\\/#website\",\"url\":\"https:\\\/\\\/www.ummto.dz\\\/fs\\\/\",\"name\":\"Facult\u00e9 des Sciences\",\"description\":\"universit\u00e9 Moulous Mammeri de Tizi-Ouzou\",\"potentialAction\":[{\"@type\":\"SearchAction\",\"target\":{\"@type\":\"EntryPoint\",\"urlTemplate\":\"https:\\\/\\\/www.ummto.dz\\\/fs\\\/?s={search_term_string}\"},\"query-input\":{\"@type\":\"PropertyValueSpecification\",\"valueRequired\":true,\"valueName\":\"search_term_string\"}}],\"inLanguage\":\"fr-FR\"},{\"@type\":\"Person\",\"@id\":\"https:\\\/\\\/www.ummto.dz\\\/fs\\\/#\\\/schema\\\/person\\\/c9a513e99831aef4c20b627eb305eb4a\",\"name\":\"FS\",\"url\":\"https:\\\/\\\/www.ummto.dz\\\/fs\\\/author\\\/fs\\\/\"}]}<\/script>\n<!-- \/ Yoast SEO plugin. -->","yoast_head_json":{"title":"Renouvellement des commissions administratives paritaires I et II - Facult\u00e9 des Sciences","robots":{"index":"index","follow":"follow","max-snippet":"max-snippet:-1","max-image-preview":"max-image-preview:large","max-video-preview":"max-video-preview:-1"},"canonical":"https:\/\/www.ummto.dz\/fs\/renouvellement-des-commissions-administratives-paritaires-i-et-ii\/","og_locale":"fr_FR","og_type":"article","og_title":"Renouvellement des commissions administratives paritaires I et II - Facult\u00e9 des Sciences","og_description":"Dans le cadre du renouvellement des commissions administratives paritaires \u00e0 savoir : -\u00a0La commission I\u00a0:\u00a0\u00e0 l'\u00e9gard des corps des Professeurs, Professeurs Hospitalo-Universitaires, Ma\u00eetres\u00a0de conf\u00e9rences et Ma\u00eetres de conf\u00e9rences Hospitalo-Universitaires.-\u00a0La commission 2\u00a0:\u00a0\u00e0 l'\u00e9gard des corps des Ma\u00eetres Assistants, Ma\u00eetres Assistants Hospitalo-Universitaires\u00a0et des grades de Professeur formateur de l'enseignement secondaire et de Professeur principal de I' enseignement [&hellip;]","og_url":"https:\/\/www.ummto.dz\/fs\/renouvellement-des-commissions-administratives-paritaires-i-et-ii\/","og_site_name":"Facult\u00e9 des Sciences","article_published_time":"2025-05-27T08:43:09+00:00","article_modified_time":"2025-05-27T08:43:20+00:00","og_image":[{"width":300,"height":136,"url":"https:\/\/www.ummto.dz\/fs\/wp-content\/uploads\/2025\/02\/LA-COMMISSION.jpg","type":"image\/jpeg"}],"author":"FS","twitter_card":"summary_large_image","twitter_misc":{"\u00c9crit par":"FS","Dur\u00e9e de lecture estim\u00e9e":"1 minute"},"schema":{"@context":"https:\/\/schema.org","@graph":[{"@type":"Article","@id":"https:\/\/www.ummto.dz\/fs\/renouvellement-des-commissions-administratives-paritaires-i-et-ii\/#article","isPartOf":{"@id":"https:\/\/www.ummto.dz\/fs\/renouvellement-des-commissions-administratives-paritaires-i-et-ii\/"},"author":{"name":"FS","@id":"https:\/\/www.ummto.dz\/fs\/#\/schema\/person\/c9a513e99831aef4c20b627eb305eb4a"},"headline":"Renouvellement des commissions administratives paritaires I et II","datePublished":"2025-05-27T08:43:09+00:00","dateModified":"2025-05-27T08:43:20+00:00","mainEntityOfPage":{"@id":"https:\/\/www.ummto.dz\/fs\/renouvellement-des-commissions-administratives-paritaires-i-et-ii\/"},"wordCount":234,"image":{"@id":"https:\/\/www.ummto.dz\/fs\/renouvellement-des-commissions-administratives-paritaires-i-et-ii\/#primaryimage"},"thumbnailUrl":"https:\/\/www.ummto.dz\/fs\/wp-content\/uploads\/2025\/02\/LA-COMMISSION.jpg","articleSection":["Actualit\u00e9"],"inLanguage":"fr-FR"},{"@type":"WebPage","@id":"https:\/\/www.ummto.dz\/fs\/renouvellement-des-commissions-administratives-paritaires-i-et-ii\/","url":"https:\/\/www.ummto.dz\/fs\/renouvellement-des-commissions-administratives-paritaires-i-et-ii\/","name":"Renouvellement des commissions administratives paritaires I et II - Facult\u00e9 des Sciences","isPartOf":{"@id":"https:\/\/www.ummto.dz\/fs\/#website"},"primaryImageOfPage":{"@id":"https:\/\/www.ummto.dz\/fs\/renouvellement-des-commissions-administratives-paritaires-i-et-ii\/#primaryimage"},"image":{"@id":"https:\/\/www.ummto.dz\/fs\/renouvellement-des-commissions-administratives-paritaires-i-et-ii\/#primaryimage"},"thumbnailUrl":"https:\/\/www.ummto.dz\/fs\/wp-content\/uploads\/2025\/02\/LA-COMMISSION.jpg","datePublished":"2025-05-27T08:43:09+00:00","dateModified":"2025-05-27T08:43:20+00:00","author":{"@id":"https:\/\/www.ummto.dz\/fs\/#\/schema\/person\/c9a513e99831aef4c20b627eb305eb4a"},"breadcrumb":{"@id":"https:\/\/www.ummto.dz\/fs\/renouvellement-des-commissions-administratives-paritaires-i-et-ii\/#breadcrumb"},"inLanguage":"fr-FR","potentialAction":[{"@type":"ReadAction","target":["https:\/\/www.ummto.dz\/fs\/renouvellement-des-commissions-administratives-paritaires-i-et-ii\/"]}]},{"@type":"ImageObject","inLanguage":"fr-FR","@id":"https:\/\/www.ummto.dz\/fs\/renouvellement-des-commissions-administratives-paritaires-i-et-ii\/#primaryimage","url":"https:\/\/www.ummto.dz\/fs\/wp-content\/uploads\/2025\/02\/LA-COMMISSION.jpg","contentUrl":"https:\/\/www.ummto.dz\/fs\/wp-content\/uploads\/2025\/02\/LA-COMMISSION.jpg","width":300,"height":136},{"@type":"BreadcrumbList","@id":"https:\/\/www.ummto.dz\/fs\/renouvellement-des-commissions-administratives-paritaires-i-et-ii\/#breadcrumb","itemListElement":[{"@type":"ListItem","position":1,"name":"Accueil","item":"https:\/\/www.ummto.dz\/fs\/"},{"@type":"ListItem","position":2,"name":"Renouvellement des commissions administratives paritaires I et II"}]},{"@type":"WebSite","@id":"https:\/\/www.ummto.dz\/fs\/#website","url":"https:\/\/www.ummto.dz\/fs\/","name":"Facult\u00e9 des Sciences","description":"universit\u00e9 Moulous Mammeri de Tizi-Ouzou","potentialAction":[{"@type":"SearchAction","target":{"@type":"EntryPoint","urlTemplate":"https:\/\/www.ummto.dz\/fs\/?s={search_term_string}"},"query-input":{"@type":"PropertyValueSpecification","valueRequired":true,"valueName":"search_term_string"}}],"inLanguage":"fr-FR"},{"@type":"Person","@id":"https:\/\/www.ummto.dz\/fs\/#\/schema\/person\/c9a513e99831aef4c20b627eb305eb4a","name":"FS","url":"https:\/\/www.ummto.dz\/fs\/author\/fs\/"}]}},"_links":{"self":[{"href":"https:\/\/www.ummto.dz\/fs\/wp-json\/wp\/v2\/posts\/27876","targetHints":{"allow":["GET"]}}],"collection":[{"href":"https:\/\/www.ummto.dz\/fs\/wp-json\/wp\/v2\/posts"}],"about":[{"href":"https:\/\/www.ummto.dz\/fs\/wp-json\/wp\/v2\/types\/post"}],"author":[{"embeddable":true,"href":"https:\/\/www.ummto.dz\/fs\/wp-json\/wp\/v2\/users\/13"}],"replies":[{"embeddable":true,"href":"https:\/\/www.ummto.dz\/fs\/wp-json\/wp\/v2\/comments?post=27876"}],"version-history":[{"count":2,"href":"https:\/\/www.ummto.dz\/fs\/wp-json\/wp\/v2\/posts\/27876\/revisions"}],"predecessor-version":[{"id":27879,"href":"https:\/\/www.ummto.dz\/fs\/wp-json\/wp\/v2\/posts\/27876\/revisions\/27879"}],"wp:featuredmedia":[{"embeddable":true,"href":"https:\/\/www.ummto.dz\/fs\/wp-json\/wp\/v2\/media\/26457"}],"wp:attachment":[{"href":"https:\/\/www.ummto.dz\/fs\/wp-json\/wp\/v2\/media?parent=27876"}],"wp:term":[{"taxonomy":"category","embeddable":true,"href":"https:\/\/www.ummto.dz\/fs\/wp-json\/wp\/v2\/categories?post=27876"},{"taxonomy":"post_tag","embeddable":true,"href":"https:\/\/www.ummto.dz\/fs\/wp-json\/wp\/v2\/tags?post=27876"}],"curies":[{"name":"wp","href":"https:\/\/api.w.org\/{rel}","templated":true}]}}