{"id":28048,"date":"2025-06-02T22:21:20","date_gmt":"2025-06-02T20:21:20","guid":{"rendered":"https:\/\/www.ummto.dz\/fs\/?p=28048"},"modified":"2025-06-02T22:21:54","modified_gmt":"2025-06-02T20:21:54","slug":"repartition-des-etudiants-l2-maths-par-salles-dexamens-analyse-4-et-geometrie","status":"publish","type":"post","link":"https:\/\/www.ummto.dz\/fs\/repartition-des-etudiants-l2-maths-par-salles-dexamens-analyse-4-et-geometrie\/","title":{"rendered":"R\u00e9partition des \u00e9tudiants L2 Maths par salles d&rsquo;examens: Analyse 4 et G\u00e9om\u00e9trie"},"content":{"rendered":"<p>[et_pb_section fb_built=\u00a0\u00bb1&Prime; theme_builder_area=\u00a0\u00bbpost_content\u00a0\u00bb _builder_version=\u00a0\u00bb4.27.4&Prime; _module_preset=\u00a0\u00bbdefault\u00a0\u00bb][et_pb_row _builder_version=\u00a0\u00bb4.27.4&Prime; _module_preset=\u00a0\u00bbdefault\u00a0\u00bb theme_builder_area=\u00a0\u00bbpost_content\u00a0\u00bb][et_pb_column _builder_version=\u00a0\u00bb4.27.4&Prime; _module_preset=\u00a0\u00bbdefault\u00a0\u00bb type=\u00a0\u00bb4_4&Prime; theme_builder_area=\u00a0\u00bbpost_content\u00a0\u00bb][et_pb_text _builder_version=\u00a0\u00bb4.27.4&Prime; _module_preset=\u00a0\u00bbdefault\u00a0\u00bb theme_builder_area=\u00a0\u00bbpost_content\u00a0\u00bb]<\/p>\n<p><a href=\"https:\/\/www.ummto.dz\/fs\/wp-content\/uploads\/2025\/06\/S4_ANALYSE4_L2-SECTION-A.pdf\" rel=\"attachment wp-att-28050\">S4_ANALYSE4_L2 SECTION A<\/a><\/p>\n<p><a href=\"https:\/\/www.ummto.dz\/fs\/wp-content\/uploads\/2025\/06\/S4_ANALYSE4_L2-SECTION-B.pdf\" rel=\"attachment wp-att-28051\">S4_ANALYSE4_L2 SECTION B<\/a><\/p>\n<p><a href=\"https:\/\/www.ummto.dz\/fs\/wp-content\/uploads\/2025\/06\/S4_GEOMETRIE_L2-SECTION-A-1.pdf\" rel=\"attachment wp-att-28052\">S4_GEOMETRIE_L2 SECTION A (1)<\/a><\/p>\n<p><a href=\"https:\/\/www.ummto.dz\/fs\/wp-content\/uploads\/2025\/06\/S4_GEOMETRIE_L2-SECTION-B.pdf\" rel=\"attachment wp-att-28053\">S4_GEOMETRIE_L2 SECTION B<\/a><\/p>\n<p>[\/et_pb_text][\/et_pb_column][\/et_pb_row][\/et_pb_section]<\/p>\n","protected":false},"excerpt":{"rendered":"<p>S4_ANALYSE4_L2 SECTION A S4_ANALYSE4_L2 SECTION B S4_GEOMETRIE_L2 SECTION A (1) S4_GEOMETRIE_L2 SECTION B<\/p>\n","protected":false},"author":18,"featured_media":26157,"comment_status":"closed","ping_status":"closed","sticky":false,"template":"","format":"standard","meta":{"_et_pb_use_builder":"on","_et_pb_old_content":"","_et_gb_content_width":"","footnotes":""},"categories":[9],"tags":[],"class_list":["post-28048","post","type-post","status-publish","format-standard","has-post-thumbnail","hentry","category-new_dep_maths"],"yoast_head":"<!-- This site is optimized with the Yoast SEO plugin v27.3 - https:\/\/yoast.com\/product\/yoast-seo-wordpress\/ -->\n<title>R\u00e9partition des \u00e9tudiants L2 Maths par salles d&#039;examens: Analyse 4 et G\u00e9om\u00e9trie - Facult\u00e9 des Sciences<\/title>\n<meta name=\"robots\" content=\"index, follow, max-snippet:-1, max-image-preview:large, max-video-preview:-1\" \/>\n<link rel=\"canonical\" href=\"https:\/\/www.ummto.dz\/fs\/repartition-des-etudiants-l2-maths-par-salles-dexamens-analyse-4-et-geometrie\/\" \/>\n<meta property=\"og:locale\" content=\"fr_FR\" \/>\n<meta property=\"og:type\" content=\"article\" \/>\n<meta property=\"og:title\" content=\"R\u00e9partition des \u00e9tudiants L2 Maths par salles d&#039;examens: Analyse 4 et G\u00e9om\u00e9trie - Facult\u00e9 des Sciences\" \/>\n<meta property=\"og:description\" content=\"S4_ANALYSE4_L2 SECTION A S4_ANALYSE4_L2 SECTION B S4_GEOMETRIE_L2 SECTION A (1) S4_GEOMETRIE_L2 SECTION B\" \/>\n<meta property=\"og:url\" content=\"https:\/\/www.ummto.dz\/fs\/repartition-des-etudiants-l2-maths-par-salles-dexamens-analyse-4-et-geometrie\/\" \/>\n<meta property=\"og:site_name\" content=\"Facult\u00e9 des Sciences\" \/>\n<meta property=\"article:published_time\" content=\"2025-06-02T20:21:20+00:00\" \/>\n<meta property=\"article:modified_time\" content=\"2025-06-02T20:21:54+00:00\" \/>\n<meta property=\"og:image\" content=\"https:\/\/www.ummto.dz\/fs\/wp-content\/uploads\/2025\/01\/examenRattrapage-300x250-1.jpg\" \/>\n\t<meta property=\"og:image:width\" content=\"300\" \/>\n\t<meta property=\"og:image:height\" content=\"250\" \/>\n\t<meta property=\"og:image:type\" content=\"image\/jpeg\" \/>\n<meta name=\"author\" content=\"Math\u00e9matiques\" \/>\n<meta name=\"twitter:card\" content=\"summary_large_image\" \/>\n<meta name=\"twitter:label1\" content=\"\u00c9crit par\" \/>\n\t<meta name=\"twitter:data1\" content=\"Math\u00e9matiques\" \/>\n\t<meta name=\"twitter:label2\" content=\"Dur\u00e9e de lecture estim\u00e9e\" \/>\n\t<meta name=\"twitter:data2\" content=\"1 minute\" \/>\n<script type=\"application\/ld+json\" class=\"yoast-schema-graph\">{\"@context\":\"https:\\\/\\\/schema.org\",\"@graph\":[{\"@type\":\"Article\",\"@id\":\"https:\\\/\\\/www.ummto.dz\\\/fs\\\/repartition-des-etudiants-l2-maths-par-salles-dexamens-analyse-4-et-geometrie\\\/#article\",\"isPartOf\":{\"@id\":\"https:\\\/\\\/www.ummto.dz\\\/fs\\\/repartition-des-etudiants-l2-maths-par-salles-dexamens-analyse-4-et-geometrie\\\/\"},\"author\":{\"name\":\"Math\u00e9matiques\",\"@id\":\"https:\\\/\\\/www.ummto.dz\\\/fs\\\/#\\\/schema\\\/person\\\/d25c34844cf5a43d9fc6b524d80770e2\"},\"headline\":\"R\u00e9partition des \u00e9tudiants L2 Maths par salles d&rsquo;examens: Analyse 4 et G\u00e9om\u00e9trie\",\"datePublished\":\"2025-06-02T20:21:20+00:00\",\"dateModified\":\"2025-06-02T20:21:54+00:00\",\"mainEntityOfPage\":{\"@id\":\"https:\\\/\\\/www.ummto.dz\\\/fs\\\/repartition-des-etudiants-l2-maths-par-salles-dexamens-analyse-4-et-geometrie\\\/\"},\"wordCount\":102,\"image\":{\"@id\":\"https:\\\/\\\/www.ummto.dz\\\/fs\\\/repartition-des-etudiants-l2-maths-par-salles-dexamens-analyse-4-et-geometrie\\\/#primaryimage\"},\"thumbnailUrl\":\"https:\\\/\\\/www.ummto.dz\\\/fs\\\/wp-content\\\/uploads\\\/2025\\\/01\\\/examenRattrapage-300x250-1.jpg\",\"articleSection\":[\"dep_maths\"],\"inLanguage\":\"fr-FR\"},{\"@type\":\"WebPage\",\"@id\":\"https:\\\/\\\/www.ummto.dz\\\/fs\\\/repartition-des-etudiants-l2-maths-par-salles-dexamens-analyse-4-et-geometrie\\\/\",\"url\":\"https:\\\/\\\/www.ummto.dz\\\/fs\\\/repartition-des-etudiants-l2-maths-par-salles-dexamens-analyse-4-et-geometrie\\\/\",\"name\":\"R\u00e9partition des \u00e9tudiants L2 Maths par salles d'examens: Analyse 4 et G\u00e9om\u00e9trie - Facult\u00e9 des Sciences\",\"isPartOf\":{\"@id\":\"https:\\\/\\\/www.ummto.dz\\\/fs\\\/#website\"},\"primaryImageOfPage\":{\"@id\":\"https:\\\/\\\/www.ummto.dz\\\/fs\\\/repartition-des-etudiants-l2-maths-par-salles-dexamens-analyse-4-et-geometrie\\\/#primaryimage\"},\"image\":{\"@id\":\"https:\\\/\\\/www.ummto.dz\\\/fs\\\/repartition-des-etudiants-l2-maths-par-salles-dexamens-analyse-4-et-geometrie\\\/#primaryimage\"},\"thumbnailUrl\":\"https:\\\/\\\/www.ummto.dz\\\/fs\\\/wp-content\\\/uploads\\\/2025\\\/01\\\/examenRattrapage-300x250-1.jpg\",\"datePublished\":\"2025-06-02T20:21:20+00:00\",\"dateModified\":\"2025-06-02T20:21:54+00:00\",\"author\":{\"@id\":\"https:\\\/\\\/www.ummto.dz\\\/fs\\\/#\\\/schema\\\/person\\\/d25c34844cf5a43d9fc6b524d80770e2\"},\"breadcrumb\":{\"@id\":\"https:\\\/\\\/www.ummto.dz\\\/fs\\\/repartition-des-etudiants-l2-maths-par-salles-dexamens-analyse-4-et-geometrie\\\/#breadcrumb\"},\"inLanguage\":\"fr-FR\",\"potentialAction\":[{\"@type\":\"ReadAction\",\"target\":[\"https:\\\/\\\/www.ummto.dz\\\/fs\\\/repartition-des-etudiants-l2-maths-par-salles-dexamens-analyse-4-et-geometrie\\\/\"]}]},{\"@type\":\"ImageObject\",\"inLanguage\":\"fr-FR\",\"@id\":\"https:\\\/\\\/www.ummto.dz\\\/fs\\\/repartition-des-etudiants-l2-maths-par-salles-dexamens-analyse-4-et-geometrie\\\/#primaryimage\",\"url\":\"https:\\\/\\\/www.ummto.dz\\\/fs\\\/wp-content\\\/uploads\\\/2025\\\/01\\\/examenRattrapage-300x250-1.jpg\",\"contentUrl\":\"https:\\\/\\\/www.ummto.dz\\\/fs\\\/wp-content\\\/uploads\\\/2025\\\/01\\\/examenRattrapage-300x250-1.jpg\",\"width\":300,\"height\":250},{\"@type\":\"BreadcrumbList\",\"@id\":\"https:\\\/\\\/www.ummto.dz\\\/fs\\\/repartition-des-etudiants-l2-maths-par-salles-dexamens-analyse-4-et-geometrie\\\/#breadcrumb\",\"itemListElement\":[{\"@type\":\"ListItem\",\"position\":1,\"name\":\"Accueil\",\"item\":\"https:\\\/\\\/www.ummto.dz\\\/fs\\\/\"},{\"@type\":\"ListItem\",\"position\":2,\"name\":\"R\u00e9partition des \u00e9tudiants L2 Maths par salles d&rsquo;examens: Analyse 4 et G\u00e9om\u00e9trie\"}]},{\"@type\":\"WebSite\",\"@id\":\"https:\\\/\\\/www.ummto.dz\\\/fs\\\/#website\",\"url\":\"https:\\\/\\\/www.ummto.dz\\\/fs\\\/\",\"name\":\"Facult\u00e9 des Sciences\",\"description\":\"universit\u00e9 Moulous Mammeri de Tizi-Ouzou\",\"potentialAction\":[{\"@type\":\"SearchAction\",\"target\":{\"@type\":\"EntryPoint\",\"urlTemplate\":\"https:\\\/\\\/www.ummto.dz\\\/fs\\\/?s={search_term_string}\"},\"query-input\":{\"@type\":\"PropertyValueSpecification\",\"valueRequired\":true,\"valueName\":\"search_term_string\"}}],\"inLanguage\":\"fr-FR\"},{\"@type\":\"Person\",\"@id\":\"https:\\\/\\\/www.ummto.dz\\\/fs\\\/#\\\/schema\\\/person\\\/d25c34844cf5a43d9fc6b524d80770e2\",\"name\":\"Math\u00e9matiques\",\"url\":\"https:\\\/\\\/www.ummto.dz\\\/fs\\\/author\\\/mi\\\/\"}]}<\/script>\n<!-- \/ Yoast SEO plugin. -->","yoast_head_json":{"title":"R\u00e9partition des \u00e9tudiants L2 Maths par salles d'examens: Analyse 4 et G\u00e9om\u00e9trie - Facult\u00e9 des Sciences","robots":{"index":"index","follow":"follow","max-snippet":"max-snippet:-1","max-image-preview":"max-image-preview:large","max-video-preview":"max-video-preview:-1"},"canonical":"https:\/\/www.ummto.dz\/fs\/repartition-des-etudiants-l2-maths-par-salles-dexamens-analyse-4-et-geometrie\/","og_locale":"fr_FR","og_type":"article","og_title":"R\u00e9partition des \u00e9tudiants L2 Maths par salles d'examens: Analyse 4 et G\u00e9om\u00e9trie - Facult\u00e9 des Sciences","og_description":"S4_ANALYSE4_L2 SECTION A S4_ANALYSE4_L2 SECTION B S4_GEOMETRIE_L2 SECTION A (1) S4_GEOMETRIE_L2 SECTION B","og_url":"https:\/\/www.ummto.dz\/fs\/repartition-des-etudiants-l2-maths-par-salles-dexamens-analyse-4-et-geometrie\/","og_site_name":"Facult\u00e9 des Sciences","article_published_time":"2025-06-02T20:21:20+00:00","article_modified_time":"2025-06-02T20:21:54+00:00","og_image":[{"width":300,"height":250,"url":"https:\/\/www.ummto.dz\/fs\/wp-content\/uploads\/2025\/01\/examenRattrapage-300x250-1.jpg","type":"image\/jpeg"}],"author":"Math\u00e9matiques","twitter_card":"summary_large_image","twitter_misc":{"\u00c9crit par":"Math\u00e9matiques","Dur\u00e9e de lecture estim\u00e9e":"1 minute"},"schema":{"@context":"https:\/\/schema.org","@graph":[{"@type":"Article","@id":"https:\/\/www.ummto.dz\/fs\/repartition-des-etudiants-l2-maths-par-salles-dexamens-analyse-4-et-geometrie\/#article","isPartOf":{"@id":"https:\/\/www.ummto.dz\/fs\/repartition-des-etudiants-l2-maths-par-salles-dexamens-analyse-4-et-geometrie\/"},"author":{"name":"Math\u00e9matiques","@id":"https:\/\/www.ummto.dz\/fs\/#\/schema\/person\/d25c34844cf5a43d9fc6b524d80770e2"},"headline":"R\u00e9partition des \u00e9tudiants L2 Maths par salles d&rsquo;examens: Analyse 4 et G\u00e9om\u00e9trie","datePublished":"2025-06-02T20:21:20+00:00","dateModified":"2025-06-02T20:21:54+00:00","mainEntityOfPage":{"@id":"https:\/\/www.ummto.dz\/fs\/repartition-des-etudiants-l2-maths-par-salles-dexamens-analyse-4-et-geometrie\/"},"wordCount":102,"image":{"@id":"https:\/\/www.ummto.dz\/fs\/repartition-des-etudiants-l2-maths-par-salles-dexamens-analyse-4-et-geometrie\/#primaryimage"},"thumbnailUrl":"https:\/\/www.ummto.dz\/fs\/wp-content\/uploads\/2025\/01\/examenRattrapage-300x250-1.jpg","articleSection":["dep_maths"],"inLanguage":"fr-FR"},{"@type":"WebPage","@id":"https:\/\/www.ummto.dz\/fs\/repartition-des-etudiants-l2-maths-par-salles-dexamens-analyse-4-et-geometrie\/","url":"https:\/\/www.ummto.dz\/fs\/repartition-des-etudiants-l2-maths-par-salles-dexamens-analyse-4-et-geometrie\/","name":"R\u00e9partition des \u00e9tudiants L2 Maths par salles d'examens: Analyse 4 et G\u00e9om\u00e9trie - Facult\u00e9 des Sciences","isPartOf":{"@id":"https:\/\/www.ummto.dz\/fs\/#website"},"primaryImageOfPage":{"@id":"https:\/\/www.ummto.dz\/fs\/repartition-des-etudiants-l2-maths-par-salles-dexamens-analyse-4-et-geometrie\/#primaryimage"},"image":{"@id":"https:\/\/www.ummto.dz\/fs\/repartition-des-etudiants-l2-maths-par-salles-dexamens-analyse-4-et-geometrie\/#primaryimage"},"thumbnailUrl":"https:\/\/www.ummto.dz\/fs\/wp-content\/uploads\/2025\/01\/examenRattrapage-300x250-1.jpg","datePublished":"2025-06-02T20:21:20+00:00","dateModified":"2025-06-02T20:21:54+00:00","author":{"@id":"https:\/\/www.ummto.dz\/fs\/#\/schema\/person\/d25c34844cf5a43d9fc6b524d80770e2"},"breadcrumb":{"@id":"https:\/\/www.ummto.dz\/fs\/repartition-des-etudiants-l2-maths-par-salles-dexamens-analyse-4-et-geometrie\/#breadcrumb"},"inLanguage":"fr-FR","potentialAction":[{"@type":"ReadAction","target":["https:\/\/www.ummto.dz\/fs\/repartition-des-etudiants-l2-maths-par-salles-dexamens-analyse-4-et-geometrie\/"]}]},{"@type":"ImageObject","inLanguage":"fr-FR","@id":"https:\/\/www.ummto.dz\/fs\/repartition-des-etudiants-l2-maths-par-salles-dexamens-analyse-4-et-geometrie\/#primaryimage","url":"https:\/\/www.ummto.dz\/fs\/wp-content\/uploads\/2025\/01\/examenRattrapage-300x250-1.jpg","contentUrl":"https:\/\/www.ummto.dz\/fs\/wp-content\/uploads\/2025\/01\/examenRattrapage-300x250-1.jpg","width":300,"height":250},{"@type":"BreadcrumbList","@id":"https:\/\/www.ummto.dz\/fs\/repartition-des-etudiants-l2-maths-par-salles-dexamens-analyse-4-et-geometrie\/#breadcrumb","itemListElement":[{"@type":"ListItem","position":1,"name":"Accueil","item":"https:\/\/www.ummto.dz\/fs\/"},{"@type":"ListItem","position":2,"name":"R\u00e9partition des \u00e9tudiants L2 Maths par salles d&rsquo;examens: Analyse 4 et G\u00e9om\u00e9trie"}]},{"@type":"WebSite","@id":"https:\/\/www.ummto.dz\/fs\/#website","url":"https:\/\/www.ummto.dz\/fs\/","name":"Facult\u00e9 des Sciences","description":"universit\u00e9 Moulous Mammeri de Tizi-Ouzou","potentialAction":[{"@type":"SearchAction","target":{"@type":"EntryPoint","urlTemplate":"https:\/\/www.ummto.dz\/fs\/?s={search_term_string}"},"query-input":{"@type":"PropertyValueSpecification","valueRequired":true,"valueName":"search_term_string"}}],"inLanguage":"fr-FR"},{"@type":"Person","@id":"https:\/\/www.ummto.dz\/fs\/#\/schema\/person\/d25c34844cf5a43d9fc6b524d80770e2","name":"Math\u00e9matiques","url":"https:\/\/www.ummto.dz\/fs\/author\/mi\/"}]}},"_links":{"self":[{"href":"https:\/\/www.ummto.dz\/fs\/wp-json\/wp\/v2\/posts\/28048","targetHints":{"allow":["GET"]}}],"collection":[{"href":"https:\/\/www.ummto.dz\/fs\/wp-json\/wp\/v2\/posts"}],"about":[{"href":"https:\/\/www.ummto.dz\/fs\/wp-json\/wp\/v2\/types\/post"}],"author":[{"embeddable":true,"href":"https:\/\/www.ummto.dz\/fs\/wp-json\/wp\/v2\/users\/18"}],"replies":[{"embeddable":true,"href":"https:\/\/www.ummto.dz\/fs\/wp-json\/wp\/v2\/comments?post=28048"}],"version-history":[{"count":2,"href":"https:\/\/www.ummto.dz\/fs\/wp-json\/wp\/v2\/posts\/28048\/revisions"}],"predecessor-version":[{"id":28054,"href":"https:\/\/www.ummto.dz\/fs\/wp-json\/wp\/v2\/posts\/28048\/revisions\/28054"}],"wp:featuredmedia":[{"embeddable":true,"href":"https:\/\/www.ummto.dz\/fs\/wp-json\/wp\/v2\/media\/26157"}],"wp:attachment":[{"href":"https:\/\/www.ummto.dz\/fs\/wp-json\/wp\/v2\/media?parent=28048"}],"wp:term":[{"taxonomy":"category","embeddable":true,"href":"https:\/\/www.ummto.dz\/fs\/wp-json\/wp\/v2\/categories?post=28048"},{"taxonomy":"post_tag","embeddable":true,"href":"https:\/\/www.ummto.dz\/fs\/wp-json\/wp\/v2\/tags?post=28048"}],"curies":[{"name":"wp","href":"https:\/\/api.w.org\/{rel}","templated":true}]}}