{"id":3644,"date":"2020-11-20T10:05:14","date_gmt":"2020-11-20T09:05:14","guid":{"rendered":"http:\/\/fs.ummto.dz\/?p=3644"},"modified":"2021-11-10T14:26:06","modified_gmt":"2021-11-10T13:26:06","slug":"reunion-du-conseil-scientifique-de-la-faculte-csf","status":"publish","type":"post","link":"https:\/\/www.ummto.dz\/fs\/reunion-du-conseil-scientifique-de-la-faculte-csf\/","title":{"rendered":"R\u00e9union du conseil scientifique de la facult\u00e9 (CSF)"},"content":{"rendered":"<p>[et_pb_section fb_built=\u00a0\u00bb1&Prime; _builder_version=\u00a0\u00bb3.22&Prime; global_colors_info=\u00a0\u00bb{}\u00a0\u00bb][et_pb_row _builder_version=\u00a0\u00bb3.25&Prime; background_size=\u00a0\u00bbinitial\u00a0\u00bb background_position=\u00a0\u00bbtop_left\u00a0\u00bb background_repeat=\u00a0\u00bbrepeat\u00a0\u00bb global_colors_info=\u00a0\u00bb{}\u00a0\u00bb][et_pb_column type=\u00a0\u00bb4_4&Prime; _builder_version=\u00a0\u00bb3.25&Prime; custom_padding=\u00a0\u00bb|||\u00a0\u00bb global_colors_info=\u00a0\u00bb{}\u00a0\u00bb custom_padding__hover=\u00a0\u00bb|||\u00a0\u00bb][et_pb_text _builder_version=\u00a0\u00bb4.11.4&Prime; background_size=\u00a0\u00bbinitial\u00a0\u00bb background_position=\u00a0\u00bbtop_left\u00a0\u00bb background_repeat=\u00a0\u00bbrepeat\u00a0\u00bb hover_enabled=\u00a0\u00bb0&Prime; global_colors_info=\u00a0\u00bb{}\u00a0\u00bb sticky_enabled=\u00a0\u00bb0&Prime;]<\/p>\n<p><b>Une r\u00e9union extraordinaire du CSF\u00a0 est programm\u00e9e pour jeudi 26 novembre 2020, \u00e0 9h, en salle de r\u00e9unions du 4\u00e8me \u00e9tage de la facult\u00e9 des Sciences.<\/b><\/p>\n<p><b>L&rsquo;ordre du jour pr\u00e9vu:<\/b><\/p>\n<p><b>1- R\u00e9inscriptions des doctorants<\/b><\/p>\n<p><b>2- Soutenances<\/b><\/p>\n<p><b>3- Divers.<\/b><\/p>\n<p><b><i>\u00a0 \u00a0 \u00a0 \u00a0 \u00a0 \u00a0 \u00a0 \u00a0 \u00a0 \u00a0 \u00a0 \u00a0 \u00a0 \u00a0 \u00a0 \u00a0 \u00a0 \u00a0 \u00a0 \u00a0 \u00a0 \u00a0 \u00a0 \u00a0 \u00a0 \u00a0 \u00a0 \u00a0 \u00a0 \u00a0<u>La Vice Doyenne\/PGRS<\/u><\/i><\/b><\/p>\n<p>[\/et_pb_text][\/et_pb_column][\/et_pb_row][\/et_pb_section]<\/p>\n","protected":false},"excerpt":{"rendered":"<p>Une r\u00e9union extraordinaire du CSF\u00a0 est programm\u00e9e pour jeudi 26 novembre 2020, \u00e0 9h, en salle de r\u00e9unions du 4\u00e8me \u00e9tage de la facult\u00e9 des Sciences. L&rsquo;ordre du jour pr\u00e9vu: 1- R\u00e9inscriptions des doctorants 2- Soutenances 3- Divers. \u00a0 \u00a0 \u00a0 \u00a0 \u00a0 \u00a0 \u00a0 \u00a0 \u00a0 \u00a0 \u00a0 \u00a0 \u00a0 \u00a0 \u00a0 \u00a0 \u00a0 [&hellip;]<\/p>\n","protected":false},"author":1,"featured_media":0,"comment_status":"open","ping_status":"open","sticky":false,"template":"","format":"standard","meta":{"_et_pb_use_builder":"on","_et_pb_old_content":"<p><b>Une r\u00e9union extraordinaire du CSF\u00a0 est programm\u00e9e pour jeudi 26 novembre 2020, \u00e0 9h, en salle de r\u00e9unions du 4\u00e8me \u00e9tage de la facult\u00e9 des Sciences.<\/b><\/p><p><b>L'ordre du jour pr\u00e9vu:<\/b><\/p><p><b>1- R\u00e9inscriptions des doctorants<\/b><\/p><p><b>2- Soutenances<\/b><\/p><p><b>3- Divers.<\/b><\/p><p><b><i>\u00a0 \u00a0 \u00a0 \u00a0 \u00a0 \u00a0 \u00a0 \u00a0 \u00a0 \u00a0 \u00a0 \u00a0 \u00a0 \u00a0 \u00a0 \u00a0 \u00a0 \u00a0 \u00a0 \u00a0 \u00a0 \u00a0 \u00a0 \u00a0 \u00a0 \u00a0 \u00a0 \u00a0 \u00a0 \u00a0<u>La Vice Doyenne\/PGRS<\/u><\/i><\/b><\/p>","_et_gb_content_width":"","footnotes":""},"categories":[1],"tags":[],"class_list":["post-3644","post","type-post","status-publish","format-standard","hentry","category-non-classe"],"yoast_head":"<!-- This site is optimized with the Yoast SEO plugin v27.3 - https:\/\/yoast.com\/product\/yoast-seo-wordpress\/ -->\n<title>R\u00e9union du conseil scientifique de la facult\u00e9 (CSF) - Facult\u00e9 des Sciences<\/title>\n<meta name=\"robots\" content=\"index, follow, max-snippet:-1, max-image-preview:large, max-video-preview:-1\" \/>\n<link rel=\"canonical\" href=\"https:\/\/www.ummto.dz\/fs\/reunion-du-conseil-scientifique-de-la-faculte-csf\/\" \/>\n<meta property=\"og:locale\" content=\"fr_FR\" \/>\n<meta property=\"og:type\" content=\"article\" \/>\n<meta property=\"og:title\" content=\"R\u00e9union du conseil scientifique de la facult\u00e9 (CSF) - Facult\u00e9 des Sciences\" \/>\n<meta property=\"og:description\" content=\"Une r\u00e9union extraordinaire du CSF\u00a0 est programm\u00e9e pour jeudi 26 novembre 2020, \u00e0 9h, en salle de r\u00e9unions du 4\u00e8me \u00e9tage de la facult\u00e9 des Sciences. L&#039;ordre du jour pr\u00e9vu: 1- R\u00e9inscriptions des doctorants 2- Soutenances 3- Divers. \u00a0 \u00a0 \u00a0 \u00a0 \u00a0 \u00a0 \u00a0 \u00a0 \u00a0 \u00a0 \u00a0 \u00a0 \u00a0 \u00a0 \u00a0 \u00a0 \u00a0 [&hellip;]\" \/>\n<meta property=\"og:url\" content=\"https:\/\/www.ummto.dz\/fs\/reunion-du-conseil-scientifique-de-la-faculte-csf\/\" \/>\n<meta property=\"og:site_name\" content=\"Facult\u00e9 des Sciences\" \/>\n<meta property=\"article:published_time\" content=\"2020-11-20T09:05:14+00:00\" \/>\n<meta property=\"article:modified_time\" content=\"2021-11-10T13:26:06+00:00\" \/>\n<meta name=\"author\" content=\"maidi nacima\" \/>\n<meta name=\"twitter:card\" content=\"summary_large_image\" \/>\n<meta name=\"twitter:label1\" content=\"\u00c9crit par\" \/>\n\t<meta name=\"twitter:data1\" content=\"maidi nacima\" \/>\n\t<meta name=\"twitter:label2\" content=\"Dur\u00e9e de lecture estim\u00e9e\" \/>\n\t<meta name=\"twitter:data2\" content=\"1 minute\" \/>\n<script type=\"application\/ld+json\" class=\"yoast-schema-graph\">{\"@context\":\"https:\\\/\\\/schema.org\",\"@graph\":[{\"@type\":\"Article\",\"@id\":\"https:\\\/\\\/www.ummto.dz\\\/fs\\\/reunion-du-conseil-scientifique-de-la-faculte-csf\\\/#article\",\"isPartOf\":{\"@id\":\"https:\\\/\\\/www.ummto.dz\\\/fs\\\/reunion-du-conseil-scientifique-de-la-faculte-csf\\\/\"},\"author\":{\"name\":\"maidi nacima\",\"@id\":\"https:\\\/\\\/www.ummto.dz\\\/fs\\\/#\\\/schema\\\/person\\\/f0a19398acbf302f06e4a25788979a7c\"},\"headline\":\"R\u00e9union du conseil scientifique de la facult\u00e9 (CSF)\",\"datePublished\":\"2020-11-20T09:05:14+00:00\",\"dateModified\":\"2021-11-10T13:26:06+00:00\",\"mainEntityOfPage\":{\"@id\":\"https:\\\/\\\/www.ummto.dz\\\/fs\\\/reunion-du-conseil-scientifique-de-la-faculte-csf\\\/\"},\"wordCount\":130,\"commentCount\":0,\"articleSection\":[\"Actualit\u00e9\"],\"inLanguage\":\"fr-FR\",\"potentialAction\":[{\"@type\":\"CommentAction\",\"name\":\"Comment\",\"target\":[\"https:\\\/\\\/www.ummto.dz\\\/fs\\\/reunion-du-conseil-scientifique-de-la-faculte-csf\\\/#respond\"]}]},{\"@type\":\"WebPage\",\"@id\":\"https:\\\/\\\/www.ummto.dz\\\/fs\\\/reunion-du-conseil-scientifique-de-la-faculte-csf\\\/\",\"url\":\"https:\\\/\\\/www.ummto.dz\\\/fs\\\/reunion-du-conseil-scientifique-de-la-faculte-csf\\\/\",\"name\":\"R\u00e9union du conseil scientifique de la facult\u00e9 (CSF) - Facult\u00e9 des Sciences\",\"isPartOf\":{\"@id\":\"https:\\\/\\\/www.ummto.dz\\\/fs\\\/#website\"},\"datePublished\":\"2020-11-20T09:05:14+00:00\",\"dateModified\":\"2021-11-10T13:26:06+00:00\",\"author\":{\"@id\":\"https:\\\/\\\/www.ummto.dz\\\/fs\\\/#\\\/schema\\\/person\\\/f0a19398acbf302f06e4a25788979a7c\"},\"breadcrumb\":{\"@id\":\"https:\\\/\\\/www.ummto.dz\\\/fs\\\/reunion-du-conseil-scientifique-de-la-faculte-csf\\\/#breadcrumb\"},\"inLanguage\":\"fr-FR\",\"potentialAction\":[{\"@type\":\"ReadAction\",\"target\":[\"https:\\\/\\\/www.ummto.dz\\\/fs\\\/reunion-du-conseil-scientifique-de-la-faculte-csf\\\/\"]}]},{\"@type\":\"BreadcrumbList\",\"@id\":\"https:\\\/\\\/www.ummto.dz\\\/fs\\\/reunion-du-conseil-scientifique-de-la-faculte-csf\\\/#breadcrumb\",\"itemListElement\":[{\"@type\":\"ListItem\",\"position\":1,\"name\":\"Accueil\",\"item\":\"https:\\\/\\\/www.ummto.dz\\\/fs\\\/\"},{\"@type\":\"ListItem\",\"position\":2,\"name\":\"R\u00e9union du conseil scientifique de la facult\u00e9 (CSF)\"}]},{\"@type\":\"WebSite\",\"@id\":\"https:\\\/\\\/www.ummto.dz\\\/fs\\\/#website\",\"url\":\"https:\\\/\\\/www.ummto.dz\\\/fs\\\/\",\"name\":\"Facult\u00e9 des Sciences\",\"description\":\"universit\u00e9 Moulous Mammeri de Tizi-Ouzou\",\"potentialAction\":[{\"@type\":\"SearchAction\",\"target\":{\"@type\":\"EntryPoint\",\"urlTemplate\":\"https:\\\/\\\/www.ummto.dz\\\/fs\\\/?s={search_term_string}\"},\"query-input\":{\"@type\":\"PropertyValueSpecification\",\"valueRequired\":true,\"valueName\":\"search_term_string\"}}],\"inLanguage\":\"fr-FR\"},{\"@type\":\"Person\",\"@id\":\"https:\\\/\\\/www.ummto.dz\\\/fs\\\/#\\\/schema\\\/person\\\/f0a19398acbf302f06e4a25788979a7c\",\"name\":\"maidi nacima\",\"url\":\"https:\\\/\\\/www.ummto.dz\\\/fs\\\/author\\\/maidi-nacima\\\/\"}]}<\/script>\n<!-- \/ Yoast SEO plugin. -->","yoast_head_json":{"title":"R\u00e9union du conseil scientifique de la facult\u00e9 (CSF) - Facult\u00e9 des Sciences","robots":{"index":"index","follow":"follow","max-snippet":"max-snippet:-1","max-image-preview":"max-image-preview:large","max-video-preview":"max-video-preview:-1"},"canonical":"https:\/\/www.ummto.dz\/fs\/reunion-du-conseil-scientifique-de-la-faculte-csf\/","og_locale":"fr_FR","og_type":"article","og_title":"R\u00e9union du conseil scientifique de la facult\u00e9 (CSF) - Facult\u00e9 des Sciences","og_description":"Une r\u00e9union extraordinaire du CSF\u00a0 est programm\u00e9e pour jeudi 26 novembre 2020, \u00e0 9h, en salle de r\u00e9unions du 4\u00e8me \u00e9tage de la facult\u00e9 des Sciences. L'ordre du jour pr\u00e9vu: 1- R\u00e9inscriptions des doctorants 2- Soutenances 3- Divers. \u00a0 \u00a0 \u00a0 \u00a0 \u00a0 \u00a0 \u00a0 \u00a0 \u00a0 \u00a0 \u00a0 \u00a0 \u00a0 \u00a0 \u00a0 \u00a0 \u00a0 [&hellip;]","og_url":"https:\/\/www.ummto.dz\/fs\/reunion-du-conseil-scientifique-de-la-faculte-csf\/","og_site_name":"Facult\u00e9 des Sciences","article_published_time":"2020-11-20T09:05:14+00:00","article_modified_time":"2021-11-10T13:26:06+00:00","author":"maidi nacima","twitter_card":"summary_large_image","twitter_misc":{"\u00c9crit par":"maidi nacima","Dur\u00e9e de lecture estim\u00e9e":"1 minute"},"schema":{"@context":"https:\/\/schema.org","@graph":[{"@type":"Article","@id":"https:\/\/www.ummto.dz\/fs\/reunion-du-conseil-scientifique-de-la-faculte-csf\/#article","isPartOf":{"@id":"https:\/\/www.ummto.dz\/fs\/reunion-du-conseil-scientifique-de-la-faculte-csf\/"},"author":{"name":"maidi nacima","@id":"https:\/\/www.ummto.dz\/fs\/#\/schema\/person\/f0a19398acbf302f06e4a25788979a7c"},"headline":"R\u00e9union du conseil scientifique de la facult\u00e9 (CSF)","datePublished":"2020-11-20T09:05:14+00:00","dateModified":"2021-11-10T13:26:06+00:00","mainEntityOfPage":{"@id":"https:\/\/www.ummto.dz\/fs\/reunion-du-conseil-scientifique-de-la-faculte-csf\/"},"wordCount":130,"commentCount":0,"articleSection":["Actualit\u00e9"],"inLanguage":"fr-FR","potentialAction":[{"@type":"CommentAction","name":"Comment","target":["https:\/\/www.ummto.dz\/fs\/reunion-du-conseil-scientifique-de-la-faculte-csf\/#respond"]}]},{"@type":"WebPage","@id":"https:\/\/www.ummto.dz\/fs\/reunion-du-conseil-scientifique-de-la-faculte-csf\/","url":"https:\/\/www.ummto.dz\/fs\/reunion-du-conseil-scientifique-de-la-faculte-csf\/","name":"R\u00e9union du conseil scientifique de la facult\u00e9 (CSF) - Facult\u00e9 des Sciences","isPartOf":{"@id":"https:\/\/www.ummto.dz\/fs\/#website"},"datePublished":"2020-11-20T09:05:14+00:00","dateModified":"2021-11-10T13:26:06+00:00","author":{"@id":"https:\/\/www.ummto.dz\/fs\/#\/schema\/person\/f0a19398acbf302f06e4a25788979a7c"},"breadcrumb":{"@id":"https:\/\/www.ummto.dz\/fs\/reunion-du-conseil-scientifique-de-la-faculte-csf\/#breadcrumb"},"inLanguage":"fr-FR","potentialAction":[{"@type":"ReadAction","target":["https:\/\/www.ummto.dz\/fs\/reunion-du-conseil-scientifique-de-la-faculte-csf\/"]}]},{"@type":"BreadcrumbList","@id":"https:\/\/www.ummto.dz\/fs\/reunion-du-conseil-scientifique-de-la-faculte-csf\/#breadcrumb","itemListElement":[{"@type":"ListItem","position":1,"name":"Accueil","item":"https:\/\/www.ummto.dz\/fs\/"},{"@type":"ListItem","position":2,"name":"R\u00e9union du conseil scientifique de la facult\u00e9 (CSF)"}]},{"@type":"WebSite","@id":"https:\/\/www.ummto.dz\/fs\/#website","url":"https:\/\/www.ummto.dz\/fs\/","name":"Facult\u00e9 des Sciences","description":"universit\u00e9 Moulous Mammeri de Tizi-Ouzou","potentialAction":[{"@type":"SearchAction","target":{"@type":"EntryPoint","urlTemplate":"https:\/\/www.ummto.dz\/fs\/?s={search_term_string}"},"query-input":{"@type":"PropertyValueSpecification","valueRequired":true,"valueName":"search_term_string"}}],"inLanguage":"fr-FR"},{"@type":"Person","@id":"https:\/\/www.ummto.dz\/fs\/#\/schema\/person\/f0a19398acbf302f06e4a25788979a7c","name":"maidi nacima","url":"https:\/\/www.ummto.dz\/fs\/author\/maidi-nacima\/"}]}},"_links":{"self":[{"href":"https:\/\/www.ummto.dz\/fs\/wp-json\/wp\/v2\/posts\/3644","targetHints":{"allow":["GET"]}}],"collection":[{"href":"https:\/\/www.ummto.dz\/fs\/wp-json\/wp\/v2\/posts"}],"about":[{"href":"https:\/\/www.ummto.dz\/fs\/wp-json\/wp\/v2\/types\/post"}],"author":[{"embeddable":true,"href":"https:\/\/www.ummto.dz\/fs\/wp-json\/wp\/v2\/users\/1"}],"replies":[{"embeddable":true,"href":"https:\/\/www.ummto.dz\/fs\/wp-json\/wp\/v2\/comments?post=3644"}],"version-history":[{"count":4,"href":"https:\/\/www.ummto.dz\/fs\/wp-json\/wp\/v2\/posts\/3644\/revisions"}],"predecessor-version":[{"id":8125,"href":"https:\/\/www.ummto.dz\/fs\/wp-json\/wp\/v2\/posts\/3644\/revisions\/8125"}],"wp:attachment":[{"href":"https:\/\/www.ummto.dz\/fs\/wp-json\/wp\/v2\/media?parent=3644"}],"wp:term":[{"taxonomy":"category","embeddable":true,"href":"https:\/\/www.ummto.dz\/fs\/wp-json\/wp\/v2\/categories?post=3644"},{"taxonomy":"post_tag","embeddable":true,"href":"https:\/\/www.ummto.dz\/fs\/wp-json\/wp\/v2\/tags?post=3644"}],"curies":[{"name":"wp","href":"https:\/\/api.w.org\/{rel}","templated":true}]}}