{"id":4687,"date":"2021-01-13T09:59:25","date_gmt":"2021-01-13T08:59:25","guid":{"rendered":"http:\/\/fs.ummto.dz\/?p=4687"},"modified":"2021-11-09T11:27:39","modified_gmt":"2021-11-09T10:27:39","slug":"avis-aux-etudiants-renouvellement-des-membres-des-conseils-de-discipline-de-la-faculte-et-des-departements","status":"publish","type":"post","link":"https:\/\/www.ummto.dz\/fs\/avis-aux-etudiants-renouvellement-des-membres-des-conseils-de-discipline-de-la-faculte-et-des-departements\/","title":{"rendered":"Avis aux \u00e9tudiants (Renouvellement des membres des Conseils de Discipline\u00a0de la Facult\u00e9 et des D\u00e9partements)"},"content":{"rendered":"<p>[et_pb_section fb_built=\u00a0\u00bb1&Prime; _builder_version=\u00a0\u00bb3.22&Prime; global_colors_info=\u00a0\u00bb{}\u00a0\u00bb][et_pb_row _builder_version=\u00a0\u00bb3.25&Prime; background_size=\u00a0\u00bbinitial\u00a0\u00bb background_position=\u00a0\u00bbtop_left\u00a0\u00bb background_repeat=\u00a0\u00bbrepeat\u00a0\u00bb global_colors_info=\u00a0\u00bb{}\u00a0\u00bb][et_pb_column type=\u00a0\u00bb4_4&Prime; _builder_version=\u00a0\u00bb3.25&Prime; custom_padding=\u00a0\u00bb|||\u00a0\u00bb global_colors_info=\u00a0\u00bb{}\u00a0\u00bb custom_padding__hover=\u00a0\u00bb|||\u00a0\u00bb][et_pb_text _builder_version=\u00a0\u00bb4.11.4&Prime; background_size=\u00a0\u00bbinitial\u00a0\u00bb background_position=\u00a0\u00bbtop_left\u00a0\u00bb background_repeat=\u00a0\u00bbrepeat\u00a0\u00bb hover_enabled=\u00a0\u00bb0&Prime; global_colors_info=\u00a0\u00bb{}\u00a0\u00bb sticky_enabled=\u00a0\u00bb0&Prime;]<\/p>\n<p><img decoding=\"async\" class=\"wp-image-1565 size-full alignright\" src=\"https:\/\/www.ummto.dz\/fs\/wp-content\/uploads\/2019\/09\/Avis.jpg\" alt=\"\" width=\"225\" height=\"225\" srcset=\"https:\/\/www.ummto.dz\/fs\/wp-content\/uploads\/2019\/09\/Avis.jpg 225w, https:\/\/www.ummto.dz\/fs\/wp-content\/uploads\/2019\/09\/Avis-150x150.jpg 150w, https:\/\/www.ummto.dz\/fs\/wp-content\/uploads\/2019\/09\/Avis-160x160.jpg 160w\" sizes=\"(max-width: 225px) 100vw, 225px\" \/><\/p>\n<p>&nbsp;<\/p>\n<p style=\"text-align: center\"><span style=\"font-size: 14pt\"><strong><span style=\"color: #000080\">Avis aux \u00e9tudiants<\/span><\/strong><\/span><\/p>\n<p>&nbsp;<\/p>\n<p style=\"text-align: justify\"><span style=\"color: #333399\">Dans le cadre du renouvellement des membres des Conseils de Discipline de la Facult\u00e9 et des D\u00e9partements, les \u00e9tudiants d\u00e9sireux d&rsquo;\u00eatre membres desdits conseils sont pri\u00e9s de se rapprocher des d\u00e9partements concern\u00e9s (Pour le Conseil de Discipline du D\u00e9partement) ou du secr\u00e9tariat du Doyen (pour le Conseil de Discipline de la Facult\u00e9) pour y d\u00e9poser leurs candidatures.<\/span><\/p>\n<p>[\/et_pb_text][\/et_pb_column][\/et_pb_row][\/et_pb_section]<\/p>\n","protected":false},"excerpt":{"rendered":"<p>&nbsp; Avis aux \u00e9tudiants &nbsp; Dans le cadre du renouvellement des membres des Conseils de Discipline de la Facult\u00e9 et des D\u00e9partements, les \u00e9tudiants d\u00e9sireux d&rsquo;\u00eatre membres desdits conseils sont pri\u00e9s de se rapprocher des d\u00e9partements concern\u00e9s (Pour le Conseil de Discipline du D\u00e9partement) ou du secr\u00e9tariat du Doyen (pour le Conseil de Discipline de [&hellip;]<\/p>\n","protected":false},"author":1,"featured_media":1565,"comment_status":"open","ping_status":"open","sticky":false,"template":"","format":"standard","meta":{"_et_pb_use_builder":"on","_et_pb_old_content":"<p><img class=\"alignnone size-full wp-image-1565 alignright\" src=\"http:\/\/fs.ummto.dz\/wp-content\/uploads\/2019\/09\/Avis.jpg\" alt=\"\" width=\"225\" height=\"225\" \/><\/p><p>\u00a0<\/p><p style=\"text-align: center;\"><span style=\"font-size: 14pt;\"><strong><span style=\"color: #000080;\">Avis aux \u00e9tudiants<\/span><\/strong><\/span><\/p><p>\u00a0<\/p><p style=\"text-align: justify;\"><span style=\"color: #333399;\">Dans le cadre du renouvellement des membres des Conseils de Discipline de la Facult\u00e9 et des D\u00e9partements, les \u00e9tudiants d\u00e9sireux d'\u00eatre membres desdits conseils sont pri\u00e9s de se rapprocher des d\u00e9partements concern\u00e9s (Pour le Conseil de Discipline du D\u00e9partement) ou du secr\u00e9tariat du Doyen (pour le Conseil de Discipline de la Facult\u00e9) pour y d\u00e9poser leurs candidatures.<\/span><\/p>","_et_gb_content_width":"","footnotes":""},"categories":[1],"tags":[],"class_list":["post-4687","post","type-post","status-publish","format-standard","has-post-thumbnail","hentry","category-non-classe"],"yoast_head":"<!-- This site is optimized with the Yoast SEO plugin v27.3 - https:\/\/yoast.com\/product\/yoast-seo-wordpress\/ -->\n<title>Avis aux \u00e9tudiants (Renouvellement des membres des Conseils de Discipline\u00a0de la Facult\u00e9 et des D\u00e9partements) - Facult\u00e9 des Sciences<\/title>\n<meta name=\"robots\" content=\"index, follow, max-snippet:-1, max-image-preview:large, max-video-preview:-1\" \/>\n<link rel=\"canonical\" href=\"https:\/\/www.ummto.dz\/fs\/avis-aux-etudiants-renouvellement-des-membres-des-conseils-de-discipline-de-la-faculte-et-des-departements\/\" \/>\n<meta property=\"og:locale\" content=\"fr_FR\" \/>\n<meta property=\"og:type\" content=\"article\" \/>\n<meta property=\"og:title\" content=\"Avis aux \u00e9tudiants (Renouvellement des membres des Conseils de Discipline\u00a0de la Facult\u00e9 et des D\u00e9partements) - Facult\u00e9 des Sciences\" \/>\n<meta property=\"og:description\" content=\"&nbsp; Avis aux \u00e9tudiants &nbsp; Dans le cadre du renouvellement des membres des Conseils de Discipline de la Facult\u00e9 et des D\u00e9partements, les \u00e9tudiants d\u00e9sireux d&#039;\u00eatre membres desdits conseils sont pri\u00e9s de se rapprocher des d\u00e9partements concern\u00e9s (Pour le Conseil de Discipline du D\u00e9partement) ou du secr\u00e9tariat du Doyen (pour le Conseil de Discipline de [&hellip;]\" \/>\n<meta property=\"og:url\" content=\"https:\/\/www.ummto.dz\/fs\/avis-aux-etudiants-renouvellement-des-membres-des-conseils-de-discipline-de-la-faculte-et-des-departements\/\" \/>\n<meta property=\"og:site_name\" content=\"Facult\u00e9 des Sciences\" \/>\n<meta property=\"article:published_time\" content=\"2021-01-13T08:59:25+00:00\" \/>\n<meta property=\"article:modified_time\" content=\"2021-11-09T10:27:39+00:00\" \/>\n<meta property=\"og:image\" content=\"https:\/\/www.ummto.dz\/fs\/wp-content\/uploads\/2019\/09\/Avis.jpg\" \/>\n\t<meta property=\"og:image:width\" content=\"225\" \/>\n\t<meta property=\"og:image:height\" content=\"225\" \/>\n\t<meta property=\"og:image:type\" content=\"image\/jpeg\" \/>\n<meta name=\"author\" content=\"maidi nacima\" \/>\n<meta name=\"twitter:card\" content=\"summary_large_image\" \/>\n<meta name=\"twitter:label1\" content=\"\u00c9crit par\" \/>\n\t<meta name=\"twitter:data1\" content=\"maidi nacima\" \/>\n\t<meta name=\"twitter:label2\" content=\"Dur\u00e9e de lecture estim\u00e9e\" \/>\n\t<meta name=\"twitter:data2\" content=\"1 minute\" \/>\n<script type=\"application\/ld+json\" class=\"yoast-schema-graph\">{\"@context\":\"https:\\\/\\\/schema.org\",\"@graph\":[{\"@type\":\"Article\",\"@id\":\"https:\\\/\\\/www.ummto.dz\\\/fs\\\/avis-aux-etudiants-renouvellement-des-membres-des-conseils-de-discipline-de-la-faculte-et-des-departements\\\/#article\",\"isPartOf\":{\"@id\":\"https:\\\/\\\/www.ummto.dz\\\/fs\\\/avis-aux-etudiants-renouvellement-des-membres-des-conseils-de-discipline-de-la-faculte-et-des-departements\\\/\"},\"author\":{\"name\":\"maidi nacima\",\"@id\":\"https:\\\/\\\/www.ummto.dz\\\/fs\\\/#\\\/schema\\\/person\\\/f0a19398acbf302f06e4a25788979a7c\"},\"headline\":\"Avis aux \u00e9tudiants (Renouvellement des membres des Conseils de Discipline\u00a0de la Facult\u00e9 et des D\u00e9partements)\",\"datePublished\":\"2021-01-13T08:59:25+00:00\",\"dateModified\":\"2021-11-09T10:27:39+00:00\",\"mainEntityOfPage\":{\"@id\":\"https:\\\/\\\/www.ummto.dz\\\/fs\\\/avis-aux-etudiants-renouvellement-des-membres-des-conseils-de-discipline-de-la-faculte-et-des-departements\\\/\"},\"wordCount\":164,\"commentCount\":0,\"image\":{\"@id\":\"https:\\\/\\\/www.ummto.dz\\\/fs\\\/avis-aux-etudiants-renouvellement-des-membres-des-conseils-de-discipline-de-la-faculte-et-des-departements\\\/#primaryimage\"},\"thumbnailUrl\":\"https:\\\/\\\/www.ummto.dz\\\/fs\\\/wp-content\\\/uploads\\\/2019\\\/09\\\/Avis.jpg\",\"articleSection\":[\"Actualit\u00e9\"],\"inLanguage\":\"fr-FR\",\"potentialAction\":[{\"@type\":\"CommentAction\",\"name\":\"Comment\",\"target\":[\"https:\\\/\\\/www.ummto.dz\\\/fs\\\/avis-aux-etudiants-renouvellement-des-membres-des-conseils-de-discipline-de-la-faculte-et-des-departements\\\/#respond\"]}]},{\"@type\":\"WebPage\",\"@id\":\"https:\\\/\\\/www.ummto.dz\\\/fs\\\/avis-aux-etudiants-renouvellement-des-membres-des-conseils-de-discipline-de-la-faculte-et-des-departements\\\/\",\"url\":\"https:\\\/\\\/www.ummto.dz\\\/fs\\\/avis-aux-etudiants-renouvellement-des-membres-des-conseils-de-discipline-de-la-faculte-et-des-departements\\\/\",\"name\":\"Avis aux \u00e9tudiants (Renouvellement des membres des Conseils de Discipline\u00a0de la Facult\u00e9 et des D\u00e9partements) - Facult\u00e9 des Sciences\",\"isPartOf\":{\"@id\":\"https:\\\/\\\/www.ummto.dz\\\/fs\\\/#website\"},\"primaryImageOfPage\":{\"@id\":\"https:\\\/\\\/www.ummto.dz\\\/fs\\\/avis-aux-etudiants-renouvellement-des-membres-des-conseils-de-discipline-de-la-faculte-et-des-departements\\\/#primaryimage\"},\"image\":{\"@id\":\"https:\\\/\\\/www.ummto.dz\\\/fs\\\/avis-aux-etudiants-renouvellement-des-membres-des-conseils-de-discipline-de-la-faculte-et-des-departements\\\/#primaryimage\"},\"thumbnailUrl\":\"https:\\\/\\\/www.ummto.dz\\\/fs\\\/wp-content\\\/uploads\\\/2019\\\/09\\\/Avis.jpg\",\"datePublished\":\"2021-01-13T08:59:25+00:00\",\"dateModified\":\"2021-11-09T10:27:39+00:00\",\"author\":{\"@id\":\"https:\\\/\\\/www.ummto.dz\\\/fs\\\/#\\\/schema\\\/person\\\/f0a19398acbf302f06e4a25788979a7c\"},\"breadcrumb\":{\"@id\":\"https:\\\/\\\/www.ummto.dz\\\/fs\\\/avis-aux-etudiants-renouvellement-des-membres-des-conseils-de-discipline-de-la-faculte-et-des-departements\\\/#breadcrumb\"},\"inLanguage\":\"fr-FR\",\"potentialAction\":[{\"@type\":\"ReadAction\",\"target\":[\"https:\\\/\\\/www.ummto.dz\\\/fs\\\/avis-aux-etudiants-renouvellement-des-membres-des-conseils-de-discipline-de-la-faculte-et-des-departements\\\/\"]}]},{\"@type\":\"ImageObject\",\"inLanguage\":\"fr-FR\",\"@id\":\"https:\\\/\\\/www.ummto.dz\\\/fs\\\/avis-aux-etudiants-renouvellement-des-membres-des-conseils-de-discipline-de-la-faculte-et-des-departements\\\/#primaryimage\",\"url\":\"https:\\\/\\\/www.ummto.dz\\\/fs\\\/wp-content\\\/uploads\\\/2019\\\/09\\\/Avis.jpg\",\"contentUrl\":\"https:\\\/\\\/www.ummto.dz\\\/fs\\\/wp-content\\\/uploads\\\/2019\\\/09\\\/Avis.jpg\",\"width\":225,\"height\":225},{\"@type\":\"BreadcrumbList\",\"@id\":\"https:\\\/\\\/www.ummto.dz\\\/fs\\\/avis-aux-etudiants-renouvellement-des-membres-des-conseils-de-discipline-de-la-faculte-et-des-departements\\\/#breadcrumb\",\"itemListElement\":[{\"@type\":\"ListItem\",\"position\":1,\"name\":\"Accueil\",\"item\":\"https:\\\/\\\/www.ummto.dz\\\/fs\\\/\"},{\"@type\":\"ListItem\",\"position\":2,\"name\":\"Avis aux \u00e9tudiants (Renouvellement des membres des Conseils de Discipline\u00a0de la Facult\u00e9 et des D\u00e9partements)\"}]},{\"@type\":\"WebSite\",\"@id\":\"https:\\\/\\\/www.ummto.dz\\\/fs\\\/#website\",\"url\":\"https:\\\/\\\/www.ummto.dz\\\/fs\\\/\",\"name\":\"Facult\u00e9 des Sciences\",\"description\":\"universit\u00e9 Moulous Mammeri de Tizi-Ouzou\",\"potentialAction\":[{\"@type\":\"SearchAction\",\"target\":{\"@type\":\"EntryPoint\",\"urlTemplate\":\"https:\\\/\\\/www.ummto.dz\\\/fs\\\/?s={search_term_string}\"},\"query-input\":{\"@type\":\"PropertyValueSpecification\",\"valueRequired\":true,\"valueName\":\"search_term_string\"}}],\"inLanguage\":\"fr-FR\"},{\"@type\":\"Person\",\"@id\":\"https:\\\/\\\/www.ummto.dz\\\/fs\\\/#\\\/schema\\\/person\\\/f0a19398acbf302f06e4a25788979a7c\",\"name\":\"maidi nacima\",\"url\":\"https:\\\/\\\/www.ummto.dz\\\/fs\\\/author\\\/maidi-nacima\\\/\"}]}<\/script>\n<!-- \/ Yoast SEO plugin. -->","yoast_head_json":{"title":"Avis aux \u00e9tudiants (Renouvellement des membres des Conseils de Discipline\u00a0de la Facult\u00e9 et des D\u00e9partements) - Facult\u00e9 des Sciences","robots":{"index":"index","follow":"follow","max-snippet":"max-snippet:-1","max-image-preview":"max-image-preview:large","max-video-preview":"max-video-preview:-1"},"canonical":"https:\/\/www.ummto.dz\/fs\/avis-aux-etudiants-renouvellement-des-membres-des-conseils-de-discipline-de-la-faculte-et-des-departements\/","og_locale":"fr_FR","og_type":"article","og_title":"Avis aux \u00e9tudiants (Renouvellement des membres des Conseils de Discipline\u00a0de la Facult\u00e9 et des D\u00e9partements) - Facult\u00e9 des Sciences","og_description":"&nbsp; Avis aux \u00e9tudiants &nbsp; Dans le cadre du renouvellement des membres des Conseils de Discipline de la Facult\u00e9 et des D\u00e9partements, les \u00e9tudiants d\u00e9sireux d'\u00eatre membres desdits conseils sont pri\u00e9s de se rapprocher des d\u00e9partements concern\u00e9s (Pour le Conseil de Discipline du D\u00e9partement) ou du secr\u00e9tariat du Doyen (pour le Conseil de Discipline de [&hellip;]","og_url":"https:\/\/www.ummto.dz\/fs\/avis-aux-etudiants-renouvellement-des-membres-des-conseils-de-discipline-de-la-faculte-et-des-departements\/","og_site_name":"Facult\u00e9 des Sciences","article_published_time":"2021-01-13T08:59:25+00:00","article_modified_time":"2021-11-09T10:27:39+00:00","og_image":[{"width":225,"height":225,"url":"https:\/\/www.ummto.dz\/fs\/wp-content\/uploads\/2019\/09\/Avis.jpg","type":"image\/jpeg"}],"author":"maidi nacima","twitter_card":"summary_large_image","twitter_misc":{"\u00c9crit par":"maidi nacima","Dur\u00e9e de lecture estim\u00e9e":"1 minute"},"schema":{"@context":"https:\/\/schema.org","@graph":[{"@type":"Article","@id":"https:\/\/www.ummto.dz\/fs\/avis-aux-etudiants-renouvellement-des-membres-des-conseils-de-discipline-de-la-faculte-et-des-departements\/#article","isPartOf":{"@id":"https:\/\/www.ummto.dz\/fs\/avis-aux-etudiants-renouvellement-des-membres-des-conseils-de-discipline-de-la-faculte-et-des-departements\/"},"author":{"name":"maidi nacima","@id":"https:\/\/www.ummto.dz\/fs\/#\/schema\/person\/f0a19398acbf302f06e4a25788979a7c"},"headline":"Avis aux \u00e9tudiants (Renouvellement des membres des Conseils de Discipline\u00a0de la Facult\u00e9 et des D\u00e9partements)","datePublished":"2021-01-13T08:59:25+00:00","dateModified":"2021-11-09T10:27:39+00:00","mainEntityOfPage":{"@id":"https:\/\/www.ummto.dz\/fs\/avis-aux-etudiants-renouvellement-des-membres-des-conseils-de-discipline-de-la-faculte-et-des-departements\/"},"wordCount":164,"commentCount":0,"image":{"@id":"https:\/\/www.ummto.dz\/fs\/avis-aux-etudiants-renouvellement-des-membres-des-conseils-de-discipline-de-la-faculte-et-des-departements\/#primaryimage"},"thumbnailUrl":"https:\/\/www.ummto.dz\/fs\/wp-content\/uploads\/2019\/09\/Avis.jpg","articleSection":["Actualit\u00e9"],"inLanguage":"fr-FR","potentialAction":[{"@type":"CommentAction","name":"Comment","target":["https:\/\/www.ummto.dz\/fs\/avis-aux-etudiants-renouvellement-des-membres-des-conseils-de-discipline-de-la-faculte-et-des-departements\/#respond"]}]},{"@type":"WebPage","@id":"https:\/\/www.ummto.dz\/fs\/avis-aux-etudiants-renouvellement-des-membres-des-conseils-de-discipline-de-la-faculte-et-des-departements\/","url":"https:\/\/www.ummto.dz\/fs\/avis-aux-etudiants-renouvellement-des-membres-des-conseils-de-discipline-de-la-faculte-et-des-departements\/","name":"Avis aux \u00e9tudiants (Renouvellement des membres des Conseils de Discipline\u00a0de la Facult\u00e9 et des D\u00e9partements) - Facult\u00e9 des Sciences","isPartOf":{"@id":"https:\/\/www.ummto.dz\/fs\/#website"},"primaryImageOfPage":{"@id":"https:\/\/www.ummto.dz\/fs\/avis-aux-etudiants-renouvellement-des-membres-des-conseils-de-discipline-de-la-faculte-et-des-departements\/#primaryimage"},"image":{"@id":"https:\/\/www.ummto.dz\/fs\/avis-aux-etudiants-renouvellement-des-membres-des-conseils-de-discipline-de-la-faculte-et-des-departements\/#primaryimage"},"thumbnailUrl":"https:\/\/www.ummto.dz\/fs\/wp-content\/uploads\/2019\/09\/Avis.jpg","datePublished":"2021-01-13T08:59:25+00:00","dateModified":"2021-11-09T10:27:39+00:00","author":{"@id":"https:\/\/www.ummto.dz\/fs\/#\/schema\/person\/f0a19398acbf302f06e4a25788979a7c"},"breadcrumb":{"@id":"https:\/\/www.ummto.dz\/fs\/avis-aux-etudiants-renouvellement-des-membres-des-conseils-de-discipline-de-la-faculte-et-des-departements\/#breadcrumb"},"inLanguage":"fr-FR","potentialAction":[{"@type":"ReadAction","target":["https:\/\/www.ummto.dz\/fs\/avis-aux-etudiants-renouvellement-des-membres-des-conseils-de-discipline-de-la-faculte-et-des-departements\/"]}]},{"@type":"ImageObject","inLanguage":"fr-FR","@id":"https:\/\/www.ummto.dz\/fs\/avis-aux-etudiants-renouvellement-des-membres-des-conseils-de-discipline-de-la-faculte-et-des-departements\/#primaryimage","url":"https:\/\/www.ummto.dz\/fs\/wp-content\/uploads\/2019\/09\/Avis.jpg","contentUrl":"https:\/\/www.ummto.dz\/fs\/wp-content\/uploads\/2019\/09\/Avis.jpg","width":225,"height":225},{"@type":"BreadcrumbList","@id":"https:\/\/www.ummto.dz\/fs\/avis-aux-etudiants-renouvellement-des-membres-des-conseils-de-discipline-de-la-faculte-et-des-departements\/#breadcrumb","itemListElement":[{"@type":"ListItem","position":1,"name":"Accueil","item":"https:\/\/www.ummto.dz\/fs\/"},{"@type":"ListItem","position":2,"name":"Avis aux \u00e9tudiants (Renouvellement des membres des Conseils de Discipline\u00a0de la Facult\u00e9 et des D\u00e9partements)"}]},{"@type":"WebSite","@id":"https:\/\/www.ummto.dz\/fs\/#website","url":"https:\/\/www.ummto.dz\/fs\/","name":"Facult\u00e9 des Sciences","description":"universit\u00e9 Moulous Mammeri de Tizi-Ouzou","potentialAction":[{"@type":"SearchAction","target":{"@type":"EntryPoint","urlTemplate":"https:\/\/www.ummto.dz\/fs\/?s={search_term_string}"},"query-input":{"@type":"PropertyValueSpecification","valueRequired":true,"valueName":"search_term_string"}}],"inLanguage":"fr-FR"},{"@type":"Person","@id":"https:\/\/www.ummto.dz\/fs\/#\/schema\/person\/f0a19398acbf302f06e4a25788979a7c","name":"maidi nacima","url":"https:\/\/www.ummto.dz\/fs\/author\/maidi-nacima\/"}]}},"_links":{"self":[{"href":"https:\/\/www.ummto.dz\/fs\/wp-json\/wp\/v2\/posts\/4687","targetHints":{"allow":["GET"]}}],"collection":[{"href":"https:\/\/www.ummto.dz\/fs\/wp-json\/wp\/v2\/posts"}],"about":[{"href":"https:\/\/www.ummto.dz\/fs\/wp-json\/wp\/v2\/types\/post"}],"author":[{"embeddable":true,"href":"https:\/\/www.ummto.dz\/fs\/wp-json\/wp\/v2\/users\/1"}],"replies":[{"embeddable":true,"href":"https:\/\/www.ummto.dz\/fs\/wp-json\/wp\/v2\/comments?post=4687"}],"version-history":[{"count":5,"href":"https:\/\/www.ummto.dz\/fs\/wp-json\/wp\/v2\/posts\/4687\/revisions"}],"predecessor-version":[{"id":7927,"href":"https:\/\/www.ummto.dz\/fs\/wp-json\/wp\/v2\/posts\/4687\/revisions\/7927"}],"wp:featuredmedia":[{"embeddable":true,"href":"https:\/\/www.ummto.dz\/fs\/wp-json\/wp\/v2\/media\/1565"}],"wp:attachment":[{"href":"https:\/\/www.ummto.dz\/fs\/wp-json\/wp\/v2\/media?parent=4687"}],"wp:term":[{"taxonomy":"category","embeddable":true,"href":"https:\/\/www.ummto.dz\/fs\/wp-json\/wp\/v2\/categories?post=4687"},{"taxonomy":"post_tag","embeddable":true,"href":"https:\/\/www.ummto.dz\/fs\/wp-json\/wp\/v2\/tags?post=4687"}],"curies":[{"name":"wp","href":"https:\/\/api.w.org\/{rel}","templated":true}]}}