{"id":6074,"date":"2021-10-05T23:51:15","date_gmt":"2021-10-05T21:51:15","guid":{"rendered":"http:\/\/fs.ummto.dz\/?p=6074"},"modified":"2021-11-09T11:04:04","modified_gmt":"2021-11-09T10:04:04","slug":"emplois-du-temps-mis-a-jour-et-debut-des-cours-pour-l1-mathematiques-informatique-2021-2022","status":"publish","type":"post","link":"https:\/\/www.ummto.dz\/fs\/emplois-du-temps-mis-a-jour-et-debut-des-cours-pour-l1-mathematiques-informatique-2021-2022\/","title":{"rendered":"Emplois du temps (mis \u00e0 jour) et d\u00e9but des cours pour L1 Math\u00e9matiques &amp; Informatique 2021-2022"},"content":{"rendered":"<p>[et_pb_section fb_built=\u00a0\u00bb1&Prime; _builder_version=\u00a0\u00bb3.22&Prime; global_colors_info=\u00a0\u00bb{}\u00a0\u00bb][et_pb_row _builder_version=\u00a0\u00bb3.25&Prime; background_size=\u00a0\u00bbinitial\u00a0\u00bb background_position=\u00a0\u00bbtop_left\u00a0\u00bb background_repeat=\u00a0\u00bbrepeat\u00a0\u00bb global_colors_info=\u00a0\u00bb{}\u00a0\u00bb][et_pb_column type=\u00a0\u00bb4_4&Prime; _builder_version=\u00a0\u00bb3.25&Prime; custom_padding=\u00a0\u00bb|||\u00a0\u00bb global_colors_info=\u00a0\u00bb{}\u00a0\u00bb custom_padding__hover=\u00a0\u00bb|||\u00a0\u00bb][et_pb_text _builder_version=\u00a0\u00bb4.11.4&Prime; background_size=\u00a0\u00bbinitial\u00a0\u00bb background_position=\u00a0\u00bbtop_left\u00a0\u00bb background_repeat=\u00a0\u00bbrepeat\u00a0\u00bb hover_enabled=\u00a0\u00bb0&Prime; global_colors_info=\u00a0\u00bb{}\u00a0\u00bb sticky_enabled=\u00a0\u00bb0&Prime;]<\/p>\n<p style=\"text-align: center\"><span style=\"text-decoration: underline\"><span style=\"color: #ff0000;font-size: 18pt\"><strong><img decoding=\"async\" class=\"wp-image-1278  alignleft\" src=\"https:\/\/www.ummto.dz\/fs\/wp-content\/uploads\/2019\/01\/emploi-du-temps-.jpg\" alt=\"\" width=\"161\" height=\"133\" \/>Emplois du temps MI 2021-2022 <span style=\"color: #000080;text-decoration: underline\">mis \u00e0 jour pour les six sections<\/span><\/strong><\/span><\/span><\/p>\n<p><strong><span style=\"color: #000000\">Les emplois du temps de la 1\u00e8re ann\u00e9e tronc-commun en Math\u00e9matiques &amp; Informatique\u00a0 de l&rsquo;ann\u00e9e universitaire 2021\/2022 sont comme suit :<\/span><\/strong><\/p>\n<p>&nbsp;<\/p>\n<ul style=\"list-style-type: circle\">\n<li><a href=\"http:\/\/www.ummto.dz\/fs\/wp-content\/uploads\/2021\/09\/EMPLOIS-DU-TEMPS-MI-2021-2022-Section-A.pdf\" target=\"_blank\" rel=\"noopener\"><span style=\"color: #000080\"><strong>Emploi du temps MI Section A 2021\/2022 <\/strong><\/span><\/a><\/li>\n<li><a href=\"http:\/\/www.ummto.dz\/wp-content\/fs\/uploads\/2021\/09\/EMPLOIS-DU-TEMPS-MI-2021-2022-Section-B.pdf\" target=\"_blank\" rel=\"noopener\"><span style=\"color: #000080\"><strong>Emploi du temps MI Section B 2021\/2022<\/strong><\/span><\/a><\/li>\n<li><a href=\"http:\/\/www.ummto.dz\/fs\/wp-content\/uploads\/2021\/09\/EMPLOIS-DU-TEMPS-MI-2021-2022-Section-C.pdf\" target=\"_blank\" rel=\"noopener\"><span style=\"color: #000080\"><strong> Emploi du temps MI Section C 2021\/2022 <\/strong><\/span><\/a><\/li>\n<li><a href=\"http:\/\/www.ummto.dz\/fs\/wp-content\/uploads\/2021\/09\/EMPLOIS-DU-TEMPS-MI-2021-2022-Section-D.pdf\" target=\"_blank\" rel=\"noopener\"><span style=\"color: #000080\"><strong>Emploi du temps MI Section D 2021\/2022 <\/strong><\/span><\/a><\/li>\n<li><a href=\"http:\/\/www.ummto.dz\/fs\/wp-content\/uploads\/2021\/09\/EMPLOIS-DU-TEMPS-MI-2021-2022-Section-E.pdf\" target=\"_blank\" rel=\"noopener\"><span style=\"color: #000080\"><strong>Emploi du temps MI Section E 2021\/2022 <\/strong><\/span><\/a><\/li>\n<li><a href=\"http:\/\/www.ummto.dz\/fs\/wp-content\/uploads\/2021\/09\/EMPLOIS-DU-TEMPS-MI-2021-2022-Section-F.pdf\" target=\"_blank\" rel=\"noopener\"><span style=\"color: #000080\"><strong>Emploi du temps MI Section F 2021\/2022 <\/strong><\/span><\/a><\/li>\n<li><a href=\"http:\/\/www.ummto.dz\/fs\/wp-content\/uploads\/2021\/09\/SECTIONS_GROUPES_MI_2021_2022.pdf\" target=\"_blank\" rel=\"noopener\"><span style=\"color: #000080\"><strong>R\u00e9partition des \u00e9tudiants MI par Sections &amp; Groupes 2021\/2022<\/strong><\/span><\/a><span style=\"font-size: 12pt;color: #ff0000\"><strong> (mise \u00e0 jour suite \u00e0 la finalisation de l&rsquo;op\u00e9ration de validation des inscriptions et des transferts).<\/strong><\/span><\/li>\n<\/ul>\n<hr \/>\n<p style=\"text-align: center\"><span style=\"text-decoration: underline\"><span style=\"font-size: 18pt;color: #ff0000\"><strong><br \/><span style=\"font-size: 18pt\"><span style=\"color: #ff0000;text-decoration: underline\"><img decoding=\"async\" class=\"wp-image-1470  alignleft\" src=\"https:\/\/www.ummto.dz\/fs\/wp-content\/uploads\/2019\/06\/conf\u00e9rence-.jpg\" alt=\"\" width=\"171\" height=\"169\" \/><\/span><\/span><span style=\"color: #000080;text-decoration: underline\">D\u00e9but des cours L1 MI 2021-2022<\/span><\/strong><\/span><\/span><\/p>\n<ul style=\"list-style-type: circle\">\n<li class=\"yiv3737289364MsoNormal\"><strong><span style=\"color: #000000\">Les enseignements (cours, TD et TP) se d\u00e9rouleront au niveau du\u00a0 campus HASNAOUA 2 (Bastos).<\/span><\/strong><\/li>\n<li class=\"yiv3737289364MsoNormal\"><strong><span style=\"color: #000000\">D\u00e9but des cours\u00a0:<\/span> <span style=\"color: #ff0000\">Dimanche 10 octobre 2021.<\/span><\/strong><\/li>\n<\/ul>\n<p>[\/et_pb_text][\/et_pb_column][\/et_pb_row][\/et_pb_section]<\/p>\n","protected":false},"excerpt":{"rendered":"<p>Emplois du temps MI 2021-2022 mis \u00e0 jour pour les six sections Les emplois du temps de la 1\u00e8re ann\u00e9e tronc-commun en Math\u00e9matiques &amp; Informatique\u00a0 de l&rsquo;ann\u00e9e universitaire 2021\/2022 sont comme suit : &nbsp; Emploi du temps MI Section A 2021\/2022 Emploi du temps MI Section B 2021\/2022 Emploi du temps MI Section C 2021\/2022 [&hellip;]<\/p>\n","protected":false},"author":20,"featured_media":5907,"comment_status":"open","ping_status":"open","sticky":false,"template":"","format":"standard","meta":{"_et_pb_use_builder":"on","_et_pb_old_content":"<p style=\"text-align: center;\"><span style=\"text-decoration: underline;\"><span style=\"color: #ff0000; font-size: 18pt;\"><strong><img class=\"wp-image-1278 alignleft\" src=\"http:\/\/fs.ummto.dz\/wp-content\/uploads\/2019\/01\/emploi-du-temps-.jpg\" alt=\"\" width=\"125\" height=\"103\" \/>Emplois du temps MI 2021-2022 <span style=\"color: #000080; text-decoration: underline;\">mis \u00e0 jour pour les six sections<\/span><\/strong><\/span><\/span><\/p><p><strong><span style=\"color: #000000;\">Les emplois du temps de la 1\u00e8re ann\u00e9e tronc-commun en Math\u00e9matiques & Informatique\u00a0 de l'ann\u00e9e universitaire 2021\/2022 sont comme suit :<\/span><\/strong><\/p><p>\u00a0<\/p><ul style=\"list-style-type: circle;\"><li><a href=\"http:\/\/fs.ummto.dz\/wp-content\/uploads\/2021\/09\/EMPLOIS-DU-TEMPS-MI-2021-2022-Section-A.pdf\" target=\"_blank\" rel=\"noopener\"><span style=\"color: #000080;\"><strong>Emploi du temps MI Section A 2021\/2022 <\/strong><\/span><\/a><\/li><li><a href=\"http:\/\/fs.ummto.dz\/wp-content\/uploads\/2021\/09\/EMPLOIS-DU-TEMPS-MI-2021-2022-Section-B.pdf\" target=\"_blank\" rel=\"noopener\"><span style=\"color: #000080;\"><strong>Emploi du temps MI Section B 2021\/2022<\/strong><\/span><\/a><\/li><li><a href=\"http:\/\/fs.ummto.dz\/wp-content\/uploads\/2021\/09\/EMPLOIS-DU-TEMPS-MI-2021-2022-Section-C.pdf\" target=\"_blank\" rel=\"noopener\"><span style=\"color: #000080;\"><strong> Emploi du temps MI Section C 2021\/2022 <\/strong><\/span><\/a><\/li><li><a href=\"http:\/\/fs.ummto.dz\/wp-content\/uploads\/2021\/09\/EMPLOIS-DU-TEMPS-MI-2021-2022-Section-D.pdf\" target=\"_blank\" rel=\"noopener\"><span style=\"color: #000080;\"><strong>Emploi du temps MI Section D 2021\/2022 <\/strong><\/span><\/a><\/li><li><a href=\"http:\/\/fs.ummto.dz\/wp-content\/uploads\/2021\/09\/EMPLOIS-DU-TEMPS-MI-2021-2022-Section-E.pdf\" target=\"_blank\" rel=\"noopener\"><span style=\"color: #000080;\"><strong>Emploi du temps MI Section E 2021\/2022 <\/strong><\/span><\/a><\/li><li><a href=\"http:\/\/fs.ummto.dz\/wp-content\/uploads\/2021\/09\/EMPLOIS-DU-TEMPS-MI-2021-2022-Section-F.pdf\" target=\"_blank\" rel=\"noopener\"><span style=\"color: #000080;\"><strong>Emploi du temps MI Section F 2021\/2022 <\/strong><\/span><\/a><\/li><li><a href=\"http:\/\/fs.ummto.dz\/wp-content\/uploads\/2021\/09\/SECTIONS_GROUPES_MI_2021_2022.pdf\" target=\"_blank\" rel=\"noopener\"><span style=\"color: #000080;\"><strong>R\u00e9partition des \u00e9tudiants MI par Sections & Groupes 2021\/2022<\/strong><\/span><\/a><span style=\"font-size: 12pt; color: #ff0000;\"><strong> (mise \u00e0 jour suite \u00e0 la finalisation de l'op\u00e9ration de validation des inscriptions et des transferts).<\/strong><\/span><\/li><\/ul><hr \/><p style=\"text-align: center;\"><span style=\"text-decoration: underline;\"><span style=\"font-size: 18pt; color: #ff0000;\"><strong><br \/><span style=\"font-size: 18pt;\"><span style=\"color: #ff0000; text-decoration: underline;\"><img class=\"wp-image-1470 alignleft\" src=\"http:\/\/fs.ummto.dz\/wp-content\/uploads\/2019\/06\/conf\u00e9rence-.jpg\" alt=\"\" width=\"166\" height=\"164\" \/><\/span><\/span><span style=\"color: #000080; text-decoration: underline;\">D\u00e9but des cours L1 MI 2021-2022<\/span><\/strong><\/span><\/span><\/p><ul style=\"list-style-type: circle;\"><li class=\"yiv3737289364MsoNormal\"><strong><span style=\"color: #000000;\">Les enseignements (cours, TD et TP) se d\u00e9rouleront au niveau du\u00a0 campus HASNAOUA 2 (Bastos).<\/span><\/strong><\/li><li class=\"yiv3737289364MsoNormal\"><strong><span style=\"color: #000000;\">D\u00e9but des cours\u00a0:<\/span> <span style=\"color: #ff0000;\">Dimanche 10 octobre 2021.<\/span><\/strong><\/li><\/ul>","_et_gb_content_width":"","footnotes":""},"categories":[1],"tags":[],"class_list":["post-6074","post","type-post","status-publish","format-standard","has-post-thumbnail","hentry","category-non-classe"],"yoast_head":"<!-- This site is optimized with the Yoast SEO plugin v27.3 - https:\/\/yoast.com\/product\/yoast-seo-wordpress\/ -->\n<title>Emplois du temps (mis \u00e0 jour) et d\u00e9but des cours pour L1 Math\u00e9matiques &amp; Informatique 2021-2022 - Facult\u00e9 des Sciences<\/title>\n<meta name=\"robots\" content=\"index, follow, max-snippet:-1, max-image-preview:large, max-video-preview:-1\" \/>\n<link rel=\"canonical\" href=\"https:\/\/www.ummto.dz\/fs\/emplois-du-temps-mis-a-jour-et-debut-des-cours-pour-l1-mathematiques-informatique-2021-2022\/\" \/>\n<meta property=\"og:locale\" content=\"fr_FR\" \/>\n<meta property=\"og:type\" content=\"article\" \/>\n<meta property=\"og:title\" content=\"Emplois du temps (mis \u00e0 jour) et d\u00e9but des cours pour L1 Math\u00e9matiques &amp; Informatique 2021-2022 - Facult\u00e9 des Sciences\" \/>\n<meta property=\"og:description\" content=\"Emplois du temps MI 2021-2022 mis \u00e0 jour pour les six sections Les emplois du temps de la 1\u00e8re ann\u00e9e tronc-commun en Math\u00e9matiques &amp; Informatique\u00a0 de l&#039;ann\u00e9e universitaire 2021\/2022 sont comme suit : &nbsp; Emploi du temps MI Section A 2021\/2022 Emploi du temps MI Section B 2021\/2022 Emploi du temps MI Section C 2021\/2022 [&hellip;]\" \/>\n<meta property=\"og:url\" content=\"https:\/\/www.ummto.dz\/fs\/emplois-du-temps-mis-a-jour-et-debut-des-cours-pour-l1-mathematiques-informatique-2021-2022\/\" \/>\n<meta property=\"og:site_name\" content=\"Facult\u00e9 des Sciences\" \/>\n<meta property=\"article:published_time\" content=\"2021-10-05T21:51:15+00:00\" \/>\n<meta property=\"article:modified_time\" content=\"2021-11-09T10:04:04+00:00\" \/>\n<meta property=\"og:image\" content=\"https:\/\/www.ummto.dz\/fs\/wp-content\/uploads\/2021\/09\/rubon7903-ed895-1.gif\" \/>\n\t<meta property=\"og:image:width\" content=\"55\" \/>\n\t<meta property=\"og:image:height\" content=\"55\" \/>\n\t<meta property=\"og:image:type\" content=\"image\/gif\" \/>\n<meta name=\"author\" content=\"AliBelaid\" \/>\n<meta name=\"twitter:card\" content=\"summary_large_image\" \/>\n<meta name=\"twitter:label1\" content=\"\u00c9crit par\" \/>\n\t<meta name=\"twitter:data1\" content=\"AliBelaid\" \/>\n\t<meta name=\"twitter:label2\" content=\"Dur\u00e9e de lecture estim\u00e9e\" \/>\n\t<meta name=\"twitter:data2\" content=\"1 minute\" \/>\n<script type=\"application\/ld+json\" class=\"yoast-schema-graph\">{\"@context\":\"https:\\\/\\\/schema.org\",\"@graph\":[{\"@type\":\"Article\",\"@id\":\"https:\\\/\\\/www.ummto.dz\\\/fs\\\/emplois-du-temps-mis-a-jour-et-debut-des-cours-pour-l1-mathematiques-informatique-2021-2022\\\/#article\",\"isPartOf\":{\"@id\":\"https:\\\/\\\/www.ummto.dz\\\/fs\\\/emplois-du-temps-mis-a-jour-et-debut-des-cours-pour-l1-mathematiques-informatique-2021-2022\\\/\"},\"author\":{\"name\":\"AliBelaid\",\"@id\":\"https:\\\/\\\/www.ummto.dz\\\/fs\\\/#\\\/schema\\\/person\\\/68cd5cb15ebf0a513c712cb96b659af2\"},\"headline\":\"Emplois du temps (mis \u00e0 jour) et d\u00e9but des cours pour L1 Math\u00e9matiques &amp; Informatique 2021-2022\",\"datePublished\":\"2021-10-05T21:51:15+00:00\",\"dateModified\":\"2021-11-09T10:04:04+00:00\",\"mainEntityOfPage\":{\"@id\":\"https:\\\/\\\/www.ummto.dz\\\/fs\\\/emplois-du-temps-mis-a-jour-et-debut-des-cours-pour-l1-mathematiques-informatique-2021-2022\\\/\"},\"wordCount\":217,\"commentCount\":0,\"image\":{\"@id\":\"https:\\\/\\\/www.ummto.dz\\\/fs\\\/emplois-du-temps-mis-a-jour-et-debut-des-cours-pour-l1-mathematiques-informatique-2021-2022\\\/#primaryimage\"},\"thumbnailUrl\":\"https:\\\/\\\/www.ummto.dz\\\/fs\\\/wp-content\\\/uploads\\\/2021\\\/09\\\/rubon7903-ed895-1.gif\",\"articleSection\":[\"Actualit\u00e9\"],\"inLanguage\":\"fr-FR\",\"potentialAction\":[{\"@type\":\"CommentAction\",\"name\":\"Comment\",\"target\":[\"https:\\\/\\\/www.ummto.dz\\\/fs\\\/emplois-du-temps-mis-a-jour-et-debut-des-cours-pour-l1-mathematiques-informatique-2021-2022\\\/#respond\"]}]},{\"@type\":\"WebPage\",\"@id\":\"https:\\\/\\\/www.ummto.dz\\\/fs\\\/emplois-du-temps-mis-a-jour-et-debut-des-cours-pour-l1-mathematiques-informatique-2021-2022\\\/\",\"url\":\"https:\\\/\\\/www.ummto.dz\\\/fs\\\/emplois-du-temps-mis-a-jour-et-debut-des-cours-pour-l1-mathematiques-informatique-2021-2022\\\/\",\"name\":\"Emplois du temps (mis \u00e0 jour) et d\u00e9but des cours pour L1 Math\u00e9matiques &amp; Informatique 2021-2022 - Facult\u00e9 des Sciences\",\"isPartOf\":{\"@id\":\"https:\\\/\\\/www.ummto.dz\\\/fs\\\/#website\"},\"primaryImageOfPage\":{\"@id\":\"https:\\\/\\\/www.ummto.dz\\\/fs\\\/emplois-du-temps-mis-a-jour-et-debut-des-cours-pour-l1-mathematiques-informatique-2021-2022\\\/#primaryimage\"},\"image\":{\"@id\":\"https:\\\/\\\/www.ummto.dz\\\/fs\\\/emplois-du-temps-mis-a-jour-et-debut-des-cours-pour-l1-mathematiques-informatique-2021-2022\\\/#primaryimage\"},\"thumbnailUrl\":\"https:\\\/\\\/www.ummto.dz\\\/fs\\\/wp-content\\\/uploads\\\/2021\\\/09\\\/rubon7903-ed895-1.gif\",\"datePublished\":\"2021-10-05T21:51:15+00:00\",\"dateModified\":\"2021-11-09T10:04:04+00:00\",\"author\":{\"@id\":\"https:\\\/\\\/www.ummto.dz\\\/fs\\\/#\\\/schema\\\/person\\\/68cd5cb15ebf0a513c712cb96b659af2\"},\"breadcrumb\":{\"@id\":\"https:\\\/\\\/www.ummto.dz\\\/fs\\\/emplois-du-temps-mis-a-jour-et-debut-des-cours-pour-l1-mathematiques-informatique-2021-2022\\\/#breadcrumb\"},\"inLanguage\":\"fr-FR\",\"potentialAction\":[{\"@type\":\"ReadAction\",\"target\":[\"https:\\\/\\\/www.ummto.dz\\\/fs\\\/emplois-du-temps-mis-a-jour-et-debut-des-cours-pour-l1-mathematiques-informatique-2021-2022\\\/\"]}]},{\"@type\":\"ImageObject\",\"inLanguage\":\"fr-FR\",\"@id\":\"https:\\\/\\\/www.ummto.dz\\\/fs\\\/emplois-du-temps-mis-a-jour-et-debut-des-cours-pour-l1-mathematiques-informatique-2021-2022\\\/#primaryimage\",\"url\":\"https:\\\/\\\/www.ummto.dz\\\/fs\\\/wp-content\\\/uploads\\\/2021\\\/09\\\/rubon7903-ed895-1.gif\",\"contentUrl\":\"https:\\\/\\\/www.ummto.dz\\\/fs\\\/wp-content\\\/uploads\\\/2021\\\/09\\\/rubon7903-ed895-1.gif\",\"width\":55,\"height\":55},{\"@type\":\"BreadcrumbList\",\"@id\":\"https:\\\/\\\/www.ummto.dz\\\/fs\\\/emplois-du-temps-mis-a-jour-et-debut-des-cours-pour-l1-mathematiques-informatique-2021-2022\\\/#breadcrumb\",\"itemListElement\":[{\"@type\":\"ListItem\",\"position\":1,\"name\":\"Accueil\",\"item\":\"https:\\\/\\\/www.ummto.dz\\\/fs\\\/\"},{\"@type\":\"ListItem\",\"position\":2,\"name\":\"Emplois du temps (mis \u00e0 jour) et d\u00e9but des cours pour L1 Math\u00e9matiques &amp; Informatique 2021-2022\"}]},{\"@type\":\"WebSite\",\"@id\":\"https:\\\/\\\/www.ummto.dz\\\/fs\\\/#website\",\"url\":\"https:\\\/\\\/www.ummto.dz\\\/fs\\\/\",\"name\":\"Facult\u00e9 des Sciences\",\"description\":\"universit\u00e9 Moulous Mammeri de Tizi-Ouzou\",\"potentialAction\":[{\"@type\":\"SearchAction\",\"target\":{\"@type\":\"EntryPoint\",\"urlTemplate\":\"https:\\\/\\\/www.ummto.dz\\\/fs\\\/?s={search_term_string}\"},\"query-input\":{\"@type\":\"PropertyValueSpecification\",\"valueRequired\":true,\"valueName\":\"search_term_string\"}}],\"inLanguage\":\"fr-FR\"},{\"@type\":\"Person\",\"@id\":\"https:\\\/\\\/www.ummto.dz\\\/fs\\\/#\\\/schema\\\/person\\\/68cd5cb15ebf0a513c712cb96b659af2\",\"name\":\"AliBelaid\",\"url\":\"https:\\\/\\\/www.ummto.dz\\\/fs\\\/author\\\/alibelaid\\\/\"}]}<\/script>\n<!-- \/ Yoast SEO plugin. -->","yoast_head_json":{"title":"Emplois du temps (mis \u00e0 jour) et d\u00e9but des cours pour L1 Math\u00e9matiques &amp; Informatique 2021-2022 - Facult\u00e9 des Sciences","robots":{"index":"index","follow":"follow","max-snippet":"max-snippet:-1","max-image-preview":"max-image-preview:large","max-video-preview":"max-video-preview:-1"},"canonical":"https:\/\/www.ummto.dz\/fs\/emplois-du-temps-mis-a-jour-et-debut-des-cours-pour-l1-mathematiques-informatique-2021-2022\/","og_locale":"fr_FR","og_type":"article","og_title":"Emplois du temps (mis \u00e0 jour) et d\u00e9but des cours pour L1 Math\u00e9matiques &amp; Informatique 2021-2022 - Facult\u00e9 des Sciences","og_description":"Emplois du temps MI 2021-2022 mis \u00e0 jour pour les six sections Les emplois du temps de la 1\u00e8re ann\u00e9e tronc-commun en Math\u00e9matiques &amp; Informatique\u00a0 de l'ann\u00e9e universitaire 2021\/2022 sont comme suit : &nbsp; Emploi du temps MI Section A 2021\/2022 Emploi du temps MI Section B 2021\/2022 Emploi du temps MI Section C 2021\/2022 [&hellip;]","og_url":"https:\/\/www.ummto.dz\/fs\/emplois-du-temps-mis-a-jour-et-debut-des-cours-pour-l1-mathematiques-informatique-2021-2022\/","og_site_name":"Facult\u00e9 des Sciences","article_published_time":"2021-10-05T21:51:15+00:00","article_modified_time":"2021-11-09T10:04:04+00:00","og_image":[{"width":55,"height":55,"url":"https:\/\/www.ummto.dz\/fs\/wp-content\/uploads\/2021\/09\/rubon7903-ed895-1.gif","type":"image\/gif"}],"author":"AliBelaid","twitter_card":"summary_large_image","twitter_misc":{"\u00c9crit par":"AliBelaid","Dur\u00e9e de lecture estim\u00e9e":"1 minute"},"schema":{"@context":"https:\/\/schema.org","@graph":[{"@type":"Article","@id":"https:\/\/www.ummto.dz\/fs\/emplois-du-temps-mis-a-jour-et-debut-des-cours-pour-l1-mathematiques-informatique-2021-2022\/#article","isPartOf":{"@id":"https:\/\/www.ummto.dz\/fs\/emplois-du-temps-mis-a-jour-et-debut-des-cours-pour-l1-mathematiques-informatique-2021-2022\/"},"author":{"name":"AliBelaid","@id":"https:\/\/www.ummto.dz\/fs\/#\/schema\/person\/68cd5cb15ebf0a513c712cb96b659af2"},"headline":"Emplois du temps (mis \u00e0 jour) et d\u00e9but des cours pour L1 Math\u00e9matiques &amp; Informatique 2021-2022","datePublished":"2021-10-05T21:51:15+00:00","dateModified":"2021-11-09T10:04:04+00:00","mainEntityOfPage":{"@id":"https:\/\/www.ummto.dz\/fs\/emplois-du-temps-mis-a-jour-et-debut-des-cours-pour-l1-mathematiques-informatique-2021-2022\/"},"wordCount":217,"commentCount":0,"image":{"@id":"https:\/\/www.ummto.dz\/fs\/emplois-du-temps-mis-a-jour-et-debut-des-cours-pour-l1-mathematiques-informatique-2021-2022\/#primaryimage"},"thumbnailUrl":"https:\/\/www.ummto.dz\/fs\/wp-content\/uploads\/2021\/09\/rubon7903-ed895-1.gif","articleSection":["Actualit\u00e9"],"inLanguage":"fr-FR","potentialAction":[{"@type":"CommentAction","name":"Comment","target":["https:\/\/www.ummto.dz\/fs\/emplois-du-temps-mis-a-jour-et-debut-des-cours-pour-l1-mathematiques-informatique-2021-2022\/#respond"]}]},{"@type":"WebPage","@id":"https:\/\/www.ummto.dz\/fs\/emplois-du-temps-mis-a-jour-et-debut-des-cours-pour-l1-mathematiques-informatique-2021-2022\/","url":"https:\/\/www.ummto.dz\/fs\/emplois-du-temps-mis-a-jour-et-debut-des-cours-pour-l1-mathematiques-informatique-2021-2022\/","name":"Emplois du temps (mis \u00e0 jour) et d\u00e9but des cours pour L1 Math\u00e9matiques &amp; Informatique 2021-2022 - Facult\u00e9 des Sciences","isPartOf":{"@id":"https:\/\/www.ummto.dz\/fs\/#website"},"primaryImageOfPage":{"@id":"https:\/\/www.ummto.dz\/fs\/emplois-du-temps-mis-a-jour-et-debut-des-cours-pour-l1-mathematiques-informatique-2021-2022\/#primaryimage"},"image":{"@id":"https:\/\/www.ummto.dz\/fs\/emplois-du-temps-mis-a-jour-et-debut-des-cours-pour-l1-mathematiques-informatique-2021-2022\/#primaryimage"},"thumbnailUrl":"https:\/\/www.ummto.dz\/fs\/wp-content\/uploads\/2021\/09\/rubon7903-ed895-1.gif","datePublished":"2021-10-05T21:51:15+00:00","dateModified":"2021-11-09T10:04:04+00:00","author":{"@id":"https:\/\/www.ummto.dz\/fs\/#\/schema\/person\/68cd5cb15ebf0a513c712cb96b659af2"},"breadcrumb":{"@id":"https:\/\/www.ummto.dz\/fs\/emplois-du-temps-mis-a-jour-et-debut-des-cours-pour-l1-mathematiques-informatique-2021-2022\/#breadcrumb"},"inLanguage":"fr-FR","potentialAction":[{"@type":"ReadAction","target":["https:\/\/www.ummto.dz\/fs\/emplois-du-temps-mis-a-jour-et-debut-des-cours-pour-l1-mathematiques-informatique-2021-2022\/"]}]},{"@type":"ImageObject","inLanguage":"fr-FR","@id":"https:\/\/www.ummto.dz\/fs\/emplois-du-temps-mis-a-jour-et-debut-des-cours-pour-l1-mathematiques-informatique-2021-2022\/#primaryimage","url":"https:\/\/www.ummto.dz\/fs\/wp-content\/uploads\/2021\/09\/rubon7903-ed895-1.gif","contentUrl":"https:\/\/www.ummto.dz\/fs\/wp-content\/uploads\/2021\/09\/rubon7903-ed895-1.gif","width":55,"height":55},{"@type":"BreadcrumbList","@id":"https:\/\/www.ummto.dz\/fs\/emplois-du-temps-mis-a-jour-et-debut-des-cours-pour-l1-mathematiques-informatique-2021-2022\/#breadcrumb","itemListElement":[{"@type":"ListItem","position":1,"name":"Accueil","item":"https:\/\/www.ummto.dz\/fs\/"},{"@type":"ListItem","position":2,"name":"Emplois du temps (mis \u00e0 jour) et d\u00e9but des cours pour L1 Math\u00e9matiques &amp; Informatique 2021-2022"}]},{"@type":"WebSite","@id":"https:\/\/www.ummto.dz\/fs\/#website","url":"https:\/\/www.ummto.dz\/fs\/","name":"Facult\u00e9 des Sciences","description":"universit\u00e9 Moulous Mammeri de Tizi-Ouzou","potentialAction":[{"@type":"SearchAction","target":{"@type":"EntryPoint","urlTemplate":"https:\/\/www.ummto.dz\/fs\/?s={search_term_string}"},"query-input":{"@type":"PropertyValueSpecification","valueRequired":true,"valueName":"search_term_string"}}],"inLanguage":"fr-FR"},{"@type":"Person","@id":"https:\/\/www.ummto.dz\/fs\/#\/schema\/person\/68cd5cb15ebf0a513c712cb96b659af2","name":"AliBelaid","url":"https:\/\/www.ummto.dz\/fs\/author\/alibelaid\/"}]}},"_links":{"self":[{"href":"https:\/\/www.ummto.dz\/fs\/wp-json\/wp\/v2\/posts\/6074","targetHints":{"allow":["GET"]}}],"collection":[{"href":"https:\/\/www.ummto.dz\/fs\/wp-json\/wp\/v2\/posts"}],"about":[{"href":"https:\/\/www.ummto.dz\/fs\/wp-json\/wp\/v2\/types\/post"}],"author":[{"embeddable":true,"href":"https:\/\/www.ummto.dz\/fs\/wp-json\/wp\/v2\/users\/20"}],"replies":[{"embeddable":true,"href":"https:\/\/www.ummto.dz\/fs\/wp-json\/wp\/v2\/comments?post=6074"}],"version-history":[{"count":5,"href":"https:\/\/www.ummto.dz\/fs\/wp-json\/wp\/v2\/posts\/6074\/revisions"}],"predecessor-version":[{"id":7914,"href":"https:\/\/www.ummto.dz\/fs\/wp-json\/wp\/v2\/posts\/6074\/revisions\/7914"}],"wp:featuredmedia":[{"embeddable":true,"href":"https:\/\/www.ummto.dz\/fs\/wp-json\/wp\/v2\/media\/5907"}],"wp:attachment":[{"href":"https:\/\/www.ummto.dz\/fs\/wp-json\/wp\/v2\/media?parent=6074"}],"wp:term":[{"taxonomy":"category","embeddable":true,"href":"https:\/\/www.ummto.dz\/fs\/wp-json\/wp\/v2\/categories?post=6074"},{"taxonomy":"post_tag","embeddable":true,"href":"https:\/\/www.ummto.dz\/fs\/wp-json\/wp\/v2\/tags?post=6074"}],"curies":[{"name":"wp","href":"https:\/\/api.w.org\/{rel}","templated":true}]}}