{"id":40965,"date":"2021-06-09T13:10:45","date_gmt":"2021-06-09T11:10:45","guid":{"rendered":"http:\/\/fsecsg.ummto.dz\/?p=40965"},"modified":"2021-07-13T11:48:44","modified_gmt":"2021-07-13T09:48:44","slug":"participation-les-etudiants-de-la-fsecsg-avec-ces-jeunes-athletes-au-championnat-regional-universitaire-de-judo-et-dathletisme","status":"publish","type":"post","link":"https:\/\/www.ummto.dz\/fsecsg\/participation-les-etudiants-de-la-fsecsg-avec-ces-jeunes-athletes-au-championnat-regional-universitaire-de-judo-et-dathletisme\/","title":{"rendered":"Participation de l\u2019UMMTO avec ces jeunes athl\u00e8tes au championnat r\u00e9gional universitaire de Judo et d\u2019athl\u00e9tisme."},"content":{"rendered":"<p><span style=\"font-size: 14pt; font-family: 'arial black', sans-serif; color: #0000ff;\"><strong>Judo<\/strong><\/span><br \/>\n<span style=\"font-family: 'arial black', sans-serif; font-size: 14pt; color: #000000;\"><strong>L\u2019universit\u00e9 Mouloud Mammeri de Tizi-Ouzou a particip\u00e9 au <span style=\"color: #ff0000;\">championnat r\u00e9gional universitaire<\/span> de <span style=\"color: #0000ff;\">Judo<\/span> et <span style=\"color: #0000ff;\">d\u2019athl\u00e9tisme<\/span> organis\u00e9 par l\u2019universit\u00e9 de <span style=\"color: #0000ff;\">Boumerdes<\/span> le<span style=\"color: #ff0000;\"> 07\/06\/2021<\/span>. La plupart de nos athl\u00e8tes se sont qualifi\u00e9s au championnat national universitaire qui aura lieu du\u00a0<span style=\"color: #ff0000;\">02\/07\/2021<\/span>\u00a0au\u00a0<span style=\"color: #ff0000;\">12\/07\/2021<\/span>.<\/strong><\/span><\/p>\n<p><span style=\"font-size: 14pt; font-family: 'arial black', sans-serif; color: #0000ff;\"><strong>Participation des gar\u00e7ons dont les cat\u00e9gories suivants 07 athl\u00e8tes:<\/strong><\/span><\/p>\n<ul>\n<li><span style=\"font-size: 14pt; font-family: 'arial black', sans-serif; color: #000000;\"><strong>AIT MAAMAR MERZOUK \u2013 60kg qualifi\u00e9 \u00e0 la 1er place 02 combats gagner avec IPPON<\/strong><\/span><\/li>\n<li><span style=\"font-size: 14pt; font-family: 'arial black', sans-serif; color: #000000;\"><strong>AKSIL RYAN -66kg qualifi\u00e9 \u00e0 la 2\u00e9me place 02 combats 1 gagner avec ippon le deuxi\u00e8me perdu en final.<\/strong><\/span><\/li>\n<li><span style=\"font-size: 14pt; font-family: 'arial black', sans-serif; color: #000000;\"><strong>OUDJANE KARIM -70kg qualifi\u00e9 \u00e0 la 1\u00e8re place avec 02 combats gagn\u00e9s par ippon.<\/strong><\/span><\/li>\n<li><span style=\"font-size: 14pt; font-family: 'arial black', sans-serif; color: #000000;\"><strong>MOUKAH KHADIR -90 qualifi\u00e9 \u00e0 la 1\u00e8re place avec 02 combats gagn\u00e9s par ippon.<\/strong><\/span><\/li>\n<li><span style=\"font-size: 14pt; font-family: 'arial black', sans-serif; color: #000000;\"><strong>KABECHE ALI -100kg qualification \u00e0 la 02 places h\u00e9ro\u00efque vu que l\u2019athl\u00e8te est r\u00e9ellement \u00e0 la cat\u00e9gorie de -90kg<\/strong><\/span><\/li>\n<li><span style=\"font-size: 14pt; font-family: 'arial black', sans-serif; color: #000000;\"><strong>02 autres athl\u00e8tes en occurrence AOUGUEBI AHMED a perdu \u00e0 la troisi\u00e8me place avec un combat gagn\u00e9 avec ippon ainsi que CHERIEF LOUNAS sont \u00e9limin\u00e9s<\/strong><\/span><\/li>\n<\/ul>\n<p><span style=\"font-size: 14pt; font-family: 'arial black', sans-serif; color: #0000ff;\"><strong>Participations des filles est de 11 athl\u00e8tes:<\/strong><\/span><\/p>\n<ul>\n<li style=\"list-style-type: none;\">\n<ul>\n<li><span style=\"font-size: 14pt; font-family: 'arial black', sans-serif; color: #000000;\"><strong>YAHIA MESSAOUD Yasmine -48 kg 1ere place, 2 combats gagn\u00e9s avec ippons<\/strong><\/span><\/li>\n<li><span style=\"font-size: 14pt; font-family: 'arial black', sans-serif; color: #000000;\"><strong>OUILES Imane -48 kg, qualifi\u00e9e 2\u00e8me place<\/strong><\/span><\/li>\n<li><span style=\"font-size: 14pt; font-family: 'arial black', sans-serif; color: #000000;\"><strong>DJEZZAR Amira -52 kg, qualifi\u00e9e 1\u00e8re place<\/strong><\/span><\/li>\n<li><span style=\"font-size: 14pt; font-family: 'arial black', sans-serif; color: #000000;\"><strong>KABECHE Dalila, -63 kg, qualifi\u00e9e 1\u00e8re place<\/strong><\/span><\/li>\n<li><span style=\"font-size: 14pt; font-family: 'arial black', sans-serif; color: #000000;\"><strong>GUERAB Amel, -70 kg, qualifi\u00e9e 1\u00e8re place<\/strong><\/span><\/li>\n<li><span style=\"font-size: 14pt; font-family: 'arial black', sans-serif; color: #000000;\"><strong>SAHNOUN Sandra, -78 kg, qualifi\u00e9e 2\u00e8me place<\/strong><\/span><\/li>\n<li><span style=\"font-size: 14pt; font-family: 'arial black', sans-serif; color: #000000;\"><strong>LARBANI Kamelia, +78kg, qualifi\u00e9e \u00e8re place<\/strong><\/span><\/li>\n<\/ul>\n<\/li>\n<\/ul>\n<p>&nbsp;<\/p>\n<p><img decoding=\"async\" class=\"alignnone size-thumbnail wp-image-40967\" src=\"http:\/\/fsecsg.ummto.dz\/wp-content\/uploads\/2021\/06\/196948428_4427246880643102_2666952841296010121_n-150x150.jpg\" alt=\"\" width=\"150\" height=\"150\" srcset=\"https:\/\/www.ummto.dz\/fsecsg\/wp-content\/uploads\/2021\/06\/196948428_4427246880643102_2666952841296010121_n-150x150.jpg 150w, https:\/\/www.ummto.dz\/fsecsg\/wp-content\/uploads\/2021\/06\/196948428_4427246880643102_2666952841296010121_n-80x80.jpg 80w, https:\/\/www.ummto.dz\/fsecsg\/wp-content\/uploads\/2021\/06\/196948428_4427246880643102_2666952841296010121_n-320x320.jpg 320w, https:\/\/www.ummto.dz\/fsecsg\/wp-content\/uploads\/2021\/06\/196948428_4427246880643102_2666952841296010121_n-45x45.jpg 45w\" sizes=\"(max-width: 150px) 100vw, 150px\" \/>\u00a0<img decoding=\"async\" class=\"alignnone size-thumbnail wp-image-40966\" src=\"http:\/\/fsecsg.ummto.dz\/wp-content\/uploads\/2021\/06\/197232093_4427246253976498_607626206753827452_n-150x150.jpg\" alt=\"\" width=\"150\" height=\"150\" srcset=\"https:\/\/www.ummto.dz\/fsecsg\/wp-content\/uploads\/2021\/06\/197232093_4427246253976498_607626206753827452_n-150x150.jpg 150w, https:\/\/www.ummto.dz\/fsecsg\/wp-content\/uploads\/2021\/06\/197232093_4427246253976498_607626206753827452_n-80x80.jpg 80w, https:\/\/www.ummto.dz\/fsecsg\/wp-content\/uploads\/2021\/06\/197232093_4427246253976498_607626206753827452_n-320x320.jpg 320w, https:\/\/www.ummto.dz\/fsecsg\/wp-content\/uploads\/2021\/06\/197232093_4427246253976498_607626206753827452_n-45x45.jpg 45w\" sizes=\"(max-width: 150px) 100vw, 150px\" \/><img decoding=\"async\" class=\"alignnone size-thumbnail wp-image-40968\" src=\"http:\/\/fsecsg.ummto.dz\/wp-content\/uploads\/2021\/06\/198556684_4427246490643141_7695629641858927927_n-150x150.jpg\" alt=\"\" width=\"150\" height=\"150\" srcset=\"https:\/\/www.ummto.dz\/fsecsg\/wp-content\/uploads\/2021\/06\/198556684_4427246490643141_7695629641858927927_n-150x150.jpg 150w, https:\/\/www.ummto.dz\/fsecsg\/wp-content\/uploads\/2021\/06\/198556684_4427246490643141_7695629641858927927_n-80x80.jpg 80w, https:\/\/www.ummto.dz\/fsecsg\/wp-content\/uploads\/2021\/06\/198556684_4427246490643141_7695629641858927927_n-320x320.jpg 320w, https:\/\/www.ummto.dz\/fsecsg\/wp-content\/uploads\/2021\/06\/198556684_4427246490643141_7695629641858927927_n-45x45.jpg 45w\" sizes=\"(max-width: 150px) 100vw, 150px\" \/><img decoding=\"async\" class=\"alignnone size-thumbnail wp-image-41026\" src=\"http:\/\/fsecsg.ummto.dz\/wp-content\/uploads\/2021\/06\/IMG20210607105135-150x150.jpg\" alt=\"\" width=\"150\" height=\"150\" srcset=\"https:\/\/www.ummto.dz\/fsecsg\/wp-content\/uploads\/2021\/06\/IMG20210607105135-150x150.jpg 150w, https:\/\/www.ummto.dz\/fsecsg\/wp-content\/uploads\/2021\/06\/IMG20210607105135-80x80.jpg 80w, https:\/\/www.ummto.dz\/fsecsg\/wp-content\/uploads\/2021\/06\/IMG20210607105135-320x320.jpg 320w, https:\/\/www.ummto.dz\/fsecsg\/wp-content\/uploads\/2021\/06\/IMG20210607105135-45x45.jpg 45w\" sizes=\"(max-width: 150px) 100vw, 150px\" \/><\/p>\n<p>&nbsp;<\/p>\n<ul>\n<li><span style=\"font-size: 14pt; font-family: 'arial black', sans-serif; color: #0000ff;\"><strong>Athl\u00e9tisme<\/strong><\/span><br \/>\n<span style=\"font-size: 14pt; font-family: 'arial black', sans-serif; color: #000000;\">D\u00e9tails Athl\u00e9tisme : 200m,400m, 800m, 1500m<\/span><\/li>\n<\/ul>\n<p><span style=\"font-size: 14pt; color: #000000; font-family: 'arial black', sans-serif;\"><strong>21 athl\u00e8tes engag\u00e9s filles et gar\u00e7ons. <span style=\"color: #ff0000;\">20 qualifi\u00e9s<\/span><\/strong><\/span><\/p>\n<ul>\n<li><span style=\"font-size: 14pt; font-family: 'arial black', sans-serif; color: #0000ff;\">Handball<\/span><br \/>\n<span style=\"font-size: 14pt; font-family: 'arial black', sans-serif; color: #000000;\">Une jeune \u00e9quipe cr\u00e9\u00e9e cette ann\u00e9e par le service des activit\u00e9s culturelles, sportives et scientifiques de la <span style=\"color: #ff0000;\">facult\u00e9 des sciences \u00e9conomiques, commerciales et des sciences de gestion<\/span> s\u2019est distingu\u00e9e lors d\u2019une Participation plus qu\u2019honorable de la section hand-ball de la facult\u00e9 \u00e0 la comp\u00e9tition de phase r\u00e9gionale dans le cadre des jeux universitaires organis\u00e9s par la ligue r\u00e9gionale de<span style=\"color: #ff0000;\"> BOUMERDES<\/span> le <span style=\"color: #ff0000;\">02\/06\/2021<\/span> \u00e0 la salle omnisports de BOUDOUAOU.<\/span><br \/>\n<span style=\"font-size: 14pt; font-family: 'arial black', sans-serif; color: #000000;\">Malgr\u00e9 le manque d\u2019exp\u00e9rience et d\u2019entra\u00eenement, l\u2019\u00e9quipe s\u2019est bien d\u00e9fendue contre une s\u00e9lection de l\u2019universit\u00e9 de <span style=\"color: #ff0000;\">BOUMERDES<\/span> avec une d\u00e9faite d\u2019un score <span style=\"color: #ff0000;\">21\/20<\/span>.<\/span><br \/>\n<span style=\"font-size: 14pt; font-family: 'arial black', sans-serif; color: #000000;\">Un bel avenir pour cette jeune \u00e9quipe.<\/span><\/li>\n<\/ul>\n<p>&nbsp;<\/p>\n<p><img decoding=\"async\" class=\"alignnone size-thumbnail wp-image-40969\" src=\"http:\/\/fsecsg.ummto.dz\/wp-content\/uploads\/2021\/06\/198012368_4427242803976843_4465162767730943121_n-1-150x150.jpg\" alt=\"\" width=\"150\" height=\"150\" srcset=\"https:\/\/www.ummto.dz\/fsecsg\/wp-content\/uploads\/2021\/06\/198012368_4427242803976843_4465162767730943121_n-1-150x150.jpg 150w, https:\/\/www.ummto.dz\/fsecsg\/wp-content\/uploads\/2021\/06\/198012368_4427242803976843_4465162767730943121_n-1-80x80.jpg 80w, https:\/\/www.ummto.dz\/fsecsg\/wp-content\/uploads\/2021\/06\/198012368_4427242803976843_4465162767730943121_n-1-320x320.jpg 320w, https:\/\/www.ummto.dz\/fsecsg\/wp-content\/uploads\/2021\/06\/198012368_4427242803976843_4465162767730943121_n-1-45x45.jpg 45w\" sizes=\"(max-width: 150px) 100vw, 150px\" \/><img decoding=\"async\" class=\"alignnone size-thumbnail wp-image-40970\" src=\"http:\/\/fsecsg.ummto.dz\/wp-content\/uploads\/2021\/06\/198078712_4427242840643506_7409412273950415892_n-150x150.jpg\" alt=\"\" width=\"150\" height=\"150\" srcset=\"https:\/\/www.ummto.dz\/fsecsg\/wp-content\/uploads\/2021\/06\/198078712_4427242840643506_7409412273950415892_n-150x150.jpg 150w, https:\/\/www.ummto.dz\/fsecsg\/wp-content\/uploads\/2021\/06\/198078712_4427242840643506_7409412273950415892_n-80x80.jpg 80w, https:\/\/www.ummto.dz\/fsecsg\/wp-content\/uploads\/2021\/06\/198078712_4427242840643506_7409412273950415892_n-320x320.jpg 320w, https:\/\/www.ummto.dz\/fsecsg\/wp-content\/uploads\/2021\/06\/198078712_4427242840643506_7409412273950415892_n-45x45.jpg 45w\" sizes=\"(max-width: 150px) 100vw, 150px\" \/><img decoding=\"async\" class=\"alignnone size-thumbnail wp-image-40976\" src=\"http:\/\/fsecsg.ummto.dz\/wp-content\/uploads\/2021\/06\/196996639_4427242693976854_4099791091733571639_n-150x150.jpg\" alt=\"\" width=\"150\" height=\"150\" srcset=\"https:\/\/www.ummto.dz\/fsecsg\/wp-content\/uploads\/2021\/06\/196996639_4427242693976854_4099791091733571639_n-150x150.jpg 150w, https:\/\/www.ummto.dz\/fsecsg\/wp-content\/uploads\/2021\/06\/196996639_4427242693976854_4099791091733571639_n-80x80.jpg 80w, https:\/\/www.ummto.dz\/fsecsg\/wp-content\/uploads\/2021\/06\/196996639_4427242693976854_4099791091733571639_n-320x320.jpg 320w, https:\/\/www.ummto.dz\/fsecsg\/wp-content\/uploads\/2021\/06\/196996639_4427242693976854_4099791091733571639_n-45x45.jpg 45w\" sizes=\"(max-width: 150px) 100vw, 150px\" \/><img decoding=\"async\" class=\"alignnone size-thumbnail wp-image-40971\" src=\"http:\/\/fsecsg.ummto.dz\/wp-content\/uploads\/2021\/06\/197956352_4427242183976905_8193121980562747777_n-150x150.jpg\" alt=\"\" width=\"150\" height=\"150\" srcset=\"https:\/\/www.ummto.dz\/fsecsg\/wp-content\/uploads\/2021\/06\/197956352_4427242183976905_8193121980562747777_n-150x150.jpg 150w, https:\/\/www.ummto.dz\/fsecsg\/wp-content\/uploads\/2021\/06\/197956352_4427242183976905_8193121980562747777_n-80x80.jpg 80w, https:\/\/www.ummto.dz\/fsecsg\/wp-content\/uploads\/2021\/06\/197956352_4427242183976905_8193121980562747777_n-320x320.jpg 320w, https:\/\/www.ummto.dz\/fsecsg\/wp-content\/uploads\/2021\/06\/197956352_4427242183976905_8193121980562747777_n-45x45.jpg 45w\" sizes=\"(max-width: 150px) 100vw, 150px\" \/><img decoding=\"async\" class=\"alignnone size-thumbnail wp-image-40972\" src=\"http:\/\/fsecsg.ummto.dz\/wp-content\/uploads\/2021\/06\/198200256_4427242130643577_2597011544107270306_n-150x150.jpg\" alt=\"\" width=\"150\" height=\"150\" srcset=\"https:\/\/www.ummto.dz\/fsecsg\/wp-content\/uploads\/2021\/06\/198200256_4427242130643577_2597011544107270306_n-150x150.jpg 150w, https:\/\/www.ummto.dz\/fsecsg\/wp-content\/uploads\/2021\/06\/198200256_4427242130643577_2597011544107270306_n-80x80.jpg 80w, https:\/\/www.ummto.dz\/fsecsg\/wp-content\/uploads\/2021\/06\/198200256_4427242130643577_2597011544107270306_n-320x320.jpg 320w, https:\/\/www.ummto.dz\/fsecsg\/wp-content\/uploads\/2021\/06\/198200256_4427242130643577_2597011544107270306_n-45x45.jpg 45w\" sizes=\"(max-width: 150px) 100vw, 150px\" \/><img decoding=\"async\" class=\"alignnone size-thumbnail wp-image-40973\" src=\"http:\/\/fsecsg.ummto.dz\/wp-content\/uploads\/2021\/06\/198108663_4427242193976904_1559528139260352657_n-150x150.jpg\" alt=\"\" width=\"150\" height=\"150\" srcset=\"https:\/\/www.ummto.dz\/fsecsg\/wp-content\/uploads\/2021\/06\/198108663_4427242193976904_1559528139260352657_n-150x150.jpg 150w, https:\/\/www.ummto.dz\/fsecsg\/wp-content\/uploads\/2021\/06\/198108663_4427242193976904_1559528139260352657_n-80x80.jpg 80w, https:\/\/www.ummto.dz\/fsecsg\/wp-content\/uploads\/2021\/06\/198108663_4427242193976904_1559528139260352657_n-320x320.jpg 320w, https:\/\/www.ummto.dz\/fsecsg\/wp-content\/uploads\/2021\/06\/198108663_4427242193976904_1559528139260352657_n-45x45.jpg 45w\" sizes=\"(max-width: 150px) 100vw, 150px\" \/><img decoding=\"async\" class=\"alignnone size-thumbnail wp-image-41027\" src=\"http:\/\/fsecsg.ummto.dz\/wp-content\/uploads\/2021\/06\/received_296398258820944-150x150.jpeg\" alt=\"\" width=\"150\" height=\"150\" srcset=\"https:\/\/www.ummto.dz\/fsecsg\/wp-content\/uploads\/2021\/06\/received_296398258820944-150x150.jpeg 150w, https:\/\/www.ummto.dz\/fsecsg\/wp-content\/uploads\/2021\/06\/received_296398258820944-80x80.jpeg 80w, https:\/\/www.ummto.dz\/fsecsg\/wp-content\/uploads\/2021\/06\/received_296398258820944-320x320.jpeg 320w, https:\/\/www.ummto.dz\/fsecsg\/wp-content\/uploads\/2021\/06\/received_296398258820944-45x45.jpeg 45w\" sizes=\"(max-width: 150px) 100vw, 150px\" \/><img decoding=\"async\" class=\"alignnone size-thumbnail wp-image-40973\" src=\"http:\/\/fsecsg.ummto.dz\/wp-content\/uploads\/2021\/06\/198108663_4427242193976904_1559528139260352657_n-150x150.jpg\" alt=\"\" width=\"150\" height=\"150\" srcset=\"https:\/\/www.ummto.dz\/fsecsg\/wp-content\/uploads\/2021\/06\/198108663_4427242193976904_1559528139260352657_n-150x150.jpg 150w, https:\/\/www.ummto.dz\/fsecsg\/wp-content\/uploads\/2021\/06\/198108663_4427242193976904_1559528139260352657_n-80x80.jpg 80w, https:\/\/www.ummto.dz\/fsecsg\/wp-content\/uploads\/2021\/06\/198108663_4427242193976904_1559528139260352657_n-320x320.jpg 320w, https:\/\/www.ummto.dz\/fsecsg\/wp-content\/uploads\/2021\/06\/198108663_4427242193976904_1559528139260352657_n-45x45.jpg 45w\" sizes=\"(max-width: 150px) 100vw, 150px\" \/> <img decoding=\"async\" class=\"alignnone size-thumbnail wp-image-41028\" src=\"http:\/\/fsecsg.ummto.dz\/wp-content\/uploads\/2021\/06\/received_188232853182371-150x150.jpeg\" alt=\"\" width=\"150\" height=\"150\" srcset=\"https:\/\/www.ummto.dz\/fsecsg\/wp-content\/uploads\/2021\/06\/received_188232853182371-150x150.jpeg 150w, https:\/\/www.ummto.dz\/fsecsg\/wp-content\/uploads\/2021\/06\/received_188232853182371-80x80.jpeg 80w, https:\/\/www.ummto.dz\/fsecsg\/wp-content\/uploads\/2021\/06\/received_188232853182371-320x320.jpeg 320w, https:\/\/www.ummto.dz\/fsecsg\/wp-content\/uploads\/2021\/06\/received_188232853182371-45x45.jpeg 45w\" sizes=\"(max-width: 150px) 100vw, 150px\" \/> <img decoding=\"async\" class=\"alignnone size-thumbnail wp-image-41029\" src=\"http:\/\/fsecsg.ummto.dz\/wp-content\/uploads\/2021\/06\/received_1212808492488330-150x150.jpeg\" alt=\"\" width=\"150\" height=\"150\" srcset=\"https:\/\/www.ummto.dz\/fsecsg\/wp-content\/uploads\/2021\/06\/received_1212808492488330-150x150.jpeg 150w, https:\/\/www.ummto.dz\/fsecsg\/wp-content\/uploads\/2021\/06\/received_1212808492488330-80x80.jpeg 80w, https:\/\/www.ummto.dz\/fsecsg\/wp-content\/uploads\/2021\/06\/received_1212808492488330-320x320.jpeg 320w, https:\/\/www.ummto.dz\/fsecsg\/wp-content\/uploads\/2021\/06\/received_1212808492488330-45x45.jpeg 45w\" sizes=\"(max-width: 150px) 100vw, 150px\" \/> <img decoding=\"async\" class=\"alignnone size-thumbnail wp-image-41030\" src=\"http:\/\/fsecsg.ummto.dz\/wp-content\/uploads\/2021\/06\/received_314533190134835-150x150.jpeg\" alt=\"\" width=\"150\" height=\"150\" srcset=\"https:\/\/www.ummto.dz\/fsecsg\/wp-content\/uploads\/2021\/06\/received_314533190134835-150x150.jpeg 150w, https:\/\/www.ummto.dz\/fsecsg\/wp-content\/uploads\/2021\/06\/received_314533190134835-80x80.jpeg 80w, https:\/\/www.ummto.dz\/fsecsg\/wp-content\/uploads\/2021\/06\/received_314533190134835-320x320.jpeg 320w, https:\/\/www.ummto.dz\/fsecsg\/wp-content\/uploads\/2021\/06\/received_314533190134835-45x45.jpeg 45w\" sizes=\"(max-width: 150px) 100vw, 150px\" \/> <img decoding=\"async\" class=\"alignnone size-thumbnail wp-image-41031\" src=\"http:\/\/fsecsg.ummto.dz\/wp-content\/uploads\/2021\/06\/received_360123382121971-150x150.jpeg\" alt=\"\" width=\"150\" height=\"150\" srcset=\"https:\/\/www.ummto.dz\/fsecsg\/wp-content\/uploads\/2021\/06\/received_360123382121971-150x150.jpeg 150w, https:\/\/www.ummto.dz\/fsecsg\/wp-content\/uploads\/2021\/06\/received_360123382121971-80x80.jpeg 80w, https:\/\/www.ummto.dz\/fsecsg\/wp-content\/uploads\/2021\/06\/received_360123382121971-320x320.jpeg 320w, https:\/\/www.ummto.dz\/fsecsg\/wp-content\/uploads\/2021\/06\/received_360123382121971-45x45.jpeg 45w\" sizes=\"(max-width: 150px) 100vw, 150px\" \/><img decoding=\"async\" class=\"alignnone size-thumbnail wp-image-40977\" src=\"http:\/\/fsecsg.ummto.dz\/wp-content\/uploads\/2021\/06\/197854265_4427242700643520_4516417446278828001_n-256x173-1-150x150.jpg\" alt=\"\" width=\"150\" height=\"150\" srcset=\"https:\/\/www.ummto.dz\/fsecsg\/wp-content\/uploads\/2021\/06\/197854265_4427242700643520_4516417446278828001_n-256x173-1-150x150.jpg 150w, https:\/\/www.ummto.dz\/fsecsg\/wp-content\/uploads\/2021\/06\/197854265_4427242700643520_4516417446278828001_n-256x173-1-80x80.jpg 80w, https:\/\/www.ummto.dz\/fsecsg\/wp-content\/uploads\/2021\/06\/197854265_4427242700643520_4516417446278828001_n-256x173-1-45x45.jpg 45w\" sizes=\"(max-width: 150px) 100vw, 150px\" \/><\/p>\n","protected":false},"excerpt":{"rendered":"<p>Judo L\u2019universit\u00e9 Mouloud Mammeri de Tizi-Ouzou a particip\u00e9 au championnat r\u00e9gional universitaire de Judo et d\u2019athl\u00e9tisme organis\u00e9 par l\u2019universit\u00e9 de Boumerdes le 07\/06\/2021. La plupart de nos athl\u00e8tes se sont qualifi\u00e9s au championnat national universitaire qui aura lieu du\u00a002\/07\/2021\u00a0au\u00a012\/07\/2021. Participation des gar\u00e7ons dont les cat\u00e9gories suivants 07 athl\u00e8tes: AIT MAAMAR MERZOUK \u2013 60kg qualifi\u00e9 \u00e0 [&hellip;]<\/p>\n","protected":false},"author":1,"featured_media":40968,"comment_status":"closed","ping_status":"closed","sticky":false,"template":"","format":"standard","meta":{"_et_pb_use_builder":"","_et_pb_old_content":"","_et_gb_content_width":"","footnotes":""},"categories":[15,17],"tags":[],"class_list":["post-40965","post","type-post","status-publish","format-standard","has-post-thumbnail","hentry","category-actualite","category-sport"],"yoast_head":"<!-- This site is optimized with the Yoast SEO plugin v27.3 - https:\/\/yoast.com\/product\/yoast-seo-wordpress\/ -->\n<title>Participation de l\u2019UMMTO avec ces jeunes athl\u00e8tes au championnat r\u00e9gional universitaire de Judo et d\u2019athl\u00e9tisme. - Facult\u00e9 des Sciences Economiques, Commerciales et des Sciences de Gestion<\/title>\n<meta name=\"robots\" content=\"index, follow, max-snippet:-1, max-image-preview:large, max-video-preview:-1\" \/>\n<link rel=\"canonical\" href=\"https:\/\/www.ummto.dz\/fsecsg\/participation-les-etudiants-de-la-fsecsg-avec-ces-jeunes-athletes-au-championnat-regional-universitaire-de-judo-et-dathletisme\/\" \/>\n<meta property=\"og:locale\" content=\"fr_FR\" \/>\n<meta property=\"og:type\" content=\"article\" \/>\n<meta property=\"og:title\" content=\"Participation de l\u2019UMMTO avec ces jeunes athl\u00e8tes au championnat r\u00e9gional universitaire de Judo et d\u2019athl\u00e9tisme. - Facult\u00e9 des Sciences Economiques, Commerciales et des Sciences de Gestion\" \/>\n<meta property=\"og:description\" content=\"Judo L\u2019universit\u00e9 Mouloud Mammeri de Tizi-Ouzou a particip\u00e9 au championnat r\u00e9gional universitaire de Judo et d\u2019athl\u00e9tisme organis\u00e9 par l\u2019universit\u00e9 de Boumerdes le 07\/06\/2021. La plupart de nos athl\u00e8tes se sont qualifi\u00e9s au championnat national universitaire qui aura lieu du\u00a002\/07\/2021\u00a0au\u00a012\/07\/2021. Participation des gar\u00e7ons dont les cat\u00e9gories suivants 07 athl\u00e8tes: AIT MAAMAR MERZOUK \u2013 60kg qualifi\u00e9 \u00e0 [&hellip;]\" \/>\n<meta property=\"og:url\" content=\"https:\/\/www.ummto.dz\/fsecsg\/participation-les-etudiants-de-la-fsecsg-avec-ces-jeunes-athletes-au-championnat-regional-universitaire-de-judo-et-dathletisme\/\" \/>\n<meta property=\"og:site_name\" content=\"Facult\u00e9 des Sciences Economiques, Commerciales et des Sciences de Gestion\" \/>\n<meta property=\"article:published_time\" content=\"2021-06-09T11:10:45+00:00\" \/>\n<meta property=\"article:modified_time\" content=\"2021-07-13T09:48:44+00:00\" \/>\n<meta property=\"og:image\" content=\"https:\/\/www.ummto.dz\/fsecsg\/wp-content\/uploads\/2021\/06\/198556684_4427246490643141_7695629641858927927_n.jpg\" \/>\n\t<meta property=\"og:image:width\" content=\"2048\" \/>\n\t<meta property=\"og:image:height\" content=\"1024\" \/>\n\t<meta property=\"og:image:type\" content=\"image\/jpeg\" \/>\n<meta name=\"author\" content=\"maidi nacima\" \/>\n<meta name=\"twitter:card\" content=\"summary_large_image\" \/>\n<meta name=\"twitter:label1\" content=\"\u00c9crit par\" \/>\n\t<meta name=\"twitter:data1\" content=\"maidi nacima\" \/>\n\t<meta name=\"twitter:label2\" content=\"Dur\u00e9e de lecture estim\u00e9e\" \/>\n\t<meta name=\"twitter:data2\" content=\"5 minutes\" \/>\n<script type=\"application\/ld+json\" class=\"yoast-schema-graph\">{\"@context\":\"https:\\\/\\\/schema.org\",\"@graph\":[{\"@type\":\"Article\",\"@id\":\"https:\\\/\\\/www.ummto.dz\\\/fsecsg\\\/participation-les-etudiants-de-la-fsecsg-avec-ces-jeunes-athletes-au-championnat-regional-universitaire-de-judo-et-dathletisme\\\/#article\",\"isPartOf\":{\"@id\":\"https:\\\/\\\/www.ummto.dz\\\/fsecsg\\\/participation-les-etudiants-de-la-fsecsg-avec-ces-jeunes-athletes-au-championnat-regional-universitaire-de-judo-et-dathletisme\\\/\"},\"author\":{\"name\":\"maidi nacima\",\"@id\":\"https:\\\/\\\/www.ummto.dz\\\/fsecsg\\\/#\\\/schema\\\/person\\\/f0a19398acbf302f06e4a25788979a7c\"},\"headline\":\"Participation de l\u2019UMMTO avec ces jeunes athl\u00e8tes au championnat r\u00e9gional universitaire de Judo et d\u2019athl\u00e9tisme.\",\"datePublished\":\"2021-06-09T11:10:45+00:00\",\"dateModified\":\"2021-07-13T09:48:44+00:00\",\"mainEntityOfPage\":{\"@id\":\"https:\\\/\\\/www.ummto.dz\\\/fsecsg\\\/participation-les-etudiants-de-la-fsecsg-avec-ces-jeunes-athletes-au-championnat-regional-universitaire-de-judo-et-dathletisme\\\/\"},\"wordCount\":390,\"image\":{\"@id\":\"https:\\\/\\\/www.ummto.dz\\\/fsecsg\\\/participation-les-etudiants-de-la-fsecsg-avec-ces-jeunes-athletes-au-championnat-regional-universitaire-de-judo-et-dathletisme\\\/#primaryimage\"},\"thumbnailUrl\":\"https:\\\/\\\/www.ummto.dz\\\/fsecsg\\\/wp-content\\\/uploads\\\/2021\\\/06\\\/198556684_4427246490643141_7695629641858927927_n.jpg\",\"articleSection\":[\"Actualit\u00e9\",\"sport\"],\"inLanguage\":\"fr-FR\"},{\"@type\":\"WebPage\",\"@id\":\"https:\\\/\\\/www.ummto.dz\\\/fsecsg\\\/participation-les-etudiants-de-la-fsecsg-avec-ces-jeunes-athletes-au-championnat-regional-universitaire-de-judo-et-dathletisme\\\/\",\"url\":\"https:\\\/\\\/www.ummto.dz\\\/fsecsg\\\/participation-les-etudiants-de-la-fsecsg-avec-ces-jeunes-athletes-au-championnat-regional-universitaire-de-judo-et-dathletisme\\\/\",\"name\":\"Participation de l\u2019UMMTO avec ces jeunes athl\u00e8tes au championnat r\u00e9gional universitaire de Judo et d\u2019athl\u00e9tisme. - Facult\u00e9 des Sciences Economiques, Commerciales et des Sciences de Gestion\",\"isPartOf\":{\"@id\":\"https:\\\/\\\/www.ummto.dz\\\/fsecsg\\\/#website\"},\"primaryImageOfPage\":{\"@id\":\"https:\\\/\\\/www.ummto.dz\\\/fsecsg\\\/participation-les-etudiants-de-la-fsecsg-avec-ces-jeunes-athletes-au-championnat-regional-universitaire-de-judo-et-dathletisme\\\/#primaryimage\"},\"image\":{\"@id\":\"https:\\\/\\\/www.ummto.dz\\\/fsecsg\\\/participation-les-etudiants-de-la-fsecsg-avec-ces-jeunes-athletes-au-championnat-regional-universitaire-de-judo-et-dathletisme\\\/#primaryimage\"},\"thumbnailUrl\":\"https:\\\/\\\/www.ummto.dz\\\/fsecsg\\\/wp-content\\\/uploads\\\/2021\\\/06\\\/198556684_4427246490643141_7695629641858927927_n.jpg\",\"datePublished\":\"2021-06-09T11:10:45+00:00\",\"dateModified\":\"2021-07-13T09:48:44+00:00\",\"author\":{\"@id\":\"https:\\\/\\\/www.ummto.dz\\\/fsecsg\\\/#\\\/schema\\\/person\\\/f0a19398acbf302f06e4a25788979a7c\"},\"breadcrumb\":{\"@id\":\"https:\\\/\\\/www.ummto.dz\\\/fsecsg\\\/participation-les-etudiants-de-la-fsecsg-avec-ces-jeunes-athletes-au-championnat-regional-universitaire-de-judo-et-dathletisme\\\/#breadcrumb\"},\"inLanguage\":\"fr-FR\",\"potentialAction\":[{\"@type\":\"ReadAction\",\"target\":[\"https:\\\/\\\/www.ummto.dz\\\/fsecsg\\\/participation-les-etudiants-de-la-fsecsg-avec-ces-jeunes-athletes-au-championnat-regional-universitaire-de-judo-et-dathletisme\\\/\"]}]},{\"@type\":\"ImageObject\",\"inLanguage\":\"fr-FR\",\"@id\":\"https:\\\/\\\/www.ummto.dz\\\/fsecsg\\\/participation-les-etudiants-de-la-fsecsg-avec-ces-jeunes-athletes-au-championnat-regional-universitaire-de-judo-et-dathletisme\\\/#primaryimage\",\"url\":\"https:\\\/\\\/www.ummto.dz\\\/fsecsg\\\/wp-content\\\/uploads\\\/2021\\\/06\\\/198556684_4427246490643141_7695629641858927927_n.jpg\",\"contentUrl\":\"https:\\\/\\\/www.ummto.dz\\\/fsecsg\\\/wp-content\\\/uploads\\\/2021\\\/06\\\/198556684_4427246490643141_7695629641858927927_n.jpg\",\"width\":2048,\"height\":1024},{\"@type\":\"BreadcrumbList\",\"@id\":\"https:\\\/\\\/www.ummto.dz\\\/fsecsg\\\/participation-les-etudiants-de-la-fsecsg-avec-ces-jeunes-athletes-au-championnat-regional-universitaire-de-judo-et-dathletisme\\\/#breadcrumb\",\"itemListElement\":[{\"@type\":\"ListItem\",\"position\":1,\"name\":\"Accueil\",\"item\":\"https:\\\/\\\/www.ummto.dz\\\/fsecsg\\\/\"},{\"@type\":\"ListItem\",\"position\":2,\"name\":\"Participation de l\u2019UMMTO avec ces jeunes athl\u00e8tes au championnat r\u00e9gional universitaire de Judo et d\u2019athl\u00e9tisme.\"}]},{\"@type\":\"WebSite\",\"@id\":\"https:\\\/\\\/www.ummto.dz\\\/fsecsg\\\/#website\",\"url\":\"https:\\\/\\\/www.ummto.dz\\\/fsecsg\\\/\",\"name\":\"Facult\u00e9 des Sciences Economiques, Commerciales et des Sciences de Gestion\",\"description\":\"Universit\u00e9 Mouloud Mammeri de Tizi Ouzou\",\"potentialAction\":[{\"@type\":\"SearchAction\",\"target\":{\"@type\":\"EntryPoint\",\"urlTemplate\":\"https:\\\/\\\/www.ummto.dz\\\/fsecsg\\\/?s={search_term_string}\"},\"query-input\":{\"@type\":\"PropertyValueSpecification\",\"valueRequired\":true,\"valueName\":\"search_term_string\"}}],\"inLanguage\":\"fr-FR\"},{\"@type\":\"Person\",\"@id\":\"https:\\\/\\\/www.ummto.dz\\\/fsecsg\\\/#\\\/schema\\\/person\\\/f0a19398acbf302f06e4a25788979a7c\",\"name\":\"maidi nacima\",\"url\":\"https:\\\/\\\/www.ummto.dz\\\/fsecsg\\\/author\\\/maidi-nacima\\\/\"}]}<\/script>\n<!-- \/ Yoast SEO plugin. -->","yoast_head_json":{"title":"Participation de l\u2019UMMTO avec ces jeunes athl\u00e8tes au championnat r\u00e9gional universitaire de Judo et d\u2019athl\u00e9tisme. - Facult\u00e9 des Sciences Economiques, Commerciales et des Sciences de Gestion","robots":{"index":"index","follow":"follow","max-snippet":"max-snippet:-1","max-image-preview":"max-image-preview:large","max-video-preview":"max-video-preview:-1"},"canonical":"https:\/\/www.ummto.dz\/fsecsg\/participation-les-etudiants-de-la-fsecsg-avec-ces-jeunes-athletes-au-championnat-regional-universitaire-de-judo-et-dathletisme\/","og_locale":"fr_FR","og_type":"article","og_title":"Participation de l\u2019UMMTO avec ces jeunes athl\u00e8tes au championnat r\u00e9gional universitaire de Judo et d\u2019athl\u00e9tisme. - Facult\u00e9 des Sciences Economiques, Commerciales et des Sciences de Gestion","og_description":"Judo L\u2019universit\u00e9 Mouloud Mammeri de Tizi-Ouzou a particip\u00e9 au championnat r\u00e9gional universitaire de Judo et d\u2019athl\u00e9tisme organis\u00e9 par l\u2019universit\u00e9 de Boumerdes le 07\/06\/2021. La plupart de nos athl\u00e8tes se sont qualifi\u00e9s au championnat national universitaire qui aura lieu du\u00a002\/07\/2021\u00a0au\u00a012\/07\/2021. Participation des gar\u00e7ons dont les cat\u00e9gories suivants 07 athl\u00e8tes: AIT MAAMAR MERZOUK \u2013 60kg qualifi\u00e9 \u00e0 [&hellip;]","og_url":"https:\/\/www.ummto.dz\/fsecsg\/participation-les-etudiants-de-la-fsecsg-avec-ces-jeunes-athletes-au-championnat-regional-universitaire-de-judo-et-dathletisme\/","og_site_name":"Facult\u00e9 des Sciences Economiques, Commerciales et des Sciences de Gestion","article_published_time":"2021-06-09T11:10:45+00:00","article_modified_time":"2021-07-13T09:48:44+00:00","og_image":[{"width":2048,"height":1024,"url":"https:\/\/www.ummto.dz\/fsecsg\/wp-content\/uploads\/2021\/06\/198556684_4427246490643141_7695629641858927927_n.jpg","type":"image\/jpeg"}],"author":"maidi nacima","twitter_card":"summary_large_image","twitter_misc":{"\u00c9crit par":"maidi nacima","Dur\u00e9e de lecture estim\u00e9e":"5 minutes"},"schema":{"@context":"https:\/\/schema.org","@graph":[{"@type":"Article","@id":"https:\/\/www.ummto.dz\/fsecsg\/participation-les-etudiants-de-la-fsecsg-avec-ces-jeunes-athletes-au-championnat-regional-universitaire-de-judo-et-dathletisme\/#article","isPartOf":{"@id":"https:\/\/www.ummto.dz\/fsecsg\/participation-les-etudiants-de-la-fsecsg-avec-ces-jeunes-athletes-au-championnat-regional-universitaire-de-judo-et-dathletisme\/"},"author":{"name":"maidi nacima","@id":"https:\/\/www.ummto.dz\/fsecsg\/#\/schema\/person\/f0a19398acbf302f06e4a25788979a7c"},"headline":"Participation de l\u2019UMMTO avec ces jeunes athl\u00e8tes au championnat r\u00e9gional universitaire de Judo et d\u2019athl\u00e9tisme.","datePublished":"2021-06-09T11:10:45+00:00","dateModified":"2021-07-13T09:48:44+00:00","mainEntityOfPage":{"@id":"https:\/\/www.ummto.dz\/fsecsg\/participation-les-etudiants-de-la-fsecsg-avec-ces-jeunes-athletes-au-championnat-regional-universitaire-de-judo-et-dathletisme\/"},"wordCount":390,"image":{"@id":"https:\/\/www.ummto.dz\/fsecsg\/participation-les-etudiants-de-la-fsecsg-avec-ces-jeunes-athletes-au-championnat-regional-universitaire-de-judo-et-dathletisme\/#primaryimage"},"thumbnailUrl":"https:\/\/www.ummto.dz\/fsecsg\/wp-content\/uploads\/2021\/06\/198556684_4427246490643141_7695629641858927927_n.jpg","articleSection":["Actualit\u00e9","sport"],"inLanguage":"fr-FR"},{"@type":"WebPage","@id":"https:\/\/www.ummto.dz\/fsecsg\/participation-les-etudiants-de-la-fsecsg-avec-ces-jeunes-athletes-au-championnat-regional-universitaire-de-judo-et-dathletisme\/","url":"https:\/\/www.ummto.dz\/fsecsg\/participation-les-etudiants-de-la-fsecsg-avec-ces-jeunes-athletes-au-championnat-regional-universitaire-de-judo-et-dathletisme\/","name":"Participation de l\u2019UMMTO avec ces jeunes athl\u00e8tes au championnat r\u00e9gional universitaire de Judo et d\u2019athl\u00e9tisme. - Facult\u00e9 des Sciences Economiques, Commerciales et des Sciences de Gestion","isPartOf":{"@id":"https:\/\/www.ummto.dz\/fsecsg\/#website"},"primaryImageOfPage":{"@id":"https:\/\/www.ummto.dz\/fsecsg\/participation-les-etudiants-de-la-fsecsg-avec-ces-jeunes-athletes-au-championnat-regional-universitaire-de-judo-et-dathletisme\/#primaryimage"},"image":{"@id":"https:\/\/www.ummto.dz\/fsecsg\/participation-les-etudiants-de-la-fsecsg-avec-ces-jeunes-athletes-au-championnat-regional-universitaire-de-judo-et-dathletisme\/#primaryimage"},"thumbnailUrl":"https:\/\/www.ummto.dz\/fsecsg\/wp-content\/uploads\/2021\/06\/198556684_4427246490643141_7695629641858927927_n.jpg","datePublished":"2021-06-09T11:10:45+00:00","dateModified":"2021-07-13T09:48:44+00:00","author":{"@id":"https:\/\/www.ummto.dz\/fsecsg\/#\/schema\/person\/f0a19398acbf302f06e4a25788979a7c"},"breadcrumb":{"@id":"https:\/\/www.ummto.dz\/fsecsg\/participation-les-etudiants-de-la-fsecsg-avec-ces-jeunes-athletes-au-championnat-regional-universitaire-de-judo-et-dathletisme\/#breadcrumb"},"inLanguage":"fr-FR","potentialAction":[{"@type":"ReadAction","target":["https:\/\/www.ummto.dz\/fsecsg\/participation-les-etudiants-de-la-fsecsg-avec-ces-jeunes-athletes-au-championnat-regional-universitaire-de-judo-et-dathletisme\/"]}]},{"@type":"ImageObject","inLanguage":"fr-FR","@id":"https:\/\/www.ummto.dz\/fsecsg\/participation-les-etudiants-de-la-fsecsg-avec-ces-jeunes-athletes-au-championnat-regional-universitaire-de-judo-et-dathletisme\/#primaryimage","url":"https:\/\/www.ummto.dz\/fsecsg\/wp-content\/uploads\/2021\/06\/198556684_4427246490643141_7695629641858927927_n.jpg","contentUrl":"https:\/\/www.ummto.dz\/fsecsg\/wp-content\/uploads\/2021\/06\/198556684_4427246490643141_7695629641858927927_n.jpg","width":2048,"height":1024},{"@type":"BreadcrumbList","@id":"https:\/\/www.ummto.dz\/fsecsg\/participation-les-etudiants-de-la-fsecsg-avec-ces-jeunes-athletes-au-championnat-regional-universitaire-de-judo-et-dathletisme\/#breadcrumb","itemListElement":[{"@type":"ListItem","position":1,"name":"Accueil","item":"https:\/\/www.ummto.dz\/fsecsg\/"},{"@type":"ListItem","position":2,"name":"Participation de l\u2019UMMTO avec ces jeunes athl\u00e8tes au championnat r\u00e9gional universitaire de Judo et d\u2019athl\u00e9tisme."}]},{"@type":"WebSite","@id":"https:\/\/www.ummto.dz\/fsecsg\/#website","url":"https:\/\/www.ummto.dz\/fsecsg\/","name":"Facult\u00e9 des Sciences Economiques, Commerciales et des Sciences de Gestion","description":"Universit\u00e9 Mouloud Mammeri de Tizi Ouzou","potentialAction":[{"@type":"SearchAction","target":{"@type":"EntryPoint","urlTemplate":"https:\/\/www.ummto.dz\/fsecsg\/?s={search_term_string}"},"query-input":{"@type":"PropertyValueSpecification","valueRequired":true,"valueName":"search_term_string"}}],"inLanguage":"fr-FR"},{"@type":"Person","@id":"https:\/\/www.ummto.dz\/fsecsg\/#\/schema\/person\/f0a19398acbf302f06e4a25788979a7c","name":"maidi nacima","url":"https:\/\/www.ummto.dz\/fsecsg\/author\/maidi-nacima\/"}]}},"_links":{"self":[{"href":"https:\/\/www.ummto.dz\/fsecsg\/wp-json\/wp\/v2\/posts\/40965","targetHints":{"allow":["GET"]}}],"collection":[{"href":"https:\/\/www.ummto.dz\/fsecsg\/wp-json\/wp\/v2\/posts"}],"about":[{"href":"https:\/\/www.ummto.dz\/fsecsg\/wp-json\/wp\/v2\/types\/post"}],"author":[{"embeddable":true,"href":"https:\/\/www.ummto.dz\/fsecsg\/wp-json\/wp\/v2\/users\/1"}],"replies":[{"embeddable":true,"href":"https:\/\/www.ummto.dz\/fsecsg\/wp-json\/wp\/v2\/comments?post=40965"}],"version-history":[{"count":11,"href":"https:\/\/www.ummto.dz\/fsecsg\/wp-json\/wp\/v2\/posts\/40965\/revisions"}],"predecessor-version":[{"id":41041,"href":"https:\/\/www.ummto.dz\/fsecsg\/wp-json\/wp\/v2\/posts\/40965\/revisions\/41041"}],"wp:featuredmedia":[{"embeddable":true,"href":"https:\/\/www.ummto.dz\/fsecsg\/wp-json\/wp\/v2\/media\/40968"}],"wp:attachment":[{"href":"https:\/\/www.ummto.dz\/fsecsg\/wp-json\/wp\/v2\/media?parent=40965"}],"wp:term":[{"taxonomy":"category","embeddable":true,"href":"https:\/\/www.ummto.dz\/fsecsg\/wp-json\/wp\/v2\/categories?post=40965"},{"taxonomy":"post_tag","embeddable":true,"href":"https:\/\/www.ummto.dz\/fsecsg\/wp-json\/wp\/v2\/tags?post=40965"}],"curies":[{"name":"wp","href":"https:\/\/api.w.org\/{rel}","templated":true}]}}