{"id":41792,"date":"2021-06-27T17:56:34","date_gmt":"2021-06-27T15:56:34","guid":{"rendered":"http:\/\/fsecsg.ummto.dz\/?p=41792"},"modified":"2021-06-28T16:27:04","modified_gmt":"2021-06-28T14:27:04","slug":"emplois-du-temps-semestre-2-aux-etudiants-de-master-1-ms-et-fe-rectifie","status":"publish","type":"post","link":"https:\/\/www.ummto.dz\/fsecsg\/emplois-du-temps-semestre-2-aux-etudiants-de-master-1-ms-et-fe-rectifie\/","title":{"rendered":"Emplois du temps semestre 2 aux \u00e9tudiants de Master 1 FE (rectifi\u00e9)."},"content":{"rendered":"<p>&nbsp;<\/p>\n<p>[pdf-embedder url=\u00a0\u00bbhttp:\/\/fsecsg.ummto.dz\/wp-content\/uploads\/2021\/06\/S2-FE.pdf\u00a0\u00bb title=\u00a0\u00bbS2 FE\u00a0\u00bb]<\/p>\n","protected":false},"excerpt":{"rendered":"<p>&nbsp; [pdf-embedder url=\u00a0\u00bbhttp:\/\/fsecsg.ummto.dz\/wp-content\/uploads\/2021\/06\/S2-FE.pdf\u00a0\u00bb title=\u00a0\u00bbS2 FE\u00a0\u00bb]<\/p>\n","protected":false},"author":1,"featured_media":0,"comment_status":"closed","ping_status":"closed","sticky":false,"template":"","format":"standard","meta":{"_et_pb_use_builder":"","_et_pb_old_content":"","_et_gb_content_width":"","footnotes":""},"categories":[1],"tags":[],"class_list":["post-41792","post","type-post","status-publish","format-standard","hentry","category-non-classe"],"yoast_head":"<!-- This site is optimized with the Yoast SEO plugin v27.3 - https:\/\/yoast.com\/product\/yoast-seo-wordpress\/ -->\n<title>Emplois du temps semestre 2 aux \u00e9tudiants de Master 1 FE (rectifi\u00e9). - Facult\u00e9 des Sciences Economiques, Commerciales et des Sciences de Gestion<\/title>\n<meta name=\"robots\" content=\"index, follow, max-snippet:-1, max-image-preview:large, max-video-preview:-1\" \/>\n<link rel=\"canonical\" href=\"https:\/\/www.ummto.dz\/fsecsg\/emplois-du-temps-semestre-2-aux-etudiants-de-master-1-ms-et-fe-rectifie\/\" \/>\n<meta property=\"og:locale\" content=\"fr_FR\" \/>\n<meta property=\"og:type\" content=\"article\" \/>\n<meta property=\"og:title\" content=\"Emplois du temps semestre 2 aux \u00e9tudiants de Master 1 FE (rectifi\u00e9). - Facult\u00e9 des Sciences Economiques, Commerciales et des Sciences de Gestion\" \/>\n<meta property=\"og:description\" content=\"&nbsp; [pdf-embedder url=\u00a0\u00bbhttp:\/\/fsecsg.ummto.dz\/wp-content\/uploads\/2021\/06\/S2-FE.pdf\u00a0\u00bb title=\u00a0\u00bbS2 FE\u00a0\u00bb]\" \/>\n<meta property=\"og:url\" content=\"https:\/\/www.ummto.dz\/fsecsg\/emplois-du-temps-semestre-2-aux-etudiants-de-master-1-ms-et-fe-rectifie\/\" \/>\n<meta property=\"og:site_name\" content=\"Facult\u00e9 des Sciences Economiques, Commerciales et des Sciences de Gestion\" \/>\n<meta property=\"article:published_time\" content=\"2021-06-27T15:56:34+00:00\" \/>\n<meta property=\"article:modified_time\" content=\"2021-06-28T14:27:04+00:00\" \/>\n<meta name=\"author\" content=\"maidi nacima\" \/>\n<meta name=\"twitter:card\" content=\"summary_large_image\" \/>\n<meta name=\"twitter:label1\" content=\"\u00c9crit par\" \/>\n\t<meta name=\"twitter:data1\" content=\"maidi nacima\" \/>\n\t<meta name=\"twitter:label2\" content=\"Dur\u00e9e de lecture estim\u00e9e\" \/>\n\t<meta name=\"twitter:data2\" content=\"1 minute\" \/>\n<script type=\"application\/ld+json\" class=\"yoast-schema-graph\">{\"@context\":\"https:\\\/\\\/schema.org\",\"@graph\":[{\"@type\":\"Article\",\"@id\":\"https:\\\/\\\/www.ummto.dz\\\/fsecsg\\\/emplois-du-temps-semestre-2-aux-etudiants-de-master-1-ms-et-fe-rectifie\\\/#article\",\"isPartOf\":{\"@id\":\"https:\\\/\\\/www.ummto.dz\\\/fsecsg\\\/emplois-du-temps-semestre-2-aux-etudiants-de-master-1-ms-et-fe-rectifie\\\/\"},\"author\":{\"name\":\"maidi nacima\",\"@id\":\"https:\\\/\\\/www.ummto.dz\\\/fsecsg\\\/#\\\/schema\\\/person\\\/f0a19398acbf302f06e4a25788979a7c\"},\"headline\":\"Emplois du temps semestre 2 aux \u00e9tudiants de Master 1 FE (rectifi\u00e9).\",\"datePublished\":\"2021-06-27T15:56:34+00:00\",\"dateModified\":\"2021-06-28T14:27:04+00:00\",\"mainEntityOfPage\":{\"@id\":\"https:\\\/\\\/www.ummto.dz\\\/fsecsg\\\/emplois-du-temps-semestre-2-aux-etudiants-de-master-1-ms-et-fe-rectifie\\\/\"},\"wordCount\":25,\"inLanguage\":\"fr-FR\"},{\"@type\":\"WebPage\",\"@id\":\"https:\\\/\\\/www.ummto.dz\\\/fsecsg\\\/emplois-du-temps-semestre-2-aux-etudiants-de-master-1-ms-et-fe-rectifie\\\/\",\"url\":\"https:\\\/\\\/www.ummto.dz\\\/fsecsg\\\/emplois-du-temps-semestre-2-aux-etudiants-de-master-1-ms-et-fe-rectifie\\\/\",\"name\":\"Emplois du temps semestre 2 aux \u00e9tudiants de Master 1 FE (rectifi\u00e9). - Facult\u00e9 des Sciences Economiques, Commerciales et des Sciences de Gestion\",\"isPartOf\":{\"@id\":\"https:\\\/\\\/www.ummto.dz\\\/fsecsg\\\/#website\"},\"datePublished\":\"2021-06-27T15:56:34+00:00\",\"dateModified\":\"2021-06-28T14:27:04+00:00\",\"author\":{\"@id\":\"https:\\\/\\\/www.ummto.dz\\\/fsecsg\\\/#\\\/schema\\\/person\\\/f0a19398acbf302f06e4a25788979a7c\"},\"breadcrumb\":{\"@id\":\"https:\\\/\\\/www.ummto.dz\\\/fsecsg\\\/emplois-du-temps-semestre-2-aux-etudiants-de-master-1-ms-et-fe-rectifie\\\/#breadcrumb\"},\"inLanguage\":\"fr-FR\",\"potentialAction\":[{\"@type\":\"ReadAction\",\"target\":[\"https:\\\/\\\/www.ummto.dz\\\/fsecsg\\\/emplois-du-temps-semestre-2-aux-etudiants-de-master-1-ms-et-fe-rectifie\\\/\"]}]},{\"@type\":\"BreadcrumbList\",\"@id\":\"https:\\\/\\\/www.ummto.dz\\\/fsecsg\\\/emplois-du-temps-semestre-2-aux-etudiants-de-master-1-ms-et-fe-rectifie\\\/#breadcrumb\",\"itemListElement\":[{\"@type\":\"ListItem\",\"position\":1,\"name\":\"Accueil\",\"item\":\"https:\\\/\\\/www.ummto.dz\\\/fsecsg\\\/\"},{\"@type\":\"ListItem\",\"position\":2,\"name\":\"Emplois du temps semestre 2 aux \u00e9tudiants de Master 1 FE (rectifi\u00e9).\"}]},{\"@type\":\"WebSite\",\"@id\":\"https:\\\/\\\/www.ummto.dz\\\/fsecsg\\\/#website\",\"url\":\"https:\\\/\\\/www.ummto.dz\\\/fsecsg\\\/\",\"name\":\"Facult\u00e9 des Sciences Economiques, Commerciales et des Sciences de Gestion\",\"description\":\"Universit\u00e9 Mouloud Mammeri de Tizi Ouzou\",\"potentialAction\":[{\"@type\":\"SearchAction\",\"target\":{\"@type\":\"EntryPoint\",\"urlTemplate\":\"https:\\\/\\\/www.ummto.dz\\\/fsecsg\\\/?s={search_term_string}\"},\"query-input\":{\"@type\":\"PropertyValueSpecification\",\"valueRequired\":true,\"valueName\":\"search_term_string\"}}],\"inLanguage\":\"fr-FR\"},{\"@type\":\"Person\",\"@id\":\"https:\\\/\\\/www.ummto.dz\\\/fsecsg\\\/#\\\/schema\\\/person\\\/f0a19398acbf302f06e4a25788979a7c\",\"name\":\"maidi nacima\",\"url\":\"https:\\\/\\\/www.ummto.dz\\\/fsecsg\\\/author\\\/maidi-nacima\\\/\"}]}<\/script>\n<!-- \/ Yoast SEO plugin. -->","yoast_head_json":{"title":"Emplois du temps semestre 2 aux \u00e9tudiants de Master 1 FE (rectifi\u00e9). - Facult\u00e9 des Sciences Economiques, Commerciales et des Sciences de Gestion","robots":{"index":"index","follow":"follow","max-snippet":"max-snippet:-1","max-image-preview":"max-image-preview:large","max-video-preview":"max-video-preview:-1"},"canonical":"https:\/\/www.ummto.dz\/fsecsg\/emplois-du-temps-semestre-2-aux-etudiants-de-master-1-ms-et-fe-rectifie\/","og_locale":"fr_FR","og_type":"article","og_title":"Emplois du temps semestre 2 aux \u00e9tudiants de Master 1 FE (rectifi\u00e9). - Facult\u00e9 des Sciences Economiques, Commerciales et des Sciences de Gestion","og_description":"&nbsp; [pdf-embedder url=\u00a0\u00bbhttp:\/\/fsecsg.ummto.dz\/wp-content\/uploads\/2021\/06\/S2-FE.pdf\u00a0\u00bb title=\u00a0\u00bbS2 FE\u00a0\u00bb]","og_url":"https:\/\/www.ummto.dz\/fsecsg\/emplois-du-temps-semestre-2-aux-etudiants-de-master-1-ms-et-fe-rectifie\/","og_site_name":"Facult\u00e9 des Sciences Economiques, Commerciales et des Sciences de Gestion","article_published_time":"2021-06-27T15:56:34+00:00","article_modified_time":"2021-06-28T14:27:04+00:00","author":"maidi nacima","twitter_card":"summary_large_image","twitter_misc":{"\u00c9crit par":"maidi nacima","Dur\u00e9e de lecture estim\u00e9e":"1 minute"},"schema":{"@context":"https:\/\/schema.org","@graph":[{"@type":"Article","@id":"https:\/\/www.ummto.dz\/fsecsg\/emplois-du-temps-semestre-2-aux-etudiants-de-master-1-ms-et-fe-rectifie\/#article","isPartOf":{"@id":"https:\/\/www.ummto.dz\/fsecsg\/emplois-du-temps-semestre-2-aux-etudiants-de-master-1-ms-et-fe-rectifie\/"},"author":{"name":"maidi nacima","@id":"https:\/\/www.ummto.dz\/fsecsg\/#\/schema\/person\/f0a19398acbf302f06e4a25788979a7c"},"headline":"Emplois du temps semestre 2 aux \u00e9tudiants de Master 1 FE (rectifi\u00e9).","datePublished":"2021-06-27T15:56:34+00:00","dateModified":"2021-06-28T14:27:04+00:00","mainEntityOfPage":{"@id":"https:\/\/www.ummto.dz\/fsecsg\/emplois-du-temps-semestre-2-aux-etudiants-de-master-1-ms-et-fe-rectifie\/"},"wordCount":25,"inLanguage":"fr-FR"},{"@type":"WebPage","@id":"https:\/\/www.ummto.dz\/fsecsg\/emplois-du-temps-semestre-2-aux-etudiants-de-master-1-ms-et-fe-rectifie\/","url":"https:\/\/www.ummto.dz\/fsecsg\/emplois-du-temps-semestre-2-aux-etudiants-de-master-1-ms-et-fe-rectifie\/","name":"Emplois du temps semestre 2 aux \u00e9tudiants de Master 1 FE (rectifi\u00e9). - Facult\u00e9 des Sciences Economiques, Commerciales et des Sciences de Gestion","isPartOf":{"@id":"https:\/\/www.ummto.dz\/fsecsg\/#website"},"datePublished":"2021-06-27T15:56:34+00:00","dateModified":"2021-06-28T14:27:04+00:00","author":{"@id":"https:\/\/www.ummto.dz\/fsecsg\/#\/schema\/person\/f0a19398acbf302f06e4a25788979a7c"},"breadcrumb":{"@id":"https:\/\/www.ummto.dz\/fsecsg\/emplois-du-temps-semestre-2-aux-etudiants-de-master-1-ms-et-fe-rectifie\/#breadcrumb"},"inLanguage":"fr-FR","potentialAction":[{"@type":"ReadAction","target":["https:\/\/www.ummto.dz\/fsecsg\/emplois-du-temps-semestre-2-aux-etudiants-de-master-1-ms-et-fe-rectifie\/"]}]},{"@type":"BreadcrumbList","@id":"https:\/\/www.ummto.dz\/fsecsg\/emplois-du-temps-semestre-2-aux-etudiants-de-master-1-ms-et-fe-rectifie\/#breadcrumb","itemListElement":[{"@type":"ListItem","position":1,"name":"Accueil","item":"https:\/\/www.ummto.dz\/fsecsg\/"},{"@type":"ListItem","position":2,"name":"Emplois du temps semestre 2 aux \u00e9tudiants de Master 1 FE (rectifi\u00e9)."}]},{"@type":"WebSite","@id":"https:\/\/www.ummto.dz\/fsecsg\/#website","url":"https:\/\/www.ummto.dz\/fsecsg\/","name":"Facult\u00e9 des Sciences Economiques, Commerciales et des Sciences de Gestion","description":"Universit\u00e9 Mouloud Mammeri de Tizi Ouzou","potentialAction":[{"@type":"SearchAction","target":{"@type":"EntryPoint","urlTemplate":"https:\/\/www.ummto.dz\/fsecsg\/?s={search_term_string}"},"query-input":{"@type":"PropertyValueSpecification","valueRequired":true,"valueName":"search_term_string"}}],"inLanguage":"fr-FR"},{"@type":"Person","@id":"https:\/\/www.ummto.dz\/fsecsg\/#\/schema\/person\/f0a19398acbf302f06e4a25788979a7c","name":"maidi nacima","url":"https:\/\/www.ummto.dz\/fsecsg\/author\/maidi-nacima\/"}]}},"_links":{"self":[{"href":"https:\/\/www.ummto.dz\/fsecsg\/wp-json\/wp\/v2\/posts\/41792","targetHints":{"allow":["GET"]}}],"collection":[{"href":"https:\/\/www.ummto.dz\/fsecsg\/wp-json\/wp\/v2\/posts"}],"about":[{"href":"https:\/\/www.ummto.dz\/fsecsg\/wp-json\/wp\/v2\/types\/post"}],"author":[{"embeddable":true,"href":"https:\/\/www.ummto.dz\/fsecsg\/wp-json\/wp\/v2\/users\/1"}],"replies":[{"embeddable":true,"href":"https:\/\/www.ummto.dz\/fsecsg\/wp-json\/wp\/v2\/comments?post=41792"}],"version-history":[{"count":2,"href":"https:\/\/www.ummto.dz\/fsecsg\/wp-json\/wp\/v2\/posts\/41792\/revisions"}],"predecessor-version":[{"id":41916,"href":"https:\/\/www.ummto.dz\/fsecsg\/wp-json\/wp\/v2\/posts\/41792\/revisions\/41916"}],"wp:attachment":[{"href":"https:\/\/www.ummto.dz\/fsecsg\/wp-json\/wp\/v2\/media?parent=41792"}],"wp:term":[{"taxonomy":"category","embeddable":true,"href":"https:\/\/www.ummto.dz\/fsecsg\/wp-json\/wp\/v2\/categories?post=41792"},{"taxonomy":"post_tag","embeddable":true,"href":"https:\/\/www.ummto.dz\/fsecsg\/wp-json\/wp\/v2\/tags?post=41792"}],"curies":[{"name":"wp","href":"https:\/\/api.w.org\/{rel}","templated":true}]}}