{"id":65941,"date":"2022-09-14T12:51:08","date_gmt":"2022-09-14T10:51:08","guid":{"rendered":"https:\/\/www.ummto.dz\/fsecsg\/?p=65941"},"modified":"2022-09-14T13:13:01","modified_gmt":"2022-09-14T11:13:01","slug":"examen-de-rattrapage-de-la-section-a-1ere-annee-pour-le-module-emmc","status":"publish","type":"post","link":"https:\/\/www.ummto.dz\/fsecsg\/examen-de-rattrapage-de-la-section-a-1ere-annee-pour-le-module-emmc\/","title":{"rendered":"Examen de rattrapage de la section \u00c0 ( 1ere ann\u00e9e) pour le module EMMC"},"content":{"rendered":"\n<p>Le monde traverse actuellement une crise sans pr\u00e9c\u00e9dent, le taux d&rsquo;inflation&nbsp; handicape tous les m\u00e9nages du monde. Quelles sont les cons\u00e9quences de cette inflation sur l&rsquo;Alg\u00e9rie (donner des exemples concrets), quelles seraient les solutions \u00e0 appliquer pour sortir de cette spirale inflationniste ?&nbsp;<\/p>\n\n\n\n<p>La r\u00e9ponse doit \u00eatre sous forme de dissertation et le plan est obligatoire<\/p>\n\n\n\n<p>travail de recherche \u00e0 rendre avant le 25 septembre.\u00a0<\/p>\n\n\n\n[et_pb_section fb_built=\u00a0\u00bb1&Prime; theme_builder_area=\u00a0\u00bbpost_content\u00a0\u00bb _builder_version=\u00a0\u00bb4.18.0&Prime; _module_preset=\u00a0\u00bbdefault\u00a0\u00bb][\/et_pb_section]\n","protected":false},"excerpt":{"rendered":"<p>Le monde traverse actuellement une crise sans pr\u00e9c\u00e9dent, le taux d&rsquo;inflation&nbsp; handicape tous les m\u00e9nages du monde. Quelles sont les cons\u00e9quences de cette inflation sur l&rsquo;Alg\u00e9rie (donner des exemples concrets), quelles seraient les solutions \u00e0 appliquer pour sortir de cette spirale inflationniste ?&nbsp; La r\u00e9ponse doit \u00eatre sous forme de dissertation et le plan est [&hellip;]<\/p>\n","protected":false},"author":1,"featured_media":0,"comment_status":"closed","ping_status":"closed","sticky":false,"template":"","format":"standard","meta":{"_et_pb_use_builder":"on","_et_pb_old_content":"<!-- wp:paragraph -->\n<p><\/p>\n<!-- \/wp:paragraph -->\n\n<!-- wp:divi\/placeholder \/-->","_et_gb_content_width":"","footnotes":""},"categories":[1,23],"tags":[],"class_list":["post-65941","post","type-post","status-publish","format-standard","hentry","category-non-classe","category-new-dep-sc-commerciale"],"yoast_head":"<!-- This site is optimized with the Yoast SEO plugin v27.3 - https:\/\/yoast.com\/product\/yoast-seo-wordpress\/ -->\n<title>Examen de rattrapage de la section \u00c0 ( 1ere ann\u00e9e) pour le module EMMC - Facult\u00e9 des Sciences Economiques, Commerciales et des Sciences de Gestion<\/title>\n<meta name=\"robots\" content=\"index, follow, max-snippet:-1, max-image-preview:large, max-video-preview:-1\" \/>\n<link rel=\"canonical\" href=\"https:\/\/www.ummto.dz\/fsecsg\/examen-de-rattrapage-de-la-section-a-1ere-annee-pour-le-module-emmc\/\" \/>\n<meta property=\"og:locale\" content=\"fr_FR\" \/>\n<meta property=\"og:type\" content=\"article\" \/>\n<meta property=\"og:title\" content=\"Examen de rattrapage de la section \u00c0 ( 1ere ann\u00e9e) pour le module EMMC - Facult\u00e9 des Sciences Economiques, Commerciales et des Sciences de Gestion\" \/>\n<meta property=\"og:description\" content=\"Le monde traverse actuellement une crise sans pr\u00e9c\u00e9dent, le taux d&#039;inflation&nbsp; handicape tous les m\u00e9nages du monde. Quelles sont les cons\u00e9quences de cette inflation sur l&#039;Alg\u00e9rie (donner des exemples concrets), quelles seraient les solutions \u00e0 appliquer pour sortir de cette spirale inflationniste ?&nbsp; La r\u00e9ponse doit \u00eatre sous forme de dissertation et le plan est [&hellip;]\" \/>\n<meta property=\"og:url\" content=\"https:\/\/www.ummto.dz\/fsecsg\/examen-de-rattrapage-de-la-section-a-1ere-annee-pour-le-module-emmc\/\" \/>\n<meta property=\"og:site_name\" content=\"Facult\u00e9 des Sciences Economiques, Commerciales et des Sciences de Gestion\" \/>\n<meta property=\"article:published_time\" content=\"2022-09-14T10:51:08+00:00\" \/>\n<meta property=\"article:modified_time\" content=\"2022-09-14T11:13:01+00:00\" \/>\n<meta property=\"og:image\" content=\"https:\/\/www.ummto.dz\/fsecsg\/wp-content\/uploads\/2022\/09\/telechargement-6.jpg\" \/>\n\t<meta property=\"og:image:width\" content=\"300\" \/>\n\t<meta property=\"og:image:height\" content=\"168\" \/>\n\t<meta property=\"og:image:type\" content=\"image\/jpeg\" \/>\n<meta name=\"author\" content=\"maidi nacima\" \/>\n<meta name=\"twitter:card\" content=\"summary_large_image\" \/>\n<meta name=\"twitter:label1\" content=\"\u00c9crit par\" \/>\n\t<meta name=\"twitter:data1\" content=\"maidi nacima\" \/>\n\t<meta name=\"twitter:label2\" content=\"Dur\u00e9e de lecture estim\u00e9e\" \/>\n\t<meta name=\"twitter:data2\" content=\"1 minute\" \/>\n<script type=\"application\/ld+json\" class=\"yoast-schema-graph\">{\"@context\":\"https:\\\/\\\/schema.org\",\"@graph\":[{\"@type\":\"Article\",\"@id\":\"https:\\\/\\\/www.ummto.dz\\\/fsecsg\\\/examen-de-rattrapage-de-la-section-a-1ere-annee-pour-le-module-emmc\\\/#article\",\"isPartOf\":{\"@id\":\"https:\\\/\\\/www.ummto.dz\\\/fsecsg\\\/examen-de-rattrapage-de-la-section-a-1ere-annee-pour-le-module-emmc\\\/\"},\"author\":{\"name\":\"maidi nacima\",\"@id\":\"https:\\\/\\\/www.ummto.dz\\\/fsecsg\\\/#\\\/schema\\\/person\\\/f0a19398acbf302f06e4a25788979a7c\"},\"headline\":\"Examen de rattrapage de la section \u00c0 ( 1ere ann\u00e9e) pour le module EMMC\",\"datePublished\":\"2022-09-14T10:51:08+00:00\",\"dateModified\":\"2022-09-14T11:13:01+00:00\",\"mainEntityOfPage\":{\"@id\":\"https:\\\/\\\/www.ummto.dz\\\/fsecsg\\\/examen-de-rattrapage-de-la-section-a-1ere-annee-pour-le-module-emmc\\\/\"},\"wordCount\":102,\"articleSection\":{\"1\":\"Sc commerciale\"},\"inLanguage\":\"fr-FR\"},{\"@type\":\"WebPage\",\"@id\":\"https:\\\/\\\/www.ummto.dz\\\/fsecsg\\\/examen-de-rattrapage-de-la-section-a-1ere-annee-pour-le-module-emmc\\\/\",\"url\":\"https:\\\/\\\/www.ummto.dz\\\/fsecsg\\\/examen-de-rattrapage-de-la-section-a-1ere-annee-pour-le-module-emmc\\\/\",\"name\":\"Examen de rattrapage de la section \u00c0 ( 1ere ann\u00e9e) pour le module EMMC - Facult\u00e9 des Sciences Economiques, Commerciales et des Sciences de Gestion\",\"isPartOf\":{\"@id\":\"https:\\\/\\\/www.ummto.dz\\\/fsecsg\\\/#website\"},\"datePublished\":\"2022-09-14T10:51:08+00:00\",\"dateModified\":\"2022-09-14T11:13:01+00:00\",\"author\":{\"@id\":\"https:\\\/\\\/www.ummto.dz\\\/fsecsg\\\/#\\\/schema\\\/person\\\/f0a19398acbf302f06e4a25788979a7c\"},\"breadcrumb\":{\"@id\":\"https:\\\/\\\/www.ummto.dz\\\/fsecsg\\\/examen-de-rattrapage-de-la-section-a-1ere-annee-pour-le-module-emmc\\\/#breadcrumb\"},\"inLanguage\":\"fr-FR\",\"potentialAction\":[{\"@type\":\"ReadAction\",\"target\":[\"https:\\\/\\\/www.ummto.dz\\\/fsecsg\\\/examen-de-rattrapage-de-la-section-a-1ere-annee-pour-le-module-emmc\\\/\"]}]},{\"@type\":\"BreadcrumbList\",\"@id\":\"https:\\\/\\\/www.ummto.dz\\\/fsecsg\\\/examen-de-rattrapage-de-la-section-a-1ere-annee-pour-le-module-emmc\\\/#breadcrumb\",\"itemListElement\":[{\"@type\":\"ListItem\",\"position\":1,\"name\":\"Accueil\",\"item\":\"https:\\\/\\\/www.ummto.dz\\\/fsecsg\\\/\"},{\"@type\":\"ListItem\",\"position\":2,\"name\":\"Examen de rattrapage de la section \u00c0 ( 1ere ann\u00e9e) pour le module EMMC\"}]},{\"@type\":\"WebSite\",\"@id\":\"https:\\\/\\\/www.ummto.dz\\\/fsecsg\\\/#website\",\"url\":\"https:\\\/\\\/www.ummto.dz\\\/fsecsg\\\/\",\"name\":\"Facult\u00e9 des Sciences Economiques, Commerciales et des Sciences de Gestion\",\"description\":\"Universit\u00e9 Mouloud Mammeri de Tizi Ouzou\",\"potentialAction\":[{\"@type\":\"SearchAction\",\"target\":{\"@type\":\"EntryPoint\",\"urlTemplate\":\"https:\\\/\\\/www.ummto.dz\\\/fsecsg\\\/?s={search_term_string}\"},\"query-input\":{\"@type\":\"PropertyValueSpecification\",\"valueRequired\":true,\"valueName\":\"search_term_string\"}}],\"inLanguage\":\"fr-FR\"},{\"@type\":\"Person\",\"@id\":\"https:\\\/\\\/www.ummto.dz\\\/fsecsg\\\/#\\\/schema\\\/person\\\/f0a19398acbf302f06e4a25788979a7c\",\"name\":\"maidi nacima\",\"url\":\"https:\\\/\\\/www.ummto.dz\\\/fsecsg\\\/author\\\/maidi-nacima\\\/\"}]}<\/script>\n<!-- \/ Yoast SEO plugin. -->","yoast_head_json":{"title":"Examen de rattrapage de la section \u00c0 ( 1ere ann\u00e9e) pour le module EMMC - Facult\u00e9 des Sciences Economiques, Commerciales et des Sciences de Gestion","robots":{"index":"index","follow":"follow","max-snippet":"max-snippet:-1","max-image-preview":"max-image-preview:large","max-video-preview":"max-video-preview:-1"},"canonical":"https:\/\/www.ummto.dz\/fsecsg\/examen-de-rattrapage-de-la-section-a-1ere-annee-pour-le-module-emmc\/","og_locale":"fr_FR","og_type":"article","og_title":"Examen de rattrapage de la section \u00c0 ( 1ere ann\u00e9e) pour le module EMMC - Facult\u00e9 des Sciences Economiques, Commerciales et des Sciences de Gestion","og_description":"Le monde traverse actuellement une crise sans pr\u00e9c\u00e9dent, le taux d'inflation&nbsp; handicape tous les m\u00e9nages du monde. Quelles sont les cons\u00e9quences de cette inflation sur l'Alg\u00e9rie (donner des exemples concrets), quelles seraient les solutions \u00e0 appliquer pour sortir de cette spirale inflationniste ?&nbsp; La r\u00e9ponse doit \u00eatre sous forme de dissertation et le plan est [&hellip;]","og_url":"https:\/\/www.ummto.dz\/fsecsg\/examen-de-rattrapage-de-la-section-a-1ere-annee-pour-le-module-emmc\/","og_site_name":"Facult\u00e9 des Sciences Economiques, Commerciales et des Sciences de Gestion","article_published_time":"2022-09-14T10:51:08+00:00","article_modified_time":"2022-09-14T11:13:01+00:00","og_image":[{"width":300,"height":168,"url":"https:\/\/www.ummto.dz\/fsecsg\/wp-content\/uploads\/2022\/09\/telechargement-6.jpg","type":"image\/jpeg"}],"author":"maidi nacima","twitter_card":"summary_large_image","twitter_misc":{"\u00c9crit par":"maidi nacima","Dur\u00e9e de lecture estim\u00e9e":"1 minute"},"schema":{"@context":"https:\/\/schema.org","@graph":[{"@type":"Article","@id":"https:\/\/www.ummto.dz\/fsecsg\/examen-de-rattrapage-de-la-section-a-1ere-annee-pour-le-module-emmc\/#article","isPartOf":{"@id":"https:\/\/www.ummto.dz\/fsecsg\/examen-de-rattrapage-de-la-section-a-1ere-annee-pour-le-module-emmc\/"},"author":{"name":"maidi nacima","@id":"https:\/\/www.ummto.dz\/fsecsg\/#\/schema\/person\/f0a19398acbf302f06e4a25788979a7c"},"headline":"Examen de rattrapage de la section \u00c0 ( 1ere ann\u00e9e) pour le module EMMC","datePublished":"2022-09-14T10:51:08+00:00","dateModified":"2022-09-14T11:13:01+00:00","mainEntityOfPage":{"@id":"https:\/\/www.ummto.dz\/fsecsg\/examen-de-rattrapage-de-la-section-a-1ere-annee-pour-le-module-emmc\/"},"wordCount":102,"articleSection":{"1":"Sc commerciale"},"inLanguage":"fr-FR"},{"@type":"WebPage","@id":"https:\/\/www.ummto.dz\/fsecsg\/examen-de-rattrapage-de-la-section-a-1ere-annee-pour-le-module-emmc\/","url":"https:\/\/www.ummto.dz\/fsecsg\/examen-de-rattrapage-de-la-section-a-1ere-annee-pour-le-module-emmc\/","name":"Examen de rattrapage de la section \u00c0 ( 1ere ann\u00e9e) pour le module EMMC - Facult\u00e9 des Sciences Economiques, Commerciales et des Sciences de Gestion","isPartOf":{"@id":"https:\/\/www.ummto.dz\/fsecsg\/#website"},"datePublished":"2022-09-14T10:51:08+00:00","dateModified":"2022-09-14T11:13:01+00:00","author":{"@id":"https:\/\/www.ummto.dz\/fsecsg\/#\/schema\/person\/f0a19398acbf302f06e4a25788979a7c"},"breadcrumb":{"@id":"https:\/\/www.ummto.dz\/fsecsg\/examen-de-rattrapage-de-la-section-a-1ere-annee-pour-le-module-emmc\/#breadcrumb"},"inLanguage":"fr-FR","potentialAction":[{"@type":"ReadAction","target":["https:\/\/www.ummto.dz\/fsecsg\/examen-de-rattrapage-de-la-section-a-1ere-annee-pour-le-module-emmc\/"]}]},{"@type":"BreadcrumbList","@id":"https:\/\/www.ummto.dz\/fsecsg\/examen-de-rattrapage-de-la-section-a-1ere-annee-pour-le-module-emmc\/#breadcrumb","itemListElement":[{"@type":"ListItem","position":1,"name":"Accueil","item":"https:\/\/www.ummto.dz\/fsecsg\/"},{"@type":"ListItem","position":2,"name":"Examen de rattrapage de la section \u00c0 ( 1ere ann\u00e9e) pour le module EMMC"}]},{"@type":"WebSite","@id":"https:\/\/www.ummto.dz\/fsecsg\/#website","url":"https:\/\/www.ummto.dz\/fsecsg\/","name":"Facult\u00e9 des Sciences Economiques, Commerciales et des Sciences de Gestion","description":"Universit\u00e9 Mouloud Mammeri de Tizi Ouzou","potentialAction":[{"@type":"SearchAction","target":{"@type":"EntryPoint","urlTemplate":"https:\/\/www.ummto.dz\/fsecsg\/?s={search_term_string}"},"query-input":{"@type":"PropertyValueSpecification","valueRequired":true,"valueName":"search_term_string"}}],"inLanguage":"fr-FR"},{"@type":"Person","@id":"https:\/\/www.ummto.dz\/fsecsg\/#\/schema\/person\/f0a19398acbf302f06e4a25788979a7c","name":"maidi nacima","url":"https:\/\/www.ummto.dz\/fsecsg\/author\/maidi-nacima\/"}]}},"_links":{"self":[{"href":"https:\/\/www.ummto.dz\/fsecsg\/wp-json\/wp\/v2\/posts\/65941","targetHints":{"allow":["GET"]}}],"collection":[{"href":"https:\/\/www.ummto.dz\/fsecsg\/wp-json\/wp\/v2\/posts"}],"about":[{"href":"https:\/\/www.ummto.dz\/fsecsg\/wp-json\/wp\/v2\/types\/post"}],"author":[{"embeddable":true,"href":"https:\/\/www.ummto.dz\/fsecsg\/wp-json\/wp\/v2\/users\/1"}],"replies":[{"embeddable":true,"href":"https:\/\/www.ummto.dz\/fsecsg\/wp-json\/wp\/v2\/comments?post=65941"}],"version-history":[{"count":6,"href":"https:\/\/www.ummto.dz\/fsecsg\/wp-json\/wp\/v2\/posts\/65941\/revisions"}],"predecessor-version":[{"id":65964,"href":"https:\/\/www.ummto.dz\/fsecsg\/wp-json\/wp\/v2\/posts\/65941\/revisions\/65964"}],"wp:attachment":[{"href":"https:\/\/www.ummto.dz\/fsecsg\/wp-json\/wp\/v2\/media?parent=65941"}],"wp:term":[{"taxonomy":"category","embeddable":true,"href":"https:\/\/www.ummto.dz\/fsecsg\/wp-json\/wp\/v2\/categories?post=65941"},{"taxonomy":"post_tag","embeddable":true,"href":"https:\/\/www.ummto.dz\/fsecsg\/wp-json\/wp\/v2\/tags?post=65941"}],"curies":[{"name":"wp","href":"https:\/\/api.w.org\/{rel}","templated":true}]}}