{"id":70307,"date":"2023-01-15T22:06:45","date_gmt":"2023-01-15T21:06:45","guid":{"rendered":"https:\/\/www.ummto.dz\/fsecsg\/?p=70307"},"modified":"2023-01-15T22:09:07","modified_gmt":"2023-01-15T21:09:07","slug":"avis-aux-etudiants-de-la-2eme-annee-des-sciences-commerciales-section-a","status":"publish","type":"post","link":"https:\/\/www.ummto.dz\/fsecsg\/avis-aux-etudiants-de-la-2eme-annee-des-sciences-commerciales-section-a\/","title":{"rendered":"Avis aux  \u00e9tudiants de la\u00a02\u00e8me ann\u00e9e\u00a0des sciences commerciales (Section A)"},"content":{"rendered":"[et_pb_section fb_built=\u00a0\u00bb1&Prime; admin_label=\u00a0\u00bbsection\u00a0\u00bb _builder_version=\u00a0\u00bb4.16&Prime; global_colors_info=\u00a0\u00bb{}\u00a0\u00bb][et_pb_row admin_label=\u00a0\u00bbrow\u00a0\u00bb _builder_version=\u00a0\u00bb4.16&Prime; background_size=\u00a0\u00bbinitial\u00a0\u00bb background_position=\u00a0\u00bbtop_left\u00a0\u00bb background_repeat=\u00a0\u00bbrepeat\u00a0\u00bb global_colors_info=\u00a0\u00bb{}\u00a0\u00bb width=\u00a0\u00bb93.5%\u00a0\u00bb][et_pb_column type=\u00a0\u00bb4_4&Prime; _builder_version=\u00a0\u00bb4.16&Prime; custom_padding=\u00a0\u00bb|||\u00a0\u00bb global_colors_info=\u00a0\u00bb{}\u00a0\u00bb custom_padding__hover=\u00a0\u00bb|||\u00a0\u00bb][et_pb_text admin_label=\u00a0\u00bbText\u00a0\u00bb _builder_version=\u00a0\u00bb4.19.4&Prime; background_size=\u00a0\u00bbinitial\u00a0\u00bb background_position=\u00a0\u00bbtop_left\u00a0\u00bb background_repeat=\u00a0\u00bbrepeat\u00a0\u00bb global_colors_info=\u00a0\u00bb{}\u00a0\u00bb width=\u00a0\u00bb99.8%\u00a0\u00bb]<p>&nbsp;<\/p>\n<p style=\"font-weight: 400\"><strong>&lsquo; Programmation de deux s\u00e9ances de r\u00e9cup\u00e9ration du cours de M\u00e9thodologie 2 :\u00a0<\/strong><\/p>\n<p style=\"font-weight: 400\">Les \u00e9tudiants de la<span>\u00a0<\/span><strong>2\u00e8me ann\u00e9e<\/strong><span>\u00a0<\/span><strong>des sciences commerciales (Section A)<\/strong><span>\u00a0<\/span>sont inform\u00e9s que deux s\u00e9ances de r\u00e9cup\u00e9ration du cours<span>\u00a0<\/span><strong>\u00ab\u00a0M\u00e9thodologie\u00a02 \u00bb<\/strong><span>\u00a0<\/span>seront programm\u00e9es durant la semaine prochaine<span>\u00a0<\/span><strong>(entre le 15 et le 19 janvier 2023)<\/strong>. La premi\u00e8re s\u00e9ance se tiendra le<span>\u00a0<\/span><strong>mardi 17 janvier 2023<\/strong>, de 12h30 \u00e0 14h00, au niveau de l\u2019amphi 01 du d\u00e9partement des sciences commerciales. Le cr\u00e9neau de la deuxi\u00e8me s\u00e9ance de r\u00e9cup\u00e9ration programm\u00e9e sera affich\u00e9 ce dimanche 15 janvier 2023, en attendant la confirmation du lieu par l\u2019administration.\u00a0<\/p>\n<p style=\"font-weight: 400\">\u00a0 \u00a0 \u00a0 \u00a0 \u00a0 \u00a0 \u00a0 \u00a0 \u00a0 \u00a0 \u00a0 \u00a0 \u00a0 \u00a0 \u00a0 \u00a0 \u00a0 \u00a0 \u00a0 \u00a0 \u00a0 \u00a0 \u00a0<strong><em>Le responsable du module \u00a0\u00bb.<\/em><\/strong><\/p>\n<p><\/p>[\/et_pb_text][\/et_pb_column][\/et_pb_row][\/et_pb_section]","protected":false},"excerpt":{"rendered":"<p>&nbsp; &lsquo; Programmation de deux s\u00e9ances de r\u00e9cup\u00e9ration du cours de M\u00e9thodologie 2 :\u00a0 Les \u00e9tudiants de la\u00a02\u00e8me ann\u00e9e\u00a0des sciences commerciales (Section A)\u00a0sont inform\u00e9s que deux s\u00e9ances de r\u00e9cup\u00e9ration du cours\u00a0\u00ab\u00a0M\u00e9thodologie\u00a02 \u00bb\u00a0seront programm\u00e9es durant la semaine prochaine\u00a0(entre le 15 et le 19 janvier 2023). La premi\u00e8re s\u00e9ance se tiendra le\u00a0mardi 17 janvier 2023, de 12h30 [&hellip;]<\/p>\n","protected":false},"author":4,"featured_media":69676,"comment_status":"closed","ping_status":"closed","sticky":false,"template":"","format":"standard","meta":{"_et_pb_use_builder":"on","_et_pb_old_content":"<!-- wp:divi\/placeholder \/-->","_et_gb_content_width":"","footnotes":""},"categories":[33,23],"tags":[],"class_list":["post-70307","post","type-post","status-publish","format-standard","has-post-thumbnail","hentry","category-emploi-sc-commerciale","category-new-dep-sc-commerciale"],"yoast_head":"<!-- This site is optimized with the Yoast SEO plugin v27.3 - https:\/\/yoast.com\/product\/yoast-seo-wordpress\/ -->\n<title>Avis aux \u00e9tudiants de la\u00a02\u00e8me ann\u00e9e\u00a0des sciences commerciales (Section A) - Facult\u00e9 des Sciences Economiques, Commerciales et des Sciences de Gestion<\/title>\n<meta name=\"robots\" content=\"index, follow, max-snippet:-1, max-image-preview:large, max-video-preview:-1\" \/>\n<link rel=\"canonical\" href=\"https:\/\/www.ummto.dz\/fsecsg\/avis-aux-etudiants-de-la-2eme-annee-des-sciences-commerciales-section-a\/\" \/>\n<meta property=\"og:locale\" content=\"fr_FR\" \/>\n<meta property=\"og:type\" content=\"article\" \/>\n<meta property=\"og:title\" content=\"Avis aux \u00e9tudiants de la\u00a02\u00e8me ann\u00e9e\u00a0des sciences commerciales (Section A) - Facult\u00e9 des Sciences Economiques, Commerciales et des Sciences de Gestion\" \/>\n<meta property=\"og:description\" content=\"&nbsp; &#039; Programmation de deux s\u00e9ances de r\u00e9cup\u00e9ration du cours de M\u00e9thodologie 2 :\u00a0 Les \u00e9tudiants de la\u00a02\u00e8me ann\u00e9e\u00a0des sciences commerciales (Section A)\u00a0sont inform\u00e9s que deux s\u00e9ances de r\u00e9cup\u00e9ration du cours\u00a0\u00ab\u00a0M\u00e9thodologie\u00a02 \u00bb\u00a0seront programm\u00e9es durant la semaine prochaine\u00a0(entre le 15 et le 19 janvier 2023). La premi\u00e8re s\u00e9ance se tiendra le\u00a0mardi 17 janvier 2023, de 12h30 [&hellip;]\" \/>\n<meta property=\"og:url\" content=\"https:\/\/www.ummto.dz\/fsecsg\/avis-aux-etudiants-de-la-2eme-annee-des-sciences-commerciales-section-a\/\" \/>\n<meta property=\"og:site_name\" content=\"Facult\u00e9 des Sciences Economiques, Commerciales et des Sciences de Gestion\" \/>\n<meta property=\"article:published_time\" content=\"2023-01-15T21:06:45+00:00\" \/>\n<meta property=\"article:modified_time\" content=\"2023-01-15T21:09:07+00:00\" \/>\n<meta property=\"og:image\" content=\"https:\/\/www.ummto.dz\/fsecsg\/wp-content\/uploads\/2022\/12\/avis-1.jpg\" \/>\n\t<meta property=\"og:image:width\" content=\"180\" \/>\n\t<meta property=\"og:image:height\" content=\"180\" \/>\n\t<meta property=\"og:image:type\" content=\"image\/jpeg\" \/>\n<meta name=\"author\" content=\"FSECSG\" \/>\n<meta name=\"twitter:card\" content=\"summary_large_image\" \/>\n<meta name=\"twitter:label1\" content=\"\u00c9crit par\" \/>\n\t<meta name=\"twitter:data1\" content=\"FSECSG\" \/>\n<script type=\"application\/ld+json\" class=\"yoast-schema-graph\">{\"@context\":\"https:\\\/\\\/schema.org\",\"@graph\":[{\"@type\":\"Article\",\"@id\":\"https:\\\/\\\/www.ummto.dz\\\/fsecsg\\\/avis-aux-etudiants-de-la-2eme-annee-des-sciences-commerciales-section-a\\\/#article\",\"isPartOf\":{\"@id\":\"https:\\\/\\\/www.ummto.dz\\\/fsecsg\\\/avis-aux-etudiants-de-la-2eme-annee-des-sciences-commerciales-section-a\\\/\"},\"author\":{\"name\":\"FSECSG\",\"@id\":\"https:\\\/\\\/www.ummto.dz\\\/fsecsg\\\/#\\\/schema\\\/person\\\/c5f2e51b7d49f0febe1a7d8e53b452e3\"},\"headline\":\"Avis aux \u00e9tudiants de la\u00a02\u00e8me ann\u00e9e\u00a0des sciences commerciales (Section A)\",\"datePublished\":\"2023-01-15T21:06:45+00:00\",\"dateModified\":\"2023-01-15T21:09:07+00:00\",\"mainEntityOfPage\":{\"@id\":\"https:\\\/\\\/www.ummto.dz\\\/fsecsg\\\/avis-aux-etudiants-de-la-2eme-annee-des-sciences-commerciales-section-a\\\/\"},\"wordCount\":207,\"image\":{\"@id\":\"https:\\\/\\\/www.ummto.dz\\\/fsecsg\\\/avis-aux-etudiants-de-la-2eme-annee-des-sciences-commerciales-section-a\\\/#primaryimage\"},\"thumbnailUrl\":\"https:\\\/\\\/www.ummto.dz\\\/fsecsg\\\/wp-content\\\/uploads\\\/2022\\\/12\\\/avis-1.jpg\",\"articleSection\":[\"emploi Sc commerciale\",\"Sc commerciale\"],\"inLanguage\":\"fr-FR\"},{\"@type\":\"WebPage\",\"@id\":\"https:\\\/\\\/www.ummto.dz\\\/fsecsg\\\/avis-aux-etudiants-de-la-2eme-annee-des-sciences-commerciales-section-a\\\/\",\"url\":\"https:\\\/\\\/www.ummto.dz\\\/fsecsg\\\/avis-aux-etudiants-de-la-2eme-annee-des-sciences-commerciales-section-a\\\/\",\"name\":\"Avis aux \u00e9tudiants de la\u00a02\u00e8me ann\u00e9e\u00a0des sciences commerciales (Section A) - Facult\u00e9 des Sciences Economiques, Commerciales et des Sciences de Gestion\",\"isPartOf\":{\"@id\":\"https:\\\/\\\/www.ummto.dz\\\/fsecsg\\\/#website\"},\"primaryImageOfPage\":{\"@id\":\"https:\\\/\\\/www.ummto.dz\\\/fsecsg\\\/avis-aux-etudiants-de-la-2eme-annee-des-sciences-commerciales-section-a\\\/#primaryimage\"},\"image\":{\"@id\":\"https:\\\/\\\/www.ummto.dz\\\/fsecsg\\\/avis-aux-etudiants-de-la-2eme-annee-des-sciences-commerciales-section-a\\\/#primaryimage\"},\"thumbnailUrl\":\"https:\\\/\\\/www.ummto.dz\\\/fsecsg\\\/wp-content\\\/uploads\\\/2022\\\/12\\\/avis-1.jpg\",\"datePublished\":\"2023-01-15T21:06:45+00:00\",\"dateModified\":\"2023-01-15T21:09:07+00:00\",\"author\":{\"@id\":\"https:\\\/\\\/www.ummto.dz\\\/fsecsg\\\/#\\\/schema\\\/person\\\/c5f2e51b7d49f0febe1a7d8e53b452e3\"},\"breadcrumb\":{\"@id\":\"https:\\\/\\\/www.ummto.dz\\\/fsecsg\\\/avis-aux-etudiants-de-la-2eme-annee-des-sciences-commerciales-section-a\\\/#breadcrumb\"},\"inLanguage\":\"fr-FR\",\"potentialAction\":[{\"@type\":\"ReadAction\",\"target\":[\"https:\\\/\\\/www.ummto.dz\\\/fsecsg\\\/avis-aux-etudiants-de-la-2eme-annee-des-sciences-commerciales-section-a\\\/\"]}]},{\"@type\":\"ImageObject\",\"inLanguage\":\"fr-FR\",\"@id\":\"https:\\\/\\\/www.ummto.dz\\\/fsecsg\\\/avis-aux-etudiants-de-la-2eme-annee-des-sciences-commerciales-section-a\\\/#primaryimage\",\"url\":\"https:\\\/\\\/www.ummto.dz\\\/fsecsg\\\/wp-content\\\/uploads\\\/2022\\\/12\\\/avis-1.jpg\",\"contentUrl\":\"https:\\\/\\\/www.ummto.dz\\\/fsecsg\\\/wp-content\\\/uploads\\\/2022\\\/12\\\/avis-1.jpg\",\"width\":180,\"height\":180},{\"@type\":\"BreadcrumbList\",\"@id\":\"https:\\\/\\\/www.ummto.dz\\\/fsecsg\\\/avis-aux-etudiants-de-la-2eme-annee-des-sciences-commerciales-section-a\\\/#breadcrumb\",\"itemListElement\":[{\"@type\":\"ListItem\",\"position\":1,\"name\":\"Accueil\",\"item\":\"https:\\\/\\\/www.ummto.dz\\\/fsecsg\\\/\"},{\"@type\":\"ListItem\",\"position\":2,\"name\":\"Avis aux \u00e9tudiants de la\u00a02\u00e8me ann\u00e9e\u00a0des sciences commerciales (Section A)\"}]},{\"@type\":\"WebSite\",\"@id\":\"https:\\\/\\\/www.ummto.dz\\\/fsecsg\\\/#website\",\"url\":\"https:\\\/\\\/www.ummto.dz\\\/fsecsg\\\/\",\"name\":\"Facult\u00e9 des Sciences Economiques, Commerciales et des Sciences de Gestion\",\"description\":\"Universit\u00e9 Mouloud Mammeri de Tizi Ouzou\",\"potentialAction\":[{\"@type\":\"SearchAction\",\"target\":{\"@type\":\"EntryPoint\",\"urlTemplate\":\"https:\\\/\\\/www.ummto.dz\\\/fsecsg\\\/?s={search_term_string}\"},\"query-input\":{\"@type\":\"PropertyValueSpecification\",\"valueRequired\":true,\"valueName\":\"search_term_string\"}}],\"inLanguage\":\"fr-FR\"},{\"@type\":\"Person\",\"@id\":\"https:\\\/\\\/www.ummto.dz\\\/fsecsg\\\/#\\\/schema\\\/person\\\/c5f2e51b7d49f0febe1a7d8e53b452e3\",\"name\":\"FSECSG\",\"url\":\"https:\\\/\\\/www.ummto.dz\\\/fsecsg\\\/author\\\/fsecsg\\\/\"}]}<\/script>\n<!-- \/ Yoast SEO plugin. -->","yoast_head_json":{"title":"Avis aux \u00e9tudiants de la\u00a02\u00e8me ann\u00e9e\u00a0des sciences commerciales (Section A) - Facult\u00e9 des Sciences Economiques, Commerciales et des Sciences de Gestion","robots":{"index":"index","follow":"follow","max-snippet":"max-snippet:-1","max-image-preview":"max-image-preview:large","max-video-preview":"max-video-preview:-1"},"canonical":"https:\/\/www.ummto.dz\/fsecsg\/avis-aux-etudiants-de-la-2eme-annee-des-sciences-commerciales-section-a\/","og_locale":"fr_FR","og_type":"article","og_title":"Avis aux \u00e9tudiants de la\u00a02\u00e8me ann\u00e9e\u00a0des sciences commerciales (Section A) - Facult\u00e9 des Sciences Economiques, Commerciales et des Sciences de Gestion","og_description":"&nbsp; ' Programmation de deux s\u00e9ances de r\u00e9cup\u00e9ration du cours de M\u00e9thodologie 2 :\u00a0 Les \u00e9tudiants de la\u00a02\u00e8me ann\u00e9e\u00a0des sciences commerciales (Section A)\u00a0sont inform\u00e9s que deux s\u00e9ances de r\u00e9cup\u00e9ration du cours\u00a0\u00ab\u00a0M\u00e9thodologie\u00a02 \u00bb\u00a0seront programm\u00e9es durant la semaine prochaine\u00a0(entre le 15 et le 19 janvier 2023). La premi\u00e8re s\u00e9ance se tiendra le\u00a0mardi 17 janvier 2023, de 12h30 [&hellip;]","og_url":"https:\/\/www.ummto.dz\/fsecsg\/avis-aux-etudiants-de-la-2eme-annee-des-sciences-commerciales-section-a\/","og_site_name":"Facult\u00e9 des Sciences Economiques, Commerciales et des Sciences de Gestion","article_published_time":"2023-01-15T21:06:45+00:00","article_modified_time":"2023-01-15T21:09:07+00:00","og_image":[{"width":180,"height":180,"url":"https:\/\/www.ummto.dz\/fsecsg\/wp-content\/uploads\/2022\/12\/avis-1.jpg","type":"image\/jpeg"}],"author":"FSECSG","twitter_card":"summary_large_image","twitter_misc":{"\u00c9crit par":"FSECSG"},"schema":{"@context":"https:\/\/schema.org","@graph":[{"@type":"Article","@id":"https:\/\/www.ummto.dz\/fsecsg\/avis-aux-etudiants-de-la-2eme-annee-des-sciences-commerciales-section-a\/#article","isPartOf":{"@id":"https:\/\/www.ummto.dz\/fsecsg\/avis-aux-etudiants-de-la-2eme-annee-des-sciences-commerciales-section-a\/"},"author":{"name":"FSECSG","@id":"https:\/\/www.ummto.dz\/fsecsg\/#\/schema\/person\/c5f2e51b7d49f0febe1a7d8e53b452e3"},"headline":"Avis aux \u00e9tudiants de la\u00a02\u00e8me ann\u00e9e\u00a0des sciences commerciales (Section A)","datePublished":"2023-01-15T21:06:45+00:00","dateModified":"2023-01-15T21:09:07+00:00","mainEntityOfPage":{"@id":"https:\/\/www.ummto.dz\/fsecsg\/avis-aux-etudiants-de-la-2eme-annee-des-sciences-commerciales-section-a\/"},"wordCount":207,"image":{"@id":"https:\/\/www.ummto.dz\/fsecsg\/avis-aux-etudiants-de-la-2eme-annee-des-sciences-commerciales-section-a\/#primaryimage"},"thumbnailUrl":"https:\/\/www.ummto.dz\/fsecsg\/wp-content\/uploads\/2022\/12\/avis-1.jpg","articleSection":["emploi Sc commerciale","Sc commerciale"],"inLanguage":"fr-FR"},{"@type":"WebPage","@id":"https:\/\/www.ummto.dz\/fsecsg\/avis-aux-etudiants-de-la-2eme-annee-des-sciences-commerciales-section-a\/","url":"https:\/\/www.ummto.dz\/fsecsg\/avis-aux-etudiants-de-la-2eme-annee-des-sciences-commerciales-section-a\/","name":"Avis aux \u00e9tudiants de la\u00a02\u00e8me ann\u00e9e\u00a0des sciences commerciales (Section A) - Facult\u00e9 des Sciences Economiques, Commerciales et des Sciences de Gestion","isPartOf":{"@id":"https:\/\/www.ummto.dz\/fsecsg\/#website"},"primaryImageOfPage":{"@id":"https:\/\/www.ummto.dz\/fsecsg\/avis-aux-etudiants-de-la-2eme-annee-des-sciences-commerciales-section-a\/#primaryimage"},"image":{"@id":"https:\/\/www.ummto.dz\/fsecsg\/avis-aux-etudiants-de-la-2eme-annee-des-sciences-commerciales-section-a\/#primaryimage"},"thumbnailUrl":"https:\/\/www.ummto.dz\/fsecsg\/wp-content\/uploads\/2022\/12\/avis-1.jpg","datePublished":"2023-01-15T21:06:45+00:00","dateModified":"2023-01-15T21:09:07+00:00","author":{"@id":"https:\/\/www.ummto.dz\/fsecsg\/#\/schema\/person\/c5f2e51b7d49f0febe1a7d8e53b452e3"},"breadcrumb":{"@id":"https:\/\/www.ummto.dz\/fsecsg\/avis-aux-etudiants-de-la-2eme-annee-des-sciences-commerciales-section-a\/#breadcrumb"},"inLanguage":"fr-FR","potentialAction":[{"@type":"ReadAction","target":["https:\/\/www.ummto.dz\/fsecsg\/avis-aux-etudiants-de-la-2eme-annee-des-sciences-commerciales-section-a\/"]}]},{"@type":"ImageObject","inLanguage":"fr-FR","@id":"https:\/\/www.ummto.dz\/fsecsg\/avis-aux-etudiants-de-la-2eme-annee-des-sciences-commerciales-section-a\/#primaryimage","url":"https:\/\/www.ummto.dz\/fsecsg\/wp-content\/uploads\/2022\/12\/avis-1.jpg","contentUrl":"https:\/\/www.ummto.dz\/fsecsg\/wp-content\/uploads\/2022\/12\/avis-1.jpg","width":180,"height":180},{"@type":"BreadcrumbList","@id":"https:\/\/www.ummto.dz\/fsecsg\/avis-aux-etudiants-de-la-2eme-annee-des-sciences-commerciales-section-a\/#breadcrumb","itemListElement":[{"@type":"ListItem","position":1,"name":"Accueil","item":"https:\/\/www.ummto.dz\/fsecsg\/"},{"@type":"ListItem","position":2,"name":"Avis aux \u00e9tudiants de la\u00a02\u00e8me ann\u00e9e\u00a0des sciences commerciales (Section A)"}]},{"@type":"WebSite","@id":"https:\/\/www.ummto.dz\/fsecsg\/#website","url":"https:\/\/www.ummto.dz\/fsecsg\/","name":"Facult\u00e9 des Sciences Economiques, Commerciales et des Sciences de Gestion","description":"Universit\u00e9 Mouloud Mammeri de Tizi Ouzou","potentialAction":[{"@type":"SearchAction","target":{"@type":"EntryPoint","urlTemplate":"https:\/\/www.ummto.dz\/fsecsg\/?s={search_term_string}"},"query-input":{"@type":"PropertyValueSpecification","valueRequired":true,"valueName":"search_term_string"}}],"inLanguage":"fr-FR"},{"@type":"Person","@id":"https:\/\/www.ummto.dz\/fsecsg\/#\/schema\/person\/c5f2e51b7d49f0febe1a7d8e53b452e3","name":"FSECSG","url":"https:\/\/www.ummto.dz\/fsecsg\/author\/fsecsg\/"}]}},"_links":{"self":[{"href":"https:\/\/www.ummto.dz\/fsecsg\/wp-json\/wp\/v2\/posts\/70307","targetHints":{"allow":["GET"]}}],"collection":[{"href":"https:\/\/www.ummto.dz\/fsecsg\/wp-json\/wp\/v2\/posts"}],"about":[{"href":"https:\/\/www.ummto.dz\/fsecsg\/wp-json\/wp\/v2\/types\/post"}],"author":[{"embeddable":true,"href":"https:\/\/www.ummto.dz\/fsecsg\/wp-json\/wp\/v2\/users\/4"}],"replies":[{"embeddable":true,"href":"https:\/\/www.ummto.dz\/fsecsg\/wp-json\/wp\/v2\/comments?post=70307"}],"version-history":[{"count":4,"href":"https:\/\/www.ummto.dz\/fsecsg\/wp-json\/wp\/v2\/posts\/70307\/revisions"}],"predecessor-version":[{"id":70311,"href":"https:\/\/www.ummto.dz\/fsecsg\/wp-json\/wp\/v2\/posts\/70307\/revisions\/70311"}],"wp:featuredmedia":[{"embeddable":true,"href":"https:\/\/www.ummto.dz\/fsecsg\/wp-json\/wp\/v2\/media\/69676"}],"wp:attachment":[{"href":"https:\/\/www.ummto.dz\/fsecsg\/wp-json\/wp\/v2\/media?parent=70307"}],"wp:term":[{"taxonomy":"category","embeddable":true,"href":"https:\/\/www.ummto.dz\/fsecsg\/wp-json\/wp\/v2\/categories?post=70307"},{"taxonomy":"post_tag","embeddable":true,"href":"https:\/\/www.ummto.dz\/fsecsg\/wp-json\/wp\/v2\/tags?post=70307"}],"curies":[{"name":"wp","href":"https:\/\/api.w.org\/{rel}","templated":true}]}}