{"id":70635,"date":"2023-01-25T14:03:10","date_gmt":"2023-01-25T13:03:10","guid":{"rendered":"https:\/\/www.ummto.dz\/fsecsg\/?p=70635"},"modified":"2023-01-25T14:12:39","modified_gmt":"2023-01-25T13:12:39","slug":"avis-aux-etudiants-de-1ere-annee-section-c","status":"publish","type":"post","link":"https:\/\/www.ummto.dz\/fsecsg\/avis-aux-etudiants-de-1ere-annee-section-c\/","title":{"rendered":"Avis aux \u00e9tudiants de 1\u00e9re ann\u00e9e ,section C."},"content":{"rendered":"[et_pb_section fb_built=\u00a0\u00bb1&Prime; admin_label=\u00a0\u00bbsection\u00a0\u00bb _builder_version=\u00a0\u00bb4.16&Prime; global_colors_info=\u00a0\u00bb{}\u00a0\u00bb][et_pb_row admin_label=\u00a0\u00bbrow\u00a0\u00bb _builder_version=\u00a0\u00bb4.16&Prime; background_size=\u00a0\u00bbinitial\u00a0\u00bb background_position=\u00a0\u00bbtop_left\u00a0\u00bb background_repeat=\u00a0\u00bbrepeat\u00a0\u00bb global_colors_info=\u00a0\u00bb{}\u00a0\u00bb][et_pb_column type=\u00a0\u00bb4_4&Prime; _builder_version=\u00a0\u00bb4.16&Prime; custom_padding=\u00a0\u00bb|||\u00a0\u00bb global_colors_info=\u00a0\u00bb{}\u00a0\u00bb custom_padding__hover=\u00a0\u00bb|||\u00a0\u00bb][et_pb_text admin_label=\u00a0\u00bbText\u00a0\u00bb _builder_version=\u00a0\u00bb4.19.4&Prime; background_size=\u00a0\u00bbinitial\u00a0\u00bb background_position=\u00a0\u00bbtop_left\u00a0\u00bb background_repeat=\u00a0\u00bbrepeat\u00a0\u00bb width=\u00a0\u00bb100%\u00a0\u00bb global_colors_info=\u00a0\u00bb{}\u00a0\u00bb]<p>&nbsp;<\/p>\n<p>\u00a0<span class=\"fontstyle0\"><strong><span style=\"color: #000080\"><\/span><\/strong><\/span><span class=\"fontstyle0\"><strong><span style=\"color: #000080\">\u00a0Il est port\u00e9 \u00e0 la connaissance des \u00e9tudiants<\/span>\u00a0<\/strong> <strong><span style=\"color: #000080\">groupe 18 et 23 que l\u2019Examen de TD\u00a0 <\/span><\/strong><strong><span style=\"color: #000080\">Statistique aura lieu Dimanche 29\/01\/2023 \u00e0 11h00 \u00e0 l\u2019amphi BELHOUAS.<\/span><\/strong><br \/><\/span><span class=\"fontstyle0\">\u00a0 \u00a0 \u00a0 \u00a0 \u00a0 \u00a0 \u00a0 \u00a0 \u00a0 \u00a0 \u00a0 \u00a0 \u00a0 \u00a0 \u00a0 \u00a0 \u00a0 \u00a0 \u00a0 \u00a0 \u00a0 \u00a0 \u00a0 \u00a0 \u00a0 \u00a0 \u00a0 \u00a0 \u00a0 \u00a0<span style=\"text-decoration: underline\"><strong>Charg\u00e9e de TD <\/strong><\/span><\/span><span style=\"text-decoration: underline\"><strong><span class=\"fontstyle2\">BELBACHIR<\/span><\/strong><\/span><\/p>\n<p><\/p>[\/et_pb_text][\/et_pb_column][\/et_pb_row][\/et_pb_section]","protected":false},"excerpt":{"rendered":"<p>&nbsp; \u00a0\u00a0Il est port\u00e9 \u00e0 la connaissance des \u00e9tudiants\u00a0 groupe 18 et 23 que l\u2019Examen de TD\u00a0 Statistique aura lieu Dimanche 29\/01\/2023 \u00e0 11h00 \u00e0 l\u2019amphi BELHOUAS.\u00a0 \u00a0 \u00a0 \u00a0 \u00a0 \u00a0 \u00a0 \u00a0 \u00a0 \u00a0 \u00a0 \u00a0 \u00a0 \u00a0 \u00a0 \u00a0 \u00a0 \u00a0 \u00a0 \u00a0 \u00a0 \u00a0 \u00a0 \u00a0 \u00a0 \u00a0 \u00a0 \u00a0 \u00a0 [&hellip;]<\/p>\n","protected":false},"author":4,"featured_media":65855,"comment_status":"closed","ping_status":"closed","sticky":false,"template":"","format":"standard","meta":{"_et_pb_use_builder":"on","_et_pb_old_content":"<!-- wp:divi\/placeholder \/-->","_et_gb_content_width":"","footnotes":""},"categories":[34,20],"tags":[],"class_list":["post-70635","post","type-post","status-publish","format-standard","has-post-thumbnail","hentry","category-emploi-sc-eco","category-new-dep-sceco"],"yoast_head":"<!-- This site is optimized with the Yoast SEO plugin v27.3 - https:\/\/yoast.com\/product\/yoast-seo-wordpress\/ -->\n<title>Avis aux \u00e9tudiants de 1\u00e9re ann\u00e9e ,section C. - Facult\u00e9 des Sciences Economiques, Commerciales et des Sciences de Gestion<\/title>\n<meta name=\"robots\" content=\"index, follow, max-snippet:-1, max-image-preview:large, max-video-preview:-1\" \/>\n<link rel=\"canonical\" href=\"https:\/\/www.ummto.dz\/fsecsg\/avis-aux-etudiants-de-1ere-annee-section-c\/\" \/>\n<meta property=\"og:locale\" content=\"fr_FR\" \/>\n<meta property=\"og:type\" content=\"article\" \/>\n<meta property=\"og:title\" content=\"Avis aux \u00e9tudiants de 1\u00e9re ann\u00e9e ,section C. - Facult\u00e9 des Sciences Economiques, Commerciales et des Sciences de Gestion\" \/>\n<meta property=\"og:description\" content=\"&nbsp; \u00a0\u00a0Il est port\u00e9 \u00e0 la connaissance des \u00e9tudiants\u00a0 groupe 18 et 23 que l\u2019Examen de TD\u00a0 Statistique aura lieu Dimanche 29\/01\/2023 \u00e0 11h00 \u00e0 l\u2019amphi BELHOUAS.\u00a0 \u00a0 \u00a0 \u00a0 \u00a0 \u00a0 \u00a0 \u00a0 \u00a0 \u00a0 \u00a0 \u00a0 \u00a0 \u00a0 \u00a0 \u00a0 \u00a0 \u00a0 \u00a0 \u00a0 \u00a0 \u00a0 \u00a0 \u00a0 \u00a0 \u00a0 \u00a0 \u00a0 \u00a0 [&hellip;]\" \/>\n<meta property=\"og:url\" content=\"https:\/\/www.ummto.dz\/fsecsg\/avis-aux-etudiants-de-1ere-annee-section-c\/\" \/>\n<meta property=\"og:site_name\" content=\"Facult\u00e9 des Sciences Economiques, Commerciales et des Sciences de Gestion\" \/>\n<meta property=\"article:published_time\" content=\"2023-01-25T13:03:10+00:00\" \/>\n<meta property=\"article:modified_time\" content=\"2023-01-25T13:12:39+00:00\" \/>\n<meta property=\"og:image\" content=\"https:\/\/www.ummto.dz\/fsecsg\/wp-content\/uploads\/2022\/09\/examen-algemeen-320x320-1.jpg\" \/>\n\t<meta property=\"og:image:width\" content=\"243\" \/>\n\t<meta property=\"og:image:height\" content=\"104\" \/>\n\t<meta property=\"og:image:type\" content=\"image\/jpeg\" \/>\n<meta name=\"author\" content=\"FSECSG\" \/>\n<meta name=\"twitter:card\" content=\"summary_large_image\" \/>\n<meta name=\"twitter:label1\" content=\"\u00c9crit par\" \/>\n\t<meta name=\"twitter:data1\" content=\"FSECSG\" \/>\n<script type=\"application\/ld+json\" class=\"yoast-schema-graph\">{\"@context\":\"https:\\\/\\\/schema.org\",\"@graph\":[{\"@type\":\"Article\",\"@id\":\"https:\\\/\\\/www.ummto.dz\\\/fsecsg\\\/avis-aux-etudiants-de-1ere-annee-section-c\\\/#article\",\"isPartOf\":{\"@id\":\"https:\\\/\\\/www.ummto.dz\\\/fsecsg\\\/avis-aux-etudiants-de-1ere-annee-section-c\\\/\"},\"author\":{\"name\":\"FSECSG\",\"@id\":\"https:\\\/\\\/www.ummto.dz\\\/fsecsg\\\/#\\\/schema\\\/person\\\/c5f2e51b7d49f0febe1a7d8e53b452e3\"},\"headline\":\"Avis aux \u00e9tudiants de 1\u00e9re ann\u00e9e ,section C.\",\"datePublished\":\"2023-01-25T13:03:10+00:00\",\"dateModified\":\"2023-01-25T13:12:39+00:00\",\"mainEntityOfPage\":{\"@id\":\"https:\\\/\\\/www.ummto.dz\\\/fsecsg\\\/avis-aux-etudiants-de-1ere-annee-section-c\\\/\"},\"wordCount\":119,\"image\":{\"@id\":\"https:\\\/\\\/www.ummto.dz\\\/fsecsg\\\/avis-aux-etudiants-de-1ere-annee-section-c\\\/#primaryimage\"},\"thumbnailUrl\":\"https:\\\/\\\/www.ummto.dz\\\/fsecsg\\\/wp-content\\\/uploads\\\/2022\\\/09\\\/examen-algemeen-320x320-1.jpg\",\"articleSection\":[\"emploi Sc Eco\",\"Sc Eco\"],\"inLanguage\":\"fr-FR\"},{\"@type\":\"WebPage\",\"@id\":\"https:\\\/\\\/www.ummto.dz\\\/fsecsg\\\/avis-aux-etudiants-de-1ere-annee-section-c\\\/\",\"url\":\"https:\\\/\\\/www.ummto.dz\\\/fsecsg\\\/avis-aux-etudiants-de-1ere-annee-section-c\\\/\",\"name\":\"Avis aux \u00e9tudiants de 1\u00e9re ann\u00e9e ,section C. - Facult\u00e9 des Sciences Economiques, Commerciales et des Sciences de Gestion\",\"isPartOf\":{\"@id\":\"https:\\\/\\\/www.ummto.dz\\\/fsecsg\\\/#website\"},\"primaryImageOfPage\":{\"@id\":\"https:\\\/\\\/www.ummto.dz\\\/fsecsg\\\/avis-aux-etudiants-de-1ere-annee-section-c\\\/#primaryimage\"},\"image\":{\"@id\":\"https:\\\/\\\/www.ummto.dz\\\/fsecsg\\\/avis-aux-etudiants-de-1ere-annee-section-c\\\/#primaryimage\"},\"thumbnailUrl\":\"https:\\\/\\\/www.ummto.dz\\\/fsecsg\\\/wp-content\\\/uploads\\\/2022\\\/09\\\/examen-algemeen-320x320-1.jpg\",\"datePublished\":\"2023-01-25T13:03:10+00:00\",\"dateModified\":\"2023-01-25T13:12:39+00:00\",\"author\":{\"@id\":\"https:\\\/\\\/www.ummto.dz\\\/fsecsg\\\/#\\\/schema\\\/person\\\/c5f2e51b7d49f0febe1a7d8e53b452e3\"},\"breadcrumb\":{\"@id\":\"https:\\\/\\\/www.ummto.dz\\\/fsecsg\\\/avis-aux-etudiants-de-1ere-annee-section-c\\\/#breadcrumb\"},\"inLanguage\":\"fr-FR\",\"potentialAction\":[{\"@type\":\"ReadAction\",\"target\":[\"https:\\\/\\\/www.ummto.dz\\\/fsecsg\\\/avis-aux-etudiants-de-1ere-annee-section-c\\\/\"]}]},{\"@type\":\"ImageObject\",\"inLanguage\":\"fr-FR\",\"@id\":\"https:\\\/\\\/www.ummto.dz\\\/fsecsg\\\/avis-aux-etudiants-de-1ere-annee-section-c\\\/#primaryimage\",\"url\":\"https:\\\/\\\/www.ummto.dz\\\/fsecsg\\\/wp-content\\\/uploads\\\/2022\\\/09\\\/examen-algemeen-320x320-1.jpg\",\"contentUrl\":\"https:\\\/\\\/www.ummto.dz\\\/fsecsg\\\/wp-content\\\/uploads\\\/2022\\\/09\\\/examen-algemeen-320x320-1.jpg\",\"width\":243,\"height\":104},{\"@type\":\"BreadcrumbList\",\"@id\":\"https:\\\/\\\/www.ummto.dz\\\/fsecsg\\\/avis-aux-etudiants-de-1ere-annee-section-c\\\/#breadcrumb\",\"itemListElement\":[{\"@type\":\"ListItem\",\"position\":1,\"name\":\"Accueil\",\"item\":\"https:\\\/\\\/www.ummto.dz\\\/fsecsg\\\/\"},{\"@type\":\"ListItem\",\"position\":2,\"name\":\"Avis aux \u00e9tudiants de 1\u00e9re ann\u00e9e ,section C.\"}]},{\"@type\":\"WebSite\",\"@id\":\"https:\\\/\\\/www.ummto.dz\\\/fsecsg\\\/#website\",\"url\":\"https:\\\/\\\/www.ummto.dz\\\/fsecsg\\\/\",\"name\":\"Facult\u00e9 des Sciences Economiques, Commerciales et des Sciences de Gestion\",\"description\":\"Universit\u00e9 Mouloud Mammeri de Tizi Ouzou\",\"potentialAction\":[{\"@type\":\"SearchAction\",\"target\":{\"@type\":\"EntryPoint\",\"urlTemplate\":\"https:\\\/\\\/www.ummto.dz\\\/fsecsg\\\/?s={search_term_string}\"},\"query-input\":{\"@type\":\"PropertyValueSpecification\",\"valueRequired\":true,\"valueName\":\"search_term_string\"}}],\"inLanguage\":\"fr-FR\"},{\"@type\":\"Person\",\"@id\":\"https:\\\/\\\/www.ummto.dz\\\/fsecsg\\\/#\\\/schema\\\/person\\\/c5f2e51b7d49f0febe1a7d8e53b452e3\",\"name\":\"FSECSG\",\"url\":\"https:\\\/\\\/www.ummto.dz\\\/fsecsg\\\/author\\\/fsecsg\\\/\"}]}<\/script>\n<!-- \/ Yoast SEO plugin. -->","yoast_head_json":{"title":"Avis aux \u00e9tudiants de 1\u00e9re ann\u00e9e ,section C. - Facult\u00e9 des Sciences Economiques, Commerciales et des Sciences de Gestion","robots":{"index":"index","follow":"follow","max-snippet":"max-snippet:-1","max-image-preview":"max-image-preview:large","max-video-preview":"max-video-preview:-1"},"canonical":"https:\/\/www.ummto.dz\/fsecsg\/avis-aux-etudiants-de-1ere-annee-section-c\/","og_locale":"fr_FR","og_type":"article","og_title":"Avis aux \u00e9tudiants de 1\u00e9re ann\u00e9e ,section C. - Facult\u00e9 des Sciences Economiques, Commerciales et des Sciences de Gestion","og_description":"&nbsp; \u00a0\u00a0Il est port\u00e9 \u00e0 la connaissance des \u00e9tudiants\u00a0 groupe 18 et 23 que l\u2019Examen de TD\u00a0 Statistique aura lieu Dimanche 29\/01\/2023 \u00e0 11h00 \u00e0 l\u2019amphi BELHOUAS.\u00a0 \u00a0 \u00a0 \u00a0 \u00a0 \u00a0 \u00a0 \u00a0 \u00a0 \u00a0 \u00a0 \u00a0 \u00a0 \u00a0 \u00a0 \u00a0 \u00a0 \u00a0 \u00a0 \u00a0 \u00a0 \u00a0 \u00a0 \u00a0 \u00a0 \u00a0 \u00a0 \u00a0 \u00a0 [&hellip;]","og_url":"https:\/\/www.ummto.dz\/fsecsg\/avis-aux-etudiants-de-1ere-annee-section-c\/","og_site_name":"Facult\u00e9 des Sciences Economiques, Commerciales et des Sciences de Gestion","article_published_time":"2023-01-25T13:03:10+00:00","article_modified_time":"2023-01-25T13:12:39+00:00","og_image":[{"width":243,"height":104,"url":"https:\/\/www.ummto.dz\/fsecsg\/wp-content\/uploads\/2022\/09\/examen-algemeen-320x320-1.jpg","type":"image\/jpeg"}],"author":"FSECSG","twitter_card":"summary_large_image","twitter_misc":{"\u00c9crit par":"FSECSG"},"schema":{"@context":"https:\/\/schema.org","@graph":[{"@type":"Article","@id":"https:\/\/www.ummto.dz\/fsecsg\/avis-aux-etudiants-de-1ere-annee-section-c\/#article","isPartOf":{"@id":"https:\/\/www.ummto.dz\/fsecsg\/avis-aux-etudiants-de-1ere-annee-section-c\/"},"author":{"name":"FSECSG","@id":"https:\/\/www.ummto.dz\/fsecsg\/#\/schema\/person\/c5f2e51b7d49f0febe1a7d8e53b452e3"},"headline":"Avis aux \u00e9tudiants de 1\u00e9re ann\u00e9e ,section C.","datePublished":"2023-01-25T13:03:10+00:00","dateModified":"2023-01-25T13:12:39+00:00","mainEntityOfPage":{"@id":"https:\/\/www.ummto.dz\/fsecsg\/avis-aux-etudiants-de-1ere-annee-section-c\/"},"wordCount":119,"image":{"@id":"https:\/\/www.ummto.dz\/fsecsg\/avis-aux-etudiants-de-1ere-annee-section-c\/#primaryimage"},"thumbnailUrl":"https:\/\/www.ummto.dz\/fsecsg\/wp-content\/uploads\/2022\/09\/examen-algemeen-320x320-1.jpg","articleSection":["emploi Sc Eco","Sc Eco"],"inLanguage":"fr-FR"},{"@type":"WebPage","@id":"https:\/\/www.ummto.dz\/fsecsg\/avis-aux-etudiants-de-1ere-annee-section-c\/","url":"https:\/\/www.ummto.dz\/fsecsg\/avis-aux-etudiants-de-1ere-annee-section-c\/","name":"Avis aux \u00e9tudiants de 1\u00e9re ann\u00e9e ,section C. - Facult\u00e9 des Sciences Economiques, Commerciales et des Sciences de Gestion","isPartOf":{"@id":"https:\/\/www.ummto.dz\/fsecsg\/#website"},"primaryImageOfPage":{"@id":"https:\/\/www.ummto.dz\/fsecsg\/avis-aux-etudiants-de-1ere-annee-section-c\/#primaryimage"},"image":{"@id":"https:\/\/www.ummto.dz\/fsecsg\/avis-aux-etudiants-de-1ere-annee-section-c\/#primaryimage"},"thumbnailUrl":"https:\/\/www.ummto.dz\/fsecsg\/wp-content\/uploads\/2022\/09\/examen-algemeen-320x320-1.jpg","datePublished":"2023-01-25T13:03:10+00:00","dateModified":"2023-01-25T13:12:39+00:00","author":{"@id":"https:\/\/www.ummto.dz\/fsecsg\/#\/schema\/person\/c5f2e51b7d49f0febe1a7d8e53b452e3"},"breadcrumb":{"@id":"https:\/\/www.ummto.dz\/fsecsg\/avis-aux-etudiants-de-1ere-annee-section-c\/#breadcrumb"},"inLanguage":"fr-FR","potentialAction":[{"@type":"ReadAction","target":["https:\/\/www.ummto.dz\/fsecsg\/avis-aux-etudiants-de-1ere-annee-section-c\/"]}]},{"@type":"ImageObject","inLanguage":"fr-FR","@id":"https:\/\/www.ummto.dz\/fsecsg\/avis-aux-etudiants-de-1ere-annee-section-c\/#primaryimage","url":"https:\/\/www.ummto.dz\/fsecsg\/wp-content\/uploads\/2022\/09\/examen-algemeen-320x320-1.jpg","contentUrl":"https:\/\/www.ummto.dz\/fsecsg\/wp-content\/uploads\/2022\/09\/examen-algemeen-320x320-1.jpg","width":243,"height":104},{"@type":"BreadcrumbList","@id":"https:\/\/www.ummto.dz\/fsecsg\/avis-aux-etudiants-de-1ere-annee-section-c\/#breadcrumb","itemListElement":[{"@type":"ListItem","position":1,"name":"Accueil","item":"https:\/\/www.ummto.dz\/fsecsg\/"},{"@type":"ListItem","position":2,"name":"Avis aux \u00e9tudiants de 1\u00e9re ann\u00e9e ,section C."}]},{"@type":"WebSite","@id":"https:\/\/www.ummto.dz\/fsecsg\/#website","url":"https:\/\/www.ummto.dz\/fsecsg\/","name":"Facult\u00e9 des Sciences Economiques, Commerciales et des Sciences de Gestion","description":"Universit\u00e9 Mouloud Mammeri de Tizi Ouzou","potentialAction":[{"@type":"SearchAction","target":{"@type":"EntryPoint","urlTemplate":"https:\/\/www.ummto.dz\/fsecsg\/?s={search_term_string}"},"query-input":{"@type":"PropertyValueSpecification","valueRequired":true,"valueName":"search_term_string"}}],"inLanguage":"fr-FR"},{"@type":"Person","@id":"https:\/\/www.ummto.dz\/fsecsg\/#\/schema\/person\/c5f2e51b7d49f0febe1a7d8e53b452e3","name":"FSECSG","url":"https:\/\/www.ummto.dz\/fsecsg\/author\/fsecsg\/"}]}},"_links":{"self":[{"href":"https:\/\/www.ummto.dz\/fsecsg\/wp-json\/wp\/v2\/posts\/70635","targetHints":{"allow":["GET"]}}],"collection":[{"href":"https:\/\/www.ummto.dz\/fsecsg\/wp-json\/wp\/v2\/posts"}],"about":[{"href":"https:\/\/www.ummto.dz\/fsecsg\/wp-json\/wp\/v2\/types\/post"}],"author":[{"embeddable":true,"href":"https:\/\/www.ummto.dz\/fsecsg\/wp-json\/wp\/v2\/users\/4"}],"replies":[{"embeddable":true,"href":"https:\/\/www.ummto.dz\/fsecsg\/wp-json\/wp\/v2\/comments?post=70635"}],"version-history":[{"count":4,"href":"https:\/\/www.ummto.dz\/fsecsg\/wp-json\/wp\/v2\/posts\/70635\/revisions"}],"predecessor-version":[{"id":70639,"href":"https:\/\/www.ummto.dz\/fsecsg\/wp-json\/wp\/v2\/posts\/70635\/revisions\/70639"}],"wp:featuredmedia":[{"embeddable":true,"href":"https:\/\/www.ummto.dz\/fsecsg\/wp-json\/wp\/v2\/media\/65855"}],"wp:attachment":[{"href":"https:\/\/www.ummto.dz\/fsecsg\/wp-json\/wp\/v2\/media?parent=70635"}],"wp:term":[{"taxonomy":"category","embeddable":true,"href":"https:\/\/www.ummto.dz\/fsecsg\/wp-json\/wp\/v2\/categories?post=70635"},{"taxonomy":"post_tag","embeddable":true,"href":"https:\/\/www.ummto.dz\/fsecsg\/wp-json\/wp\/v2\/tags?post=70635"}],"curies":[{"name":"wp","href":"https:\/\/api.w.org\/{rel}","templated":true}]}}