{"id":73297,"date":"2023-03-09T09:08:23","date_gmt":"2023-03-09T08:08:23","guid":{"rendered":"https:\/\/www.ummto.dz\/fsecsg\/?p=73297"},"modified":"2023-03-09T09:15:46","modified_gmt":"2023-03-09T08:15:46","slug":"pv-de-notes-pour-l1-section-d-moduleintro-a-la-sociologie-des-organisation","status":"publish","type":"post","link":"https:\/\/www.ummto.dz\/fsecsg\/pv-de-notes-pour-l1-section-d-moduleintro-a-la-sociologie-des-organisation\/","title":{"rendered":"PV de notes avec le corrig\u00e9 type pour L1, section C et D module:Intro \u00e0 la sociologie des organisation."},"content":{"rendered":"\n[et_pb_section fb_built=\u00a0\u00bb1&Prime; admin_label=\u00a0\u00bbsection\u00a0\u00bb _builder_version=\u00a0\u00bb4.16&Prime; global_colors_info=\u00a0\u00bb{}\u00a0\u00bb][et_pb_row admin_label=\u00a0\u00bbrow\u00a0\u00bb _builder_version=\u00a0\u00bb4.16&Prime; background_size=\u00a0\u00bbinitial\u00a0\u00bb background_position=\u00a0\u00bbtop_left\u00a0\u00bb background_repeat=\u00a0\u00bbrepeat\u00a0\u00bb global_colors_info=\u00a0\u00bb{}\u00a0\u00bb][et_pb_column type=\u00a0\u00bb4_4&Prime; _builder_version=\u00a0\u00bb4.16&Prime; custom_padding=\u00a0\u00bb|||\u00a0\u00bb global_colors_info=\u00a0\u00bb{}\u00a0\u00bb custom_padding__hover=\u00a0\u00bb|||\u00a0\u00bb][et_pb_text admin_label=\u00a0\u00bbText\u00a0\u00bb _builder_version=\u00a0\u00bb4.20.0&Prime; background_size=\u00a0\u00bbinitial\u00a0\u00bb background_position=\u00a0\u00bbtop_left\u00a0\u00bb background_repeat=\u00a0\u00bbrepeat\u00a0\u00bb hover_enabled=\u00a0\u00bb0&Prime; global_colors_info=\u00a0\u00bb{}\u00a0\u00bb sticky_enabled=\u00a0\u00bb0&Prime;]<p><a href=\"https:\/\/www.ummto.dz\/fsecsg\/wp-content\/uploads\/2023\/03\/img051.pdf\" rel=\"attachment wp-att-73300\">img051<\/a><\/p>\n<p><a href=\"https:\/\/www.ummto.dz\/fsecsg\/wp-content\/uploads\/2023\/03\/img052.pdf\" rel=\"attachment wp-att-73301\">img052<\/a><\/p>\n<p><a href=\"https:\/\/www.ummto.dz\/fsecsg\/wp-content\/uploads\/2023\/03\/img053.pdf\" rel=\"attachment wp-att-73302\">img053<\/a><\/p>\n<p><a href=\"https:\/\/www.ummto.dz\/fsecsg\/wp-content\/uploads\/2023\/03\/img054.pdf\" rel=\"attachment wp-att-73303\">img054<\/a><\/p>\n<p><a href=\"https:\/\/www.ummto.dz\/fsecsg\/wp-content\/uploads\/2023\/03\/img055.pdf\" rel=\"attachment wp-att-73304\">img055<\/a><\/p>\n<p><a href=\"https:\/\/www.ummto.dz\/fsecsg\/wp-content\/uploads\/2023\/03\/img056.pdf\" rel=\"attachment wp-att-73305\">img056<\/a><\/p>\n<p><a href=\"https:\/\/www.ummto.dz\/fsecsg\/wp-content\/uploads\/2023\/03\/img057.pdf\" rel=\"attachment wp-att-73306\">img057<\/a><\/p>\n<p><a href=\"https:\/\/www.ummto.dz\/fsecsg\/wp-content\/uploads\/2023\/03\/img058.pdf\" rel=\"attachment wp-att-73307\">img058<\/a><\/p>\n<p><a href=\"https:\/\/www.ummto.dz\/fsecsg\/wp-content\/uploads\/2023\/03\/img060.pdf\" rel=\"attachment wp-att-73308\">img060<\/a><\/p>\n<p><a href=\"https:\/\/www.ummto.dz\/fsecsg\/wp-content\/uploads\/2023\/03\/img061.pdf\" rel=\"attachment wp-att-73309\">img061<\/a><\/p>\n<p><a href=\"https:\/\/www.ummto.dz\/fsecsg\/wp-content\/uploads\/2023\/03\/img062.pdf\" rel=\"attachment wp-att-73310\">img062<\/a><\/p>\n<p><a href=\"https:\/\/www.ummto.dz\/fsecsg\/wp-content\/uploads\/2023\/03\/img063.pdf\" rel=\"attachment wp-att-73311\">img063<\/a><\/p>\n<p><a href=\"https:\/\/www.ummto.dz\/fsecsg\/wp-content\/uploads\/2023\/03\/img064.pdf\" rel=\"attachment wp-att-73312\">img064<\/a><\/p>\n<p><a href=\"https:\/\/www.ummto.dz\/fsecsg\/wp-content\/uploads\/2023\/03\/img065.pdf\" rel=\"attachment wp-att-73313\">img065<\/a><\/p>\n<p><a href=\"https:\/\/www.ummto.dz\/fsecsg\/wp-content\/uploads\/2023\/03\/img066.pdf\" rel=\"attachment wp-att-73315\">img066<\/a><\/p>\n<p><a href=\"https:\/\/www.ummto.dz\/fsecsg\/wp-content\/uploads\/2023\/03\/img067.pdf\" rel=\"attachment wp-att-73316\">img067<\/a><\/p>\n<p><a href=\"https:\/\/www.ummto.dz\/fsecsg\/wp-content\/uploads\/2023\/03\/img068.pdf\" rel=\"attachment wp-att-73317\">img068<\/a><\/p>\n<p><a href=\"https:\/\/www.ummto.dz\/fsecsg\/wp-content\/uploads\/2023\/03\/img069.pdf\" rel=\"attachment wp-att-73318\">img069<\/a><\/p>\n<p><a href=\"https:\/\/www.ummto.dz\/fsecsg\/wp-content\/uploads\/2023\/03\/img070.pdf\" rel=\"attachment wp-att-73319\">img070<\/a><\/p>\n<p><a href=\"https:\/\/www.ummto.dz\/fsecsg\/wp-content\/uploads\/2023\/03\/img071.pdf\" rel=\"attachment wp-att-73320\">img071<\/a><\/p>\n<p><\/p>[\/et_pb_text][\/et_pb_column][\/et_pb_row][\/et_pb_section]\n","protected":false},"excerpt":{"rendered":"<p>img051 img052 img053 img054 img055 img056 img057 img058 img060 img061 img062 img063 img064 img065 img066 img067 img068 img069 img070 img071<\/p>\n","protected":false},"author":4,"featured_media":67019,"comment_status":"closed","ping_status":"closed","sticky":false,"template":"","format":"standard","meta":{"_et_pb_use_builder":"on","_et_pb_old_content":"<!-- wp:divi\/placeholder \/-->","_et_gb_content_width":"","footnotes":""},"categories":[39,20],"tags":[],"class_list":["post-73297","post","type-post","status-publish","format-standard","has-post-thumbnail","hentry","category-note-sc-eco","category-new-dep-sceco"],"yoast_head":"<!-- This site is optimized with the Yoast SEO plugin v27.3 - https:\/\/yoast.com\/product\/yoast-seo-wordpress\/ -->\n<title>PV de notes avec le corrig\u00e9 type pour L1, section C et D module:Intro \u00e0 la sociologie des organisation. - Facult\u00e9 des Sciences Economiques, Commerciales et des Sciences de Gestion<\/title>\n<meta name=\"robots\" content=\"index, follow, max-snippet:-1, max-image-preview:large, max-video-preview:-1\" \/>\n<link rel=\"canonical\" href=\"https:\/\/www.ummto.dz\/fsecsg\/pv-de-notes-pour-l1-section-d-moduleintro-a-la-sociologie-des-organisation\/\" \/>\n<meta property=\"og:locale\" content=\"fr_FR\" \/>\n<meta property=\"og:type\" content=\"article\" \/>\n<meta property=\"og:title\" content=\"PV de notes avec le corrig\u00e9 type pour L1, section C et D module:Intro \u00e0 la sociologie des organisation. - Facult\u00e9 des Sciences Economiques, Commerciales et des Sciences de Gestion\" \/>\n<meta property=\"og:description\" content=\"img051 img052 img053 img054 img055 img056 img057 img058 img060 img061 img062 img063 img064 img065 img066 img067 img068 img069 img070 img071\" \/>\n<meta property=\"og:url\" content=\"https:\/\/www.ummto.dz\/fsecsg\/pv-de-notes-pour-l1-section-d-moduleintro-a-la-sociologie-des-organisation\/\" \/>\n<meta property=\"og:site_name\" content=\"Facult\u00e9 des Sciences Economiques, Commerciales et des Sciences de Gestion\" \/>\n<meta property=\"article:published_time\" content=\"2023-03-09T08:08:23+00:00\" \/>\n<meta property=\"article:modified_time\" content=\"2023-03-09T08:15:46+00:00\" \/>\n<meta property=\"og:image\" content=\"https:\/\/www.ummto.dz\/fsecsg\/wp-content\/uploads\/2022\/09\/notes.jpg\" \/>\n\t<meta property=\"og:image:width\" content=\"265\" \/>\n\t<meta property=\"og:image:height\" content=\"190\" \/>\n\t<meta property=\"og:image:type\" content=\"image\/jpeg\" \/>\n<meta name=\"author\" content=\"FSECSG\" \/>\n<meta name=\"twitter:card\" content=\"summary_large_image\" \/>\n<meta name=\"twitter:label1\" content=\"\u00c9crit par\" \/>\n\t<meta name=\"twitter:data1\" content=\"FSECSG\" \/>\n\t<meta name=\"twitter:label2\" content=\"Dur\u00e9e de lecture estim\u00e9e\" \/>\n\t<meta name=\"twitter:data2\" content=\"1 minute\" \/>\n<script type=\"application\/ld+json\" class=\"yoast-schema-graph\">{\"@context\":\"https:\\\/\\\/schema.org\",\"@graph\":[{\"@type\":\"Article\",\"@id\":\"https:\\\/\\\/www.ummto.dz\\\/fsecsg\\\/pv-de-notes-pour-l1-section-d-moduleintro-a-la-sociologie-des-organisation\\\/#article\",\"isPartOf\":{\"@id\":\"https:\\\/\\\/www.ummto.dz\\\/fsecsg\\\/pv-de-notes-pour-l1-section-d-moduleintro-a-la-sociologie-des-organisation\\\/\"},\"author\":{\"name\":\"FSECSG\",\"@id\":\"https:\\\/\\\/www.ummto.dz\\\/fsecsg\\\/#\\\/schema\\\/person\\\/c5f2e51b7d49f0febe1a7d8e53b452e3\"},\"headline\":\"PV de notes avec le corrig\u00e9 type pour L1, section C et D module:Intro \u00e0 la sociologie des organisation.\",\"datePublished\":\"2023-03-09T08:08:23+00:00\",\"dateModified\":\"2023-03-09T08:15:46+00:00\",\"mainEntityOfPage\":{\"@id\":\"https:\\\/\\\/www.ummto.dz\\\/fsecsg\\\/pv-de-notes-pour-l1-section-d-moduleintro-a-la-sociologie-des-organisation\\\/\"},\"wordCount\":124,\"image\":{\"@id\":\"https:\\\/\\\/www.ummto.dz\\\/fsecsg\\\/pv-de-notes-pour-l1-section-d-moduleintro-a-la-sociologie-des-organisation\\\/#primaryimage\"},\"thumbnailUrl\":\"https:\\\/\\\/www.ummto.dz\\\/fsecsg\\\/wp-content\\\/uploads\\\/2022\\\/09\\\/notes.jpg\",\"articleSection\":[\"note Sc Eco\",\"Sc Eco\"],\"inLanguage\":\"fr-FR\"},{\"@type\":\"WebPage\",\"@id\":\"https:\\\/\\\/www.ummto.dz\\\/fsecsg\\\/pv-de-notes-pour-l1-section-d-moduleintro-a-la-sociologie-des-organisation\\\/\",\"url\":\"https:\\\/\\\/www.ummto.dz\\\/fsecsg\\\/pv-de-notes-pour-l1-section-d-moduleintro-a-la-sociologie-des-organisation\\\/\",\"name\":\"PV de notes avec le corrig\u00e9 type pour L1, section C et D module:Intro \u00e0 la sociologie des organisation. - Facult\u00e9 des Sciences Economiques, Commerciales et des Sciences de Gestion\",\"isPartOf\":{\"@id\":\"https:\\\/\\\/www.ummto.dz\\\/fsecsg\\\/#website\"},\"primaryImageOfPage\":{\"@id\":\"https:\\\/\\\/www.ummto.dz\\\/fsecsg\\\/pv-de-notes-pour-l1-section-d-moduleintro-a-la-sociologie-des-organisation\\\/#primaryimage\"},\"image\":{\"@id\":\"https:\\\/\\\/www.ummto.dz\\\/fsecsg\\\/pv-de-notes-pour-l1-section-d-moduleintro-a-la-sociologie-des-organisation\\\/#primaryimage\"},\"thumbnailUrl\":\"https:\\\/\\\/www.ummto.dz\\\/fsecsg\\\/wp-content\\\/uploads\\\/2022\\\/09\\\/notes.jpg\",\"datePublished\":\"2023-03-09T08:08:23+00:00\",\"dateModified\":\"2023-03-09T08:15:46+00:00\",\"author\":{\"@id\":\"https:\\\/\\\/www.ummto.dz\\\/fsecsg\\\/#\\\/schema\\\/person\\\/c5f2e51b7d49f0febe1a7d8e53b452e3\"},\"breadcrumb\":{\"@id\":\"https:\\\/\\\/www.ummto.dz\\\/fsecsg\\\/pv-de-notes-pour-l1-section-d-moduleintro-a-la-sociologie-des-organisation\\\/#breadcrumb\"},\"inLanguage\":\"fr-FR\",\"potentialAction\":[{\"@type\":\"ReadAction\",\"target\":[\"https:\\\/\\\/www.ummto.dz\\\/fsecsg\\\/pv-de-notes-pour-l1-section-d-moduleintro-a-la-sociologie-des-organisation\\\/\"]}]},{\"@type\":\"ImageObject\",\"inLanguage\":\"fr-FR\",\"@id\":\"https:\\\/\\\/www.ummto.dz\\\/fsecsg\\\/pv-de-notes-pour-l1-section-d-moduleintro-a-la-sociologie-des-organisation\\\/#primaryimage\",\"url\":\"https:\\\/\\\/www.ummto.dz\\\/fsecsg\\\/wp-content\\\/uploads\\\/2022\\\/09\\\/notes.jpg\",\"contentUrl\":\"https:\\\/\\\/www.ummto.dz\\\/fsecsg\\\/wp-content\\\/uploads\\\/2022\\\/09\\\/notes.jpg\",\"width\":265,\"height\":190},{\"@type\":\"BreadcrumbList\",\"@id\":\"https:\\\/\\\/www.ummto.dz\\\/fsecsg\\\/pv-de-notes-pour-l1-section-d-moduleintro-a-la-sociologie-des-organisation\\\/#breadcrumb\",\"itemListElement\":[{\"@type\":\"ListItem\",\"position\":1,\"name\":\"Accueil\",\"item\":\"https:\\\/\\\/www.ummto.dz\\\/fsecsg\\\/\"},{\"@type\":\"ListItem\",\"position\":2,\"name\":\"PV de notes avec le corrig\u00e9 type pour L1, section C et D module:Intro \u00e0 la sociologie des organisation.\"}]},{\"@type\":\"WebSite\",\"@id\":\"https:\\\/\\\/www.ummto.dz\\\/fsecsg\\\/#website\",\"url\":\"https:\\\/\\\/www.ummto.dz\\\/fsecsg\\\/\",\"name\":\"Facult\u00e9 des Sciences Economiques, Commerciales et des Sciences de Gestion\",\"description\":\"Universit\u00e9 Mouloud Mammeri de Tizi Ouzou\",\"potentialAction\":[{\"@type\":\"SearchAction\",\"target\":{\"@type\":\"EntryPoint\",\"urlTemplate\":\"https:\\\/\\\/www.ummto.dz\\\/fsecsg\\\/?s={search_term_string}\"},\"query-input\":{\"@type\":\"PropertyValueSpecification\",\"valueRequired\":true,\"valueName\":\"search_term_string\"}}],\"inLanguage\":\"fr-FR\"},{\"@type\":\"Person\",\"@id\":\"https:\\\/\\\/www.ummto.dz\\\/fsecsg\\\/#\\\/schema\\\/person\\\/c5f2e51b7d49f0febe1a7d8e53b452e3\",\"name\":\"FSECSG\",\"url\":\"https:\\\/\\\/www.ummto.dz\\\/fsecsg\\\/author\\\/fsecsg\\\/\"}]}<\/script>\n<!-- \/ Yoast SEO plugin. -->","yoast_head_json":{"title":"PV de notes avec le corrig\u00e9 type pour L1, section C et D module:Intro \u00e0 la sociologie des organisation. - Facult\u00e9 des Sciences Economiques, Commerciales et des Sciences de Gestion","robots":{"index":"index","follow":"follow","max-snippet":"max-snippet:-1","max-image-preview":"max-image-preview:large","max-video-preview":"max-video-preview:-1"},"canonical":"https:\/\/www.ummto.dz\/fsecsg\/pv-de-notes-pour-l1-section-d-moduleintro-a-la-sociologie-des-organisation\/","og_locale":"fr_FR","og_type":"article","og_title":"PV de notes avec le corrig\u00e9 type pour L1, section C et D module:Intro \u00e0 la sociologie des organisation. - Facult\u00e9 des Sciences Economiques, Commerciales et des Sciences de Gestion","og_description":"img051 img052 img053 img054 img055 img056 img057 img058 img060 img061 img062 img063 img064 img065 img066 img067 img068 img069 img070 img071","og_url":"https:\/\/www.ummto.dz\/fsecsg\/pv-de-notes-pour-l1-section-d-moduleintro-a-la-sociologie-des-organisation\/","og_site_name":"Facult\u00e9 des Sciences Economiques, Commerciales et des Sciences de Gestion","article_published_time":"2023-03-09T08:08:23+00:00","article_modified_time":"2023-03-09T08:15:46+00:00","og_image":[{"width":265,"height":190,"url":"https:\/\/www.ummto.dz\/fsecsg\/wp-content\/uploads\/2022\/09\/notes.jpg","type":"image\/jpeg"}],"author":"FSECSG","twitter_card":"summary_large_image","twitter_misc":{"\u00c9crit par":"FSECSG","Dur\u00e9e de lecture estim\u00e9e":"1 minute"},"schema":{"@context":"https:\/\/schema.org","@graph":[{"@type":"Article","@id":"https:\/\/www.ummto.dz\/fsecsg\/pv-de-notes-pour-l1-section-d-moduleintro-a-la-sociologie-des-organisation\/#article","isPartOf":{"@id":"https:\/\/www.ummto.dz\/fsecsg\/pv-de-notes-pour-l1-section-d-moduleintro-a-la-sociologie-des-organisation\/"},"author":{"name":"FSECSG","@id":"https:\/\/www.ummto.dz\/fsecsg\/#\/schema\/person\/c5f2e51b7d49f0febe1a7d8e53b452e3"},"headline":"PV de notes avec le corrig\u00e9 type pour L1, section C et D module:Intro \u00e0 la sociologie des organisation.","datePublished":"2023-03-09T08:08:23+00:00","dateModified":"2023-03-09T08:15:46+00:00","mainEntityOfPage":{"@id":"https:\/\/www.ummto.dz\/fsecsg\/pv-de-notes-pour-l1-section-d-moduleintro-a-la-sociologie-des-organisation\/"},"wordCount":124,"image":{"@id":"https:\/\/www.ummto.dz\/fsecsg\/pv-de-notes-pour-l1-section-d-moduleintro-a-la-sociologie-des-organisation\/#primaryimage"},"thumbnailUrl":"https:\/\/www.ummto.dz\/fsecsg\/wp-content\/uploads\/2022\/09\/notes.jpg","articleSection":["note Sc Eco","Sc Eco"],"inLanguage":"fr-FR"},{"@type":"WebPage","@id":"https:\/\/www.ummto.dz\/fsecsg\/pv-de-notes-pour-l1-section-d-moduleintro-a-la-sociologie-des-organisation\/","url":"https:\/\/www.ummto.dz\/fsecsg\/pv-de-notes-pour-l1-section-d-moduleintro-a-la-sociologie-des-organisation\/","name":"PV de notes avec le corrig\u00e9 type pour L1, section C et D module:Intro \u00e0 la sociologie des organisation. - Facult\u00e9 des Sciences Economiques, Commerciales et des Sciences de Gestion","isPartOf":{"@id":"https:\/\/www.ummto.dz\/fsecsg\/#website"},"primaryImageOfPage":{"@id":"https:\/\/www.ummto.dz\/fsecsg\/pv-de-notes-pour-l1-section-d-moduleintro-a-la-sociologie-des-organisation\/#primaryimage"},"image":{"@id":"https:\/\/www.ummto.dz\/fsecsg\/pv-de-notes-pour-l1-section-d-moduleintro-a-la-sociologie-des-organisation\/#primaryimage"},"thumbnailUrl":"https:\/\/www.ummto.dz\/fsecsg\/wp-content\/uploads\/2022\/09\/notes.jpg","datePublished":"2023-03-09T08:08:23+00:00","dateModified":"2023-03-09T08:15:46+00:00","author":{"@id":"https:\/\/www.ummto.dz\/fsecsg\/#\/schema\/person\/c5f2e51b7d49f0febe1a7d8e53b452e3"},"breadcrumb":{"@id":"https:\/\/www.ummto.dz\/fsecsg\/pv-de-notes-pour-l1-section-d-moduleintro-a-la-sociologie-des-organisation\/#breadcrumb"},"inLanguage":"fr-FR","potentialAction":[{"@type":"ReadAction","target":["https:\/\/www.ummto.dz\/fsecsg\/pv-de-notes-pour-l1-section-d-moduleintro-a-la-sociologie-des-organisation\/"]}]},{"@type":"ImageObject","inLanguage":"fr-FR","@id":"https:\/\/www.ummto.dz\/fsecsg\/pv-de-notes-pour-l1-section-d-moduleintro-a-la-sociologie-des-organisation\/#primaryimage","url":"https:\/\/www.ummto.dz\/fsecsg\/wp-content\/uploads\/2022\/09\/notes.jpg","contentUrl":"https:\/\/www.ummto.dz\/fsecsg\/wp-content\/uploads\/2022\/09\/notes.jpg","width":265,"height":190},{"@type":"BreadcrumbList","@id":"https:\/\/www.ummto.dz\/fsecsg\/pv-de-notes-pour-l1-section-d-moduleintro-a-la-sociologie-des-organisation\/#breadcrumb","itemListElement":[{"@type":"ListItem","position":1,"name":"Accueil","item":"https:\/\/www.ummto.dz\/fsecsg\/"},{"@type":"ListItem","position":2,"name":"PV de notes avec le corrig\u00e9 type pour L1, section C et D module:Intro \u00e0 la sociologie des organisation."}]},{"@type":"WebSite","@id":"https:\/\/www.ummto.dz\/fsecsg\/#website","url":"https:\/\/www.ummto.dz\/fsecsg\/","name":"Facult\u00e9 des Sciences Economiques, Commerciales et des Sciences de Gestion","description":"Universit\u00e9 Mouloud Mammeri de Tizi Ouzou","potentialAction":[{"@type":"SearchAction","target":{"@type":"EntryPoint","urlTemplate":"https:\/\/www.ummto.dz\/fsecsg\/?s={search_term_string}"},"query-input":{"@type":"PropertyValueSpecification","valueRequired":true,"valueName":"search_term_string"}}],"inLanguage":"fr-FR"},{"@type":"Person","@id":"https:\/\/www.ummto.dz\/fsecsg\/#\/schema\/person\/c5f2e51b7d49f0febe1a7d8e53b452e3","name":"FSECSG","url":"https:\/\/www.ummto.dz\/fsecsg\/author\/fsecsg\/"}]}},"_links":{"self":[{"href":"https:\/\/www.ummto.dz\/fsecsg\/wp-json\/wp\/v2\/posts\/73297","targetHints":{"allow":["GET"]}}],"collection":[{"href":"https:\/\/www.ummto.dz\/fsecsg\/wp-json\/wp\/v2\/posts"}],"about":[{"href":"https:\/\/www.ummto.dz\/fsecsg\/wp-json\/wp\/v2\/types\/post"}],"author":[{"embeddable":true,"href":"https:\/\/www.ummto.dz\/fsecsg\/wp-json\/wp\/v2\/users\/4"}],"replies":[{"embeddable":true,"href":"https:\/\/www.ummto.dz\/fsecsg\/wp-json\/wp\/v2\/comments?post=73297"}],"version-history":[{"count":4,"href":"https:\/\/www.ummto.dz\/fsecsg\/wp-json\/wp\/v2\/posts\/73297\/revisions"}],"predecessor-version":[{"id":73323,"href":"https:\/\/www.ummto.dz\/fsecsg\/wp-json\/wp\/v2\/posts\/73297\/revisions\/73323"}],"wp:featuredmedia":[{"embeddable":true,"href":"https:\/\/www.ummto.dz\/fsecsg\/wp-json\/wp\/v2\/media\/67019"}],"wp:attachment":[{"href":"https:\/\/www.ummto.dz\/fsecsg\/wp-json\/wp\/v2\/media?parent=73297"}],"wp:term":[{"taxonomy":"category","embeddable":true,"href":"https:\/\/www.ummto.dz\/fsecsg\/wp-json\/wp\/v2\/categories?post=73297"},{"taxonomy":"post_tag","embeddable":true,"href":"https:\/\/www.ummto.dz\/fsecsg\/wp-json\/wp\/v2\/tags?post=73297"}],"curies":[{"name":"wp","href":"https:\/\/api.w.org\/{rel}","templated":true}]}}