{"id":84640,"date":"2024-02-07T10:35:51","date_gmt":"2024-02-07T09:35:51","guid":{"rendered":"https:\/\/www.ummto.dz\/fsecsg\/?p=84640"},"modified":"2024-02-07T10:38:07","modified_gmt":"2024-02-07T09:38:07","slug":"avis-aux-etudiants-de-master-gestion-publique","status":"publish","type":"post","link":"https:\/\/www.ummto.dz\/fsecsg\/avis-aux-etudiants-de-master-gestion-publique\/","title":{"rendered":"Avis aux \u00e9tudiants de Master Gestion publique."},"content":{"rendered":"[et_pb_section fb_built=\u00a0\u00bb1&Prime; admin_label=\u00a0\u00bbsection\u00a0\u00bb _builder_version=\u00a0\u00bb4.16&Prime; global_colors_info=\u00a0\u00bb{}\u00a0\u00bb][et_pb_row admin_label=\u00a0\u00bbrow\u00a0\u00bb _builder_version=\u00a0\u00bb4.16&Prime; background_size=\u00a0\u00bbinitial\u00a0\u00bb background_position=\u00a0\u00bbtop_left\u00a0\u00bb background_repeat=\u00a0\u00bbrepeat\u00a0\u00bb global_colors_info=\u00a0\u00bb{}\u00a0\u00bb width=\u00a0\u00bb100%\u00a0\u00bb][et_pb_column type=\u00a0\u00bb4_4&Prime; _builder_version=\u00a0\u00bb4.16&Prime; custom_padding=\u00a0\u00bb|||\u00a0\u00bb global_colors_info=\u00a0\u00bb{}\u00a0\u00bb custom_padding__hover=\u00a0\u00bb|||\u00a0\u00bb][et_pb_text admin_label=\u00a0\u00bbText\u00a0\u00bb _builder_version=\u00a0\u00bb4.24.0&Prime; background_size=\u00a0\u00bbinitial\u00a0\u00bb background_position=\u00a0\u00bbtop_left\u00a0\u00bb background_repeat=\u00a0\u00bbrepeat\u00a0\u00bb hover_enabled=\u00a0\u00bb0&Prime; global_colors_info=\u00a0\u00bb{}\u00a0\u00bb min_height=\u00a0\u00bb189px\u00a0\u00bb sticky_enabled=\u00a0\u00bb0&Prime;]<p>&nbsp;<\/p>\n<div>Les \u00e9tudiants de Master Gestion publique sont inform\u00e9s que la premi\u00e8re visioconf\u00e9rence du cours \u00ab\u00a0Droit de la fonction publique\u00a0\u00bb est programm\u00e9e pour jeudi le 08 f\u00e9vrier 2024 \u00e0 11h via le lien ci-dessous<\/div>\n<div><\/div>\n<div>\n<div>\n<div id=\"m_3833342848608664818m_-7578394328644643486m_-8001888257585670825gmail-xDetDlgWhen\">\n<div>\n<div><span role=\"heading\" id=\"m_3833342848608664818m_-7578394328644643486m_-8001888257585670825gmail-rAECCd\">Visio M1 GP Droit de la fonction publique<\/span><\/div>\n<div>Jeudi, 8 f\u00e9vrier<span>\u22c5<\/span>11:00 am \u00e0 12:30pm<\/div>\n<div>Toutes les semaines le jeudi:<strong>\u21d3\u21d3<\/strong><\/div>\n<\/div>\n<\/div>\n<\/div>\n<div>\n<div id=\"m_3833342848608664818m_-7578394328644643486m_-8001888257585670825gmail-xDetDlgVideo\">\n<div aria-hidden=\"true\"><img decoding=\"async\" alt=\"\" aria-hidden=\"true\" src=\"https:\/\/ci3.googleusercontent.com\/meips\/ADKq_NZnAncVjQ3BdaXHedJ_gYRf-kjRxGv5PUrYYsDIoE4spXMFN-30EyLh56s0DUJPLzdsSCx3bM3JwTz8ItB6D3QlpwC-FT-O7yCNqF4INFQIjZoPhIc9wLJSOQfo_DUSqbV_0yzz6IKZPQ5v8A=s0-d-e1-ft#https:\/\/ssl.gstatic.com\/calendar\/images\/conferenceproviders\/logo_meet_2020q4_192px.svg\" class=\"CToWUd\" data-bit=\"iit\" \/><\/div>\n<div>\n<div>\n<div><span><a rel=\"noreferrer noopener\" href=\"https:\/\/meet.google.com\/jjp-itbs-prm?authuser=2&amp;hs=122\" aria-label=\"Participer avec Google\u00a0Meet (jjp-itbs-prm)\" target=\"_blank\" data-saferedirecturl=\"https:\/\/www.google.com\/url?q=https:\/\/meet.google.com\/jjp-itbs-prm?authuser%3D2%26hs%3D122&amp;source=gmail&amp;ust=1707383138484000&amp;usg=AOvVaw1uLk0c1pX72mbg5OFFYG8g\"><strong>-Participer avec Google Meet<\/strong><\/a><\/span><\/div>\n<div><strong><a href=\"http:\/\/meet.google.com\/jjp-itbs-prm\" rel=\"noopener noreferrer\" target=\"_blank\" data-saferedirecturl=\"https:\/\/www.google.com\/url?q=http:\/\/meet.google.com\/jjp-itbs-prm&amp;source=gmail&amp;ust=1707383138484000&amp;usg=AOvVaw2s3FRh3_fz5Kg_W6PMs4Ve\">meet.google.com\/jjp-itbs-prm.<\/a><\/strong><\/div>\n<\/div>\n<\/div>\n<\/div>\n<\/div>\n<\/div>\n<p><\/p>[\/et_pb_text][\/et_pb_column][\/et_pb_row][\/et_pb_section]","protected":false},"excerpt":{"rendered":"<p>&nbsp; Les \u00e9tudiants de Master Gestion publique sont inform\u00e9s que la premi\u00e8re visioconf\u00e9rence du cours \u00ab\u00a0Droit de la fonction publique\u00a0\u00bb est programm\u00e9e pour jeudi le 08 f\u00e9vrier 2024 \u00e0 11h via le lien ci-dessous Visio M1 GP Droit de la fonction publique Jeudi, 8 f\u00e9vrier\u22c511:00 am \u00e0 12:30pm Toutes les semaines le jeudi:\u21d3\u21d3 -Participer avec [&hellip;]<\/p>\n","protected":false},"author":4,"featured_media":71261,"comment_status":"closed","ping_status":"closed","sticky":false,"template":"","format":"standard","meta":{"_et_pb_use_builder":"on","_et_pb_old_content":"<!-- wp:divi\/placeholder \/-->","_et_gb_content_width":"","footnotes":""},"categories":[24],"tags":[],"class_list":["post-84640","post","type-post","status-publish","format-standard","has-post-thumbnail","hentry","category-new-dep-sc-gestion"],"yoast_head":"<!-- This site is optimized with the Yoast SEO plugin v27.3 - https:\/\/yoast.com\/product\/yoast-seo-wordpress\/ -->\n<title>Avis aux \u00e9tudiants de Master Gestion publique. - Facult\u00e9 des Sciences Economiques, Commerciales et des Sciences de Gestion<\/title>\n<meta name=\"robots\" content=\"index, follow, max-snippet:-1, max-image-preview:large, max-video-preview:-1\" \/>\n<link rel=\"canonical\" href=\"https:\/\/www.ummto.dz\/fsecsg\/avis-aux-etudiants-de-master-gestion-publique\/\" \/>\n<meta property=\"og:locale\" content=\"fr_FR\" \/>\n<meta property=\"og:type\" content=\"article\" \/>\n<meta property=\"og:title\" content=\"Avis aux \u00e9tudiants de Master Gestion publique. - Facult\u00e9 des Sciences Economiques, Commerciales et des Sciences de Gestion\" \/>\n<meta property=\"og:description\" content=\"&nbsp; Les \u00e9tudiants de Master Gestion publique sont inform\u00e9s que la premi\u00e8re visioconf\u00e9rence du cours &quot;Droit de la fonction publique&quot; est programm\u00e9e pour jeudi le 08 f\u00e9vrier 2024 \u00e0 11h via le lien ci-dessous Visio M1 GP Droit de la fonction publique Jeudi, 8 f\u00e9vrier\u22c511:00 am \u00e0 12:30pm Toutes les semaines le jeudi:\u21d3\u21d3 -Participer avec [&hellip;]\" \/>\n<meta property=\"og:url\" content=\"https:\/\/www.ummto.dz\/fsecsg\/avis-aux-etudiants-de-master-gestion-publique\/\" \/>\n<meta property=\"og:site_name\" content=\"Facult\u00e9 des Sciences Economiques, Commerciales et des Sciences de Gestion\" \/>\n<meta property=\"article:published_time\" content=\"2024-02-07T09:35:51+00:00\" \/>\n<meta property=\"article:modified_time\" content=\"2024-02-07T09:38:07+00:00\" \/>\n<meta property=\"og:image\" content=\"https:\/\/www.ummto.dz\/fsecsg\/wp-content\/uploads\/2023\/02\/infos.jpg\" \/>\n\t<meta property=\"og:image:width\" content=\"259\" \/>\n\t<meta property=\"og:image:height\" content=\"194\" \/>\n\t<meta property=\"og:image:type\" content=\"image\/jpeg\" \/>\n<meta name=\"author\" content=\"FSECSG\" \/>\n<meta name=\"twitter:card\" content=\"summary_large_image\" \/>\n<meta name=\"twitter:label1\" content=\"\u00c9crit par\" \/>\n\t<meta name=\"twitter:data1\" content=\"FSECSG\" \/>\n\t<meta name=\"twitter:label2\" content=\"Dur\u00e9e de lecture estim\u00e9e\" \/>\n\t<meta name=\"twitter:data2\" content=\"1 minute\" \/>\n<script type=\"application\/ld+json\" class=\"yoast-schema-graph\">{\"@context\":\"https:\\\/\\\/schema.org\",\"@graph\":[{\"@type\":\"Article\",\"@id\":\"https:\\\/\\\/www.ummto.dz\\\/fsecsg\\\/avis-aux-etudiants-de-master-gestion-publique\\\/#article\",\"isPartOf\":{\"@id\":\"https:\\\/\\\/www.ummto.dz\\\/fsecsg\\\/avis-aux-etudiants-de-master-gestion-publique\\\/\"},\"author\":{\"name\":\"FSECSG\",\"@id\":\"https:\\\/\\\/www.ummto.dz\\\/fsecsg\\\/#\\\/schema\\\/person\\\/c5f2e51b7d49f0febe1a7d8e53b452e3\"},\"headline\":\"Avis aux \u00e9tudiants de Master Gestion publique.\",\"datePublished\":\"2024-02-07T09:35:51+00:00\",\"dateModified\":\"2024-02-07T09:38:07+00:00\",\"mainEntityOfPage\":{\"@id\":\"https:\\\/\\\/www.ummto.dz\\\/fsecsg\\\/avis-aux-etudiants-de-master-gestion-publique\\\/\"},\"wordCount\":158,\"image\":{\"@id\":\"https:\\\/\\\/www.ummto.dz\\\/fsecsg\\\/avis-aux-etudiants-de-master-gestion-publique\\\/#primaryimage\"},\"thumbnailUrl\":\"https:\\\/\\\/www.ummto.dz\\\/fsecsg\\\/wp-content\\\/uploads\\\/2023\\\/02\\\/infos.jpg\",\"articleSection\":[\"Sc gestion\"],\"inLanguage\":\"fr-FR\"},{\"@type\":\"WebPage\",\"@id\":\"https:\\\/\\\/www.ummto.dz\\\/fsecsg\\\/avis-aux-etudiants-de-master-gestion-publique\\\/\",\"url\":\"https:\\\/\\\/www.ummto.dz\\\/fsecsg\\\/avis-aux-etudiants-de-master-gestion-publique\\\/\",\"name\":\"Avis aux \u00e9tudiants de Master Gestion publique. - Facult\u00e9 des Sciences Economiques, Commerciales et des Sciences de Gestion\",\"isPartOf\":{\"@id\":\"https:\\\/\\\/www.ummto.dz\\\/fsecsg\\\/#website\"},\"primaryImageOfPage\":{\"@id\":\"https:\\\/\\\/www.ummto.dz\\\/fsecsg\\\/avis-aux-etudiants-de-master-gestion-publique\\\/#primaryimage\"},\"image\":{\"@id\":\"https:\\\/\\\/www.ummto.dz\\\/fsecsg\\\/avis-aux-etudiants-de-master-gestion-publique\\\/#primaryimage\"},\"thumbnailUrl\":\"https:\\\/\\\/www.ummto.dz\\\/fsecsg\\\/wp-content\\\/uploads\\\/2023\\\/02\\\/infos.jpg\",\"datePublished\":\"2024-02-07T09:35:51+00:00\",\"dateModified\":\"2024-02-07T09:38:07+00:00\",\"author\":{\"@id\":\"https:\\\/\\\/www.ummto.dz\\\/fsecsg\\\/#\\\/schema\\\/person\\\/c5f2e51b7d49f0febe1a7d8e53b452e3\"},\"breadcrumb\":{\"@id\":\"https:\\\/\\\/www.ummto.dz\\\/fsecsg\\\/avis-aux-etudiants-de-master-gestion-publique\\\/#breadcrumb\"},\"inLanguage\":\"fr-FR\",\"potentialAction\":[{\"@type\":\"ReadAction\",\"target\":[\"https:\\\/\\\/www.ummto.dz\\\/fsecsg\\\/avis-aux-etudiants-de-master-gestion-publique\\\/\"]}]},{\"@type\":\"ImageObject\",\"inLanguage\":\"fr-FR\",\"@id\":\"https:\\\/\\\/www.ummto.dz\\\/fsecsg\\\/avis-aux-etudiants-de-master-gestion-publique\\\/#primaryimage\",\"url\":\"https:\\\/\\\/www.ummto.dz\\\/fsecsg\\\/wp-content\\\/uploads\\\/2023\\\/02\\\/infos.jpg\",\"contentUrl\":\"https:\\\/\\\/www.ummto.dz\\\/fsecsg\\\/wp-content\\\/uploads\\\/2023\\\/02\\\/infos.jpg\",\"width\":259,\"height\":194},{\"@type\":\"BreadcrumbList\",\"@id\":\"https:\\\/\\\/www.ummto.dz\\\/fsecsg\\\/avis-aux-etudiants-de-master-gestion-publique\\\/#breadcrumb\",\"itemListElement\":[{\"@type\":\"ListItem\",\"position\":1,\"name\":\"Accueil\",\"item\":\"https:\\\/\\\/www.ummto.dz\\\/fsecsg\\\/\"},{\"@type\":\"ListItem\",\"position\":2,\"name\":\"Avis aux \u00e9tudiants de Master Gestion publique.\"}]},{\"@type\":\"WebSite\",\"@id\":\"https:\\\/\\\/www.ummto.dz\\\/fsecsg\\\/#website\",\"url\":\"https:\\\/\\\/www.ummto.dz\\\/fsecsg\\\/\",\"name\":\"Facult\u00e9 des Sciences Economiques, Commerciales et des Sciences de Gestion\",\"description\":\"Universit\u00e9 Mouloud Mammeri de Tizi Ouzou\",\"potentialAction\":[{\"@type\":\"SearchAction\",\"target\":{\"@type\":\"EntryPoint\",\"urlTemplate\":\"https:\\\/\\\/www.ummto.dz\\\/fsecsg\\\/?s={search_term_string}\"},\"query-input\":{\"@type\":\"PropertyValueSpecification\",\"valueRequired\":true,\"valueName\":\"search_term_string\"}}],\"inLanguage\":\"fr-FR\"},{\"@type\":\"Person\",\"@id\":\"https:\\\/\\\/www.ummto.dz\\\/fsecsg\\\/#\\\/schema\\\/person\\\/c5f2e51b7d49f0febe1a7d8e53b452e3\",\"name\":\"FSECSG\",\"url\":\"https:\\\/\\\/www.ummto.dz\\\/fsecsg\\\/author\\\/fsecsg\\\/\"}]}<\/script>\n<!-- \/ Yoast SEO plugin. -->","yoast_head_json":{"title":"Avis aux \u00e9tudiants de Master Gestion publique. - Facult\u00e9 des Sciences Economiques, Commerciales et des Sciences de Gestion","robots":{"index":"index","follow":"follow","max-snippet":"max-snippet:-1","max-image-preview":"max-image-preview:large","max-video-preview":"max-video-preview:-1"},"canonical":"https:\/\/www.ummto.dz\/fsecsg\/avis-aux-etudiants-de-master-gestion-publique\/","og_locale":"fr_FR","og_type":"article","og_title":"Avis aux \u00e9tudiants de Master Gestion publique. - Facult\u00e9 des Sciences Economiques, Commerciales et des Sciences de Gestion","og_description":"&nbsp; Les \u00e9tudiants de Master Gestion publique sont inform\u00e9s que la premi\u00e8re visioconf\u00e9rence du cours \"Droit de la fonction publique\" est programm\u00e9e pour jeudi le 08 f\u00e9vrier 2024 \u00e0 11h via le lien ci-dessous Visio M1 GP Droit de la fonction publique Jeudi, 8 f\u00e9vrier\u22c511:00 am \u00e0 12:30pm Toutes les semaines le jeudi:\u21d3\u21d3 -Participer avec [&hellip;]","og_url":"https:\/\/www.ummto.dz\/fsecsg\/avis-aux-etudiants-de-master-gestion-publique\/","og_site_name":"Facult\u00e9 des Sciences Economiques, Commerciales et des Sciences de Gestion","article_published_time":"2024-02-07T09:35:51+00:00","article_modified_time":"2024-02-07T09:38:07+00:00","og_image":[{"width":259,"height":194,"url":"https:\/\/www.ummto.dz\/fsecsg\/wp-content\/uploads\/2023\/02\/infos.jpg","type":"image\/jpeg"}],"author":"FSECSG","twitter_card":"summary_large_image","twitter_misc":{"\u00c9crit par":"FSECSG","Dur\u00e9e de lecture estim\u00e9e":"1 minute"},"schema":{"@context":"https:\/\/schema.org","@graph":[{"@type":"Article","@id":"https:\/\/www.ummto.dz\/fsecsg\/avis-aux-etudiants-de-master-gestion-publique\/#article","isPartOf":{"@id":"https:\/\/www.ummto.dz\/fsecsg\/avis-aux-etudiants-de-master-gestion-publique\/"},"author":{"name":"FSECSG","@id":"https:\/\/www.ummto.dz\/fsecsg\/#\/schema\/person\/c5f2e51b7d49f0febe1a7d8e53b452e3"},"headline":"Avis aux \u00e9tudiants de Master Gestion publique.","datePublished":"2024-02-07T09:35:51+00:00","dateModified":"2024-02-07T09:38:07+00:00","mainEntityOfPage":{"@id":"https:\/\/www.ummto.dz\/fsecsg\/avis-aux-etudiants-de-master-gestion-publique\/"},"wordCount":158,"image":{"@id":"https:\/\/www.ummto.dz\/fsecsg\/avis-aux-etudiants-de-master-gestion-publique\/#primaryimage"},"thumbnailUrl":"https:\/\/www.ummto.dz\/fsecsg\/wp-content\/uploads\/2023\/02\/infos.jpg","articleSection":["Sc gestion"],"inLanguage":"fr-FR"},{"@type":"WebPage","@id":"https:\/\/www.ummto.dz\/fsecsg\/avis-aux-etudiants-de-master-gestion-publique\/","url":"https:\/\/www.ummto.dz\/fsecsg\/avis-aux-etudiants-de-master-gestion-publique\/","name":"Avis aux \u00e9tudiants de Master Gestion publique. - Facult\u00e9 des Sciences Economiques, Commerciales et des Sciences de Gestion","isPartOf":{"@id":"https:\/\/www.ummto.dz\/fsecsg\/#website"},"primaryImageOfPage":{"@id":"https:\/\/www.ummto.dz\/fsecsg\/avis-aux-etudiants-de-master-gestion-publique\/#primaryimage"},"image":{"@id":"https:\/\/www.ummto.dz\/fsecsg\/avis-aux-etudiants-de-master-gestion-publique\/#primaryimage"},"thumbnailUrl":"https:\/\/www.ummto.dz\/fsecsg\/wp-content\/uploads\/2023\/02\/infos.jpg","datePublished":"2024-02-07T09:35:51+00:00","dateModified":"2024-02-07T09:38:07+00:00","author":{"@id":"https:\/\/www.ummto.dz\/fsecsg\/#\/schema\/person\/c5f2e51b7d49f0febe1a7d8e53b452e3"},"breadcrumb":{"@id":"https:\/\/www.ummto.dz\/fsecsg\/avis-aux-etudiants-de-master-gestion-publique\/#breadcrumb"},"inLanguage":"fr-FR","potentialAction":[{"@type":"ReadAction","target":["https:\/\/www.ummto.dz\/fsecsg\/avis-aux-etudiants-de-master-gestion-publique\/"]}]},{"@type":"ImageObject","inLanguage":"fr-FR","@id":"https:\/\/www.ummto.dz\/fsecsg\/avis-aux-etudiants-de-master-gestion-publique\/#primaryimage","url":"https:\/\/www.ummto.dz\/fsecsg\/wp-content\/uploads\/2023\/02\/infos.jpg","contentUrl":"https:\/\/www.ummto.dz\/fsecsg\/wp-content\/uploads\/2023\/02\/infos.jpg","width":259,"height":194},{"@type":"BreadcrumbList","@id":"https:\/\/www.ummto.dz\/fsecsg\/avis-aux-etudiants-de-master-gestion-publique\/#breadcrumb","itemListElement":[{"@type":"ListItem","position":1,"name":"Accueil","item":"https:\/\/www.ummto.dz\/fsecsg\/"},{"@type":"ListItem","position":2,"name":"Avis aux \u00e9tudiants de Master Gestion publique."}]},{"@type":"WebSite","@id":"https:\/\/www.ummto.dz\/fsecsg\/#website","url":"https:\/\/www.ummto.dz\/fsecsg\/","name":"Facult\u00e9 des Sciences Economiques, Commerciales et des Sciences de Gestion","description":"Universit\u00e9 Mouloud Mammeri de Tizi Ouzou","potentialAction":[{"@type":"SearchAction","target":{"@type":"EntryPoint","urlTemplate":"https:\/\/www.ummto.dz\/fsecsg\/?s={search_term_string}"},"query-input":{"@type":"PropertyValueSpecification","valueRequired":true,"valueName":"search_term_string"}}],"inLanguage":"fr-FR"},{"@type":"Person","@id":"https:\/\/www.ummto.dz\/fsecsg\/#\/schema\/person\/c5f2e51b7d49f0febe1a7d8e53b452e3","name":"FSECSG","url":"https:\/\/www.ummto.dz\/fsecsg\/author\/fsecsg\/"}]}},"_links":{"self":[{"href":"https:\/\/www.ummto.dz\/fsecsg\/wp-json\/wp\/v2\/posts\/84640","targetHints":{"allow":["GET"]}}],"collection":[{"href":"https:\/\/www.ummto.dz\/fsecsg\/wp-json\/wp\/v2\/posts"}],"about":[{"href":"https:\/\/www.ummto.dz\/fsecsg\/wp-json\/wp\/v2\/types\/post"}],"author":[{"embeddable":true,"href":"https:\/\/www.ummto.dz\/fsecsg\/wp-json\/wp\/v2\/users\/4"}],"replies":[{"embeddable":true,"href":"https:\/\/www.ummto.dz\/fsecsg\/wp-json\/wp\/v2\/comments?post=84640"}],"version-history":[{"count":3,"href":"https:\/\/www.ummto.dz\/fsecsg\/wp-json\/wp\/v2\/posts\/84640\/revisions"}],"predecessor-version":[{"id":84643,"href":"https:\/\/www.ummto.dz\/fsecsg\/wp-json\/wp\/v2\/posts\/84640\/revisions\/84643"}],"wp:featuredmedia":[{"embeddable":true,"href":"https:\/\/www.ummto.dz\/fsecsg\/wp-json\/wp\/v2\/media\/71261"}],"wp:attachment":[{"href":"https:\/\/www.ummto.dz\/fsecsg\/wp-json\/wp\/v2\/media?parent=84640"}],"wp:term":[{"taxonomy":"category","embeddable":true,"href":"https:\/\/www.ummto.dz\/fsecsg\/wp-json\/wp\/v2\/categories?post=84640"},{"taxonomy":"post_tag","embeddable":true,"href":"https:\/\/www.ummto.dz\/fsecsg\/wp-json\/wp\/v2\/tags?post=84640"}],"curies":[{"name":"wp","href":"https:\/\/api.w.org\/{rel}","templated":true}]}}