{"id":85287,"date":"2024-03-13T10:58:42","date_gmt":"2024-03-13T09:58:42","guid":{"rendered":"https:\/\/www.ummto.dz\/fsecsg\/?p=85287"},"modified":"2024-03-14T13:55:47","modified_gmt":"2024-03-14T12:55:47","slug":"pv-de-deliberation-semestre-impair-concernant-le-departement-des-sfc-l2-l3-m1-et-m2-apres-traitement-de-recours","status":"publish","type":"post","link":"https:\/\/www.ummto.dz\/fsecsg\/pv-de-deliberation-semestre-impair-concernant-le-departement-des-sfc-l2-l3-m1-et-m2-apres-traitement-de-recours\/","title":{"rendered":"PV de d\u00e9lib\u00e9ration semestre impair concernant le d\u00e9partement des SFC L2, L3, M1 et M2 apr\u00e9s traitement de recours."},"content":{"rendered":"[et_pb_section fb_built=\u00a0\u00bb1&Prime; admin_label=\u00a0\u00bbsection\u00a0\u00bb _builder_version=\u00a0\u00bb4.16&Prime; global_colors_info=\u00a0\u00bb{}\u00a0\u00bb][et_pb_row admin_label=\u00a0\u00bbrow\u00a0\u00bb _builder_version=\u00a0\u00bb4.16&Prime; background_size=\u00a0\u00bbinitial\u00a0\u00bb background_position=\u00a0\u00bbtop_left\u00a0\u00bb background_repeat=\u00a0\u00bbrepeat\u00a0\u00bb width=\u00a0\u00bb100%\u00a0\u00bb global_colors_info=\u00a0\u00bb{}\u00a0\u00bb][et_pb_column type=\u00a0\u00bb4_4&Prime; _builder_version=\u00a0\u00bb4.16&Prime; custom_padding=\u00a0\u00bb|||\u00a0\u00bb global_colors_info=\u00a0\u00bb{}\u00a0\u00bb custom_padding__hover=\u00a0\u00bb|||\u00a0\u00bb][et_pb_text admin_label=\u00a0\u00bbText\u00a0\u00bb _builder_version=\u00a0\u00bb4.24.0&Prime; background_size=\u00a0\u00bbinitial\u00a0\u00bb background_position=\u00a0\u00bbtop_left\u00a0\u00bb background_repeat=\u00a0\u00bbrepeat\u00a0\u00bb min_height=\u00a0\u00bb191px\u00a0\u00bb hover_enabled=\u00a0\u00bb0&Prime; global_colors_info=\u00a0\u00bb{}\u00a0\u00bb sticky_enabled=\u00a0\u00bb0&Prime;]<p><a href=\"https:\/\/www.ummto.dz\/fsecsg\/wp-content\/uploads\/2024\/03\/Deliberation-RECTIFICTIVE-L3-FBA-_2023_2024-11.pdf\" rel=\"attachment wp-att-85293\">-D\u00e9lib\u00e9ration RECTIFICTIVE L3&#8211;FBA&#8211;_2023_2024.<\/a><\/p>\n<p><a href=\"https:\/\/www.ummto.dz\/fsecsg\/wp-content\/uploads\/2024\/03\/Deliberation_RECTIFICATIVE-L3-CF-2023_2024-12.pdf\" rel=\"attachment wp-att-85295\">-D\u00e9lib\u00e9ration_RECTIFICATIVE L3&#8211;CF&#8211;2023_2024.<\/a><\/p>\n<p><a href=\"https:\/\/www.ummto.dz\/fsecsg\/wp-content\/uploads\/2024\/03\/Deliberation_RECTIFICATIVE-L3-FE-2023_2024-10.pdf\" rel=\"attachment wp-att-85296\">-D\u00e9lib\u00e9ration_RECTIFICATIVE L3&#8212;FE&#8211;2023_2024.<\/a><\/p>\n<p><a href=\"https:\/\/www.ummto.dz\/fsecsg\/wp-content\/uploads\/2024\/03\/Deliberation_SEMSETR-MI-FBA-APES-RECTIFICATIONS-2023_2024-17-1.pdf\" rel=\"attachment wp-att-85329\">Deliberation_SEMSETR MI&#8211;FBA&#8211; APES RECTIFICATIONS 2023_2024 <\/a><\/p>\n<p><a href=\"https:\/\/www.ummto.dz\/fsecsg\/wp-content\/uploads\/2024\/03\/Deliberation-RECTIFICATIVE-MI-CA-_2023_2024-8.pdf\" rel=\"attachment wp-att-85291\">-D\u00e9liberation RECTIFICATIVE MI&#8211;CA&#8211;_2023_2024.<\/a><\/p>\n<p><a href=\"https:\/\/www.ummto.dz\/fsecsg\/wp-content\/uploads\/2024\/03\/Deliberation-RECTIFICATIVE-MI-FE-_2023_2024-9.pdf\" rel=\"attachment wp-att-85292\">-D\u00e9lib\u00e9ration RECTIFICATIVE MI&#8211;FE&#8211;_2023_2024.<\/a><\/p>\n<p><a href=\"https:\/\/www.ummto.dz\/fsecsg\/wp-content\/uploads\/2024\/03\/Deliberation_-RECTIFICATIVE-M2-FA-2023_2024-5.pdf\" rel=\"attachment wp-att-85294\">-D\u00e9lib\u00e9ration_ RECTIFICATIVE M2&#8211;FA&#8211;2023_2024.<\/a><\/p>\n<p><a href=\"https:\/\/www.ummto.dz\/fsecsg\/wp-content\/uploads\/2024\/03\/Deliberation-RECTIFICATIVE-M2-FB-_2023_2024-4.pdf\" rel=\"attachment wp-att-85290\">-D\u00e9liberation RECTIFICATIVE M2&#8211;FB&#8211;_2023_2024.<\/a><\/p>\n<p><a href=\"https:\/\/www.ummto.dz\/fsecsg\/wp-content\/uploads\/2024\/03\/Deliberation_RECTIFICATIVE-M2-ACG-2023_2024-6.pdf\" rel=\"attachment wp-att-85297\">-D\u00e9lib\u00e9ration_RECTIFICATIVE M2&#8211;ACG&#8211;2023_2024.<\/a><\/p>\n<p><a href=\"https:\/\/www.ummto.dz\/fsecsg\/wp-content\/uploads\/2024\/03\/Deliberation_RECTIFICATIVE-M2-FE-2023_2024-3.pdf\" rel=\"attachment wp-att-85298\">-D\u00e9lib\u00e9ration_RECTIFICATIVE M2&#8212;FE&#8211;2023_2024.<\/a><\/p>\n<p><a href=\"https:\/\/www.ummto.dz\/fsecsg\/wp-content\/uploads\/2024\/03\/Deliberation_RECTIFICATIVE-MI-FBA-2023_2024-7.pdf\" rel=\"attachment wp-att-85299\"><\/a><\/p>\n<p><\/p>[\/et_pb_text][\/et_pb_column][\/et_pb_row][\/et_pb_section]","protected":false},"excerpt":{"rendered":"<p>-D\u00e9lib\u00e9ration RECTIFICTIVE L3&#8211;FBA&#8211;_2023_2024. -D\u00e9lib\u00e9ration_RECTIFICATIVE L3&#8211;CF&#8211;2023_2024. -D\u00e9lib\u00e9ration_RECTIFICATIVE L3&#8212;FE&#8211;2023_2024. Deliberation_SEMSETR MI&#8211;FBA&#8211; APES RECTIFICATIONS 2023_2024 -D\u00e9liberation RECTIFICATIVE MI&#8211;CA&#8211;_2023_2024. -D\u00e9lib\u00e9ration RECTIFICATIVE MI&#8211;FE&#8211;_2023_2024. -D\u00e9lib\u00e9ration_ RECTIFICATIVE M2&#8211;FA&#8211;2023_2024. -D\u00e9liberation RECTIFICATIVE M2&#8211;FB&#8211;_2023_2024. -D\u00e9lib\u00e9ration_RECTIFICATIVE M2&#8211;ACG&#8211;2023_2024. -D\u00e9lib\u00e9ration_RECTIFICATIVE M2&#8212;FE&#8211;2023_2024.<\/p>\n","protected":false},"author":4,"featured_media":69600,"comment_status":"closed","ping_status":"closed","sticky":false,"template":"","format":"standard","meta":{"_et_pb_use_builder":"on","_et_pb_old_content":"<!-- wp:divi\/placeholder \/-->","_et_gb_content_width":"","footnotes":""},"categories":[38,22],"tags":[],"class_list":["post-85287","post","type-post","status-publish","format-standard","has-post-thumbnail","hentry","category-note-sc-financiere","category-new-dep-sc-financiere"],"yoast_head":"<!-- This site is optimized with the Yoast SEO plugin v27.3 - https:\/\/yoast.com\/product\/yoast-seo-wordpress\/ -->\n<title>PV de d\u00e9lib\u00e9ration semestre impair concernant le d\u00e9partement des SFC L2, L3, M1 et M2 apr\u00e9s traitement de recours. - Facult\u00e9 des Sciences Economiques, Commerciales et des Sciences de Gestion<\/title>\n<meta name=\"robots\" content=\"index, follow, max-snippet:-1, max-image-preview:large, max-video-preview:-1\" \/>\n<link rel=\"canonical\" href=\"https:\/\/www.ummto.dz\/fsecsg\/pv-de-deliberation-semestre-impair-concernant-le-departement-des-sfc-l2-l3-m1-et-m2-apres-traitement-de-recours\/\" \/>\n<meta property=\"og:locale\" content=\"fr_FR\" \/>\n<meta property=\"og:type\" content=\"article\" \/>\n<meta property=\"og:title\" content=\"PV de d\u00e9lib\u00e9ration semestre impair concernant le d\u00e9partement des SFC L2, L3, M1 et M2 apr\u00e9s traitement de recours. - Facult\u00e9 des Sciences Economiques, Commerciales et des Sciences de Gestion\" \/>\n<meta property=\"og:description\" content=\"-D\u00e9lib\u00e9ration RECTIFICTIVE L3--FBA--_2023_2024. -D\u00e9lib\u00e9ration_RECTIFICATIVE L3--CF--2023_2024. -D\u00e9lib\u00e9ration_RECTIFICATIVE L3---FE--2023_2024. Deliberation_SEMSETR MI--FBA-- APES RECTIFICATIONS 2023_2024 -D\u00e9liberation RECTIFICATIVE MI--CA--_2023_2024. -D\u00e9lib\u00e9ration RECTIFICATIVE MI--FE--_2023_2024. -D\u00e9lib\u00e9ration_ RECTIFICATIVE M2--FA--2023_2024. -D\u00e9liberation RECTIFICATIVE M2--FB--_2023_2024. -D\u00e9lib\u00e9ration_RECTIFICATIVE M2--ACG--2023_2024. -D\u00e9lib\u00e9ration_RECTIFICATIVE M2---FE--2023_2024.\" \/>\n<meta property=\"og:url\" content=\"https:\/\/www.ummto.dz\/fsecsg\/pv-de-deliberation-semestre-impair-concernant-le-departement-des-sfc-l2-l3-m1-et-m2-apres-traitement-de-recours\/\" \/>\n<meta property=\"og:site_name\" content=\"Facult\u00e9 des Sciences Economiques, Commerciales et des Sciences de Gestion\" \/>\n<meta property=\"article:published_time\" content=\"2024-03-13T09:58:42+00:00\" \/>\n<meta property=\"article:modified_time\" content=\"2024-03-14T12:55:47+00:00\" \/>\n<meta property=\"og:image\" content=\"https:\/\/www.ummto.dz\/fsecsg\/wp-content\/uploads\/2022\/11\/delib.png\" \/>\n\t<meta property=\"og:image:width\" content=\"300\" \/>\n\t<meta property=\"og:image:height\" content=\"168\" \/>\n\t<meta property=\"og:image:type\" content=\"image\/png\" \/>\n<meta name=\"author\" content=\"FSECSG\" \/>\n<meta name=\"twitter:card\" content=\"summary_large_image\" \/>\n<meta name=\"twitter:label1\" content=\"\u00c9crit par\" \/>\n\t<meta name=\"twitter:data1\" content=\"FSECSG\" \/>\n\t<meta name=\"twitter:label2\" content=\"Dur\u00e9e de lecture estim\u00e9e\" \/>\n\t<meta name=\"twitter:data2\" content=\"1 minute\" \/>\n<script type=\"application\/ld+json\" class=\"yoast-schema-graph\">{\"@context\":\"https:\\\/\\\/schema.org\",\"@graph\":[{\"@type\":\"Article\",\"@id\":\"https:\\\/\\\/www.ummto.dz\\\/fsecsg\\\/pv-de-deliberation-semestre-impair-concernant-le-departement-des-sfc-l2-l3-m1-et-m2-apres-traitement-de-recours\\\/#article\",\"isPartOf\":{\"@id\":\"https:\\\/\\\/www.ummto.dz\\\/fsecsg\\\/pv-de-deliberation-semestre-impair-concernant-le-departement-des-sfc-l2-l3-m1-et-m2-apres-traitement-de-recours\\\/\"},\"author\":{\"name\":\"FSECSG\",\"@id\":\"https:\\\/\\\/www.ummto.dz\\\/fsecsg\\\/#\\\/schema\\\/person\\\/c5f2e51b7d49f0febe1a7d8e53b452e3\"},\"headline\":\"PV de d\u00e9lib\u00e9ration semestre impair concernant le d\u00e9partement des SFC L2, L3, M1 et M2 apr\u00e9s traitement de recours.\",\"datePublished\":\"2024-03-13T09:58:42+00:00\",\"dateModified\":\"2024-03-14T12:55:47+00:00\",\"mainEntityOfPage\":{\"@id\":\"https:\\\/\\\/www.ummto.dz\\\/fsecsg\\\/pv-de-deliberation-semestre-impair-concernant-le-departement-des-sfc-l2-l3-m1-et-m2-apres-traitement-de-recours\\\/\"},\"wordCount\":167,\"image\":{\"@id\":\"https:\\\/\\\/www.ummto.dz\\\/fsecsg\\\/pv-de-deliberation-semestre-impair-concernant-le-departement-des-sfc-l2-l3-m1-et-m2-apres-traitement-de-recours\\\/#primaryimage\"},\"thumbnailUrl\":\"https:\\\/\\\/www.ummto.dz\\\/fsecsg\\\/wp-content\\\/uploads\\\/2022\\\/11\\\/delib.png\",\"articleSection\":[\"note Sc financi\u00e8re\",\"Sc financi\u00e8re hasnaoua\"],\"inLanguage\":\"fr-FR\"},{\"@type\":\"WebPage\",\"@id\":\"https:\\\/\\\/www.ummto.dz\\\/fsecsg\\\/pv-de-deliberation-semestre-impair-concernant-le-departement-des-sfc-l2-l3-m1-et-m2-apres-traitement-de-recours\\\/\",\"url\":\"https:\\\/\\\/www.ummto.dz\\\/fsecsg\\\/pv-de-deliberation-semestre-impair-concernant-le-departement-des-sfc-l2-l3-m1-et-m2-apres-traitement-de-recours\\\/\",\"name\":\"PV de d\u00e9lib\u00e9ration semestre impair concernant le d\u00e9partement des SFC L2, L3, M1 et M2 apr\u00e9s traitement de recours. - Facult\u00e9 des Sciences Economiques, Commerciales et des Sciences de Gestion\",\"isPartOf\":{\"@id\":\"https:\\\/\\\/www.ummto.dz\\\/fsecsg\\\/#website\"},\"primaryImageOfPage\":{\"@id\":\"https:\\\/\\\/www.ummto.dz\\\/fsecsg\\\/pv-de-deliberation-semestre-impair-concernant-le-departement-des-sfc-l2-l3-m1-et-m2-apres-traitement-de-recours\\\/#primaryimage\"},\"image\":{\"@id\":\"https:\\\/\\\/www.ummto.dz\\\/fsecsg\\\/pv-de-deliberation-semestre-impair-concernant-le-departement-des-sfc-l2-l3-m1-et-m2-apres-traitement-de-recours\\\/#primaryimage\"},\"thumbnailUrl\":\"https:\\\/\\\/www.ummto.dz\\\/fsecsg\\\/wp-content\\\/uploads\\\/2022\\\/11\\\/delib.png\",\"datePublished\":\"2024-03-13T09:58:42+00:00\",\"dateModified\":\"2024-03-14T12:55:47+00:00\",\"author\":{\"@id\":\"https:\\\/\\\/www.ummto.dz\\\/fsecsg\\\/#\\\/schema\\\/person\\\/c5f2e51b7d49f0febe1a7d8e53b452e3\"},\"breadcrumb\":{\"@id\":\"https:\\\/\\\/www.ummto.dz\\\/fsecsg\\\/pv-de-deliberation-semestre-impair-concernant-le-departement-des-sfc-l2-l3-m1-et-m2-apres-traitement-de-recours\\\/#breadcrumb\"},\"inLanguage\":\"fr-FR\",\"potentialAction\":[{\"@type\":\"ReadAction\",\"target\":[\"https:\\\/\\\/www.ummto.dz\\\/fsecsg\\\/pv-de-deliberation-semestre-impair-concernant-le-departement-des-sfc-l2-l3-m1-et-m2-apres-traitement-de-recours\\\/\"]}]},{\"@type\":\"ImageObject\",\"inLanguage\":\"fr-FR\",\"@id\":\"https:\\\/\\\/www.ummto.dz\\\/fsecsg\\\/pv-de-deliberation-semestre-impair-concernant-le-departement-des-sfc-l2-l3-m1-et-m2-apres-traitement-de-recours\\\/#primaryimage\",\"url\":\"https:\\\/\\\/www.ummto.dz\\\/fsecsg\\\/wp-content\\\/uploads\\\/2022\\\/11\\\/delib.png\",\"contentUrl\":\"https:\\\/\\\/www.ummto.dz\\\/fsecsg\\\/wp-content\\\/uploads\\\/2022\\\/11\\\/delib.png\",\"width\":300,\"height\":168},{\"@type\":\"BreadcrumbList\",\"@id\":\"https:\\\/\\\/www.ummto.dz\\\/fsecsg\\\/pv-de-deliberation-semestre-impair-concernant-le-departement-des-sfc-l2-l3-m1-et-m2-apres-traitement-de-recours\\\/#breadcrumb\",\"itemListElement\":[{\"@type\":\"ListItem\",\"position\":1,\"name\":\"Accueil\",\"item\":\"https:\\\/\\\/www.ummto.dz\\\/fsecsg\\\/\"},{\"@type\":\"ListItem\",\"position\":2,\"name\":\"PV de d\u00e9lib\u00e9ration semestre impair concernant le d\u00e9partement des SFC L2, L3, M1 et M2 apr\u00e9s traitement de recours.\"}]},{\"@type\":\"WebSite\",\"@id\":\"https:\\\/\\\/www.ummto.dz\\\/fsecsg\\\/#website\",\"url\":\"https:\\\/\\\/www.ummto.dz\\\/fsecsg\\\/\",\"name\":\"Facult\u00e9 des Sciences Economiques, Commerciales et des Sciences de Gestion\",\"description\":\"Universit\u00e9 Mouloud Mammeri de Tizi Ouzou\",\"potentialAction\":[{\"@type\":\"SearchAction\",\"target\":{\"@type\":\"EntryPoint\",\"urlTemplate\":\"https:\\\/\\\/www.ummto.dz\\\/fsecsg\\\/?s={search_term_string}\"},\"query-input\":{\"@type\":\"PropertyValueSpecification\",\"valueRequired\":true,\"valueName\":\"search_term_string\"}}],\"inLanguage\":\"fr-FR\"},{\"@type\":\"Person\",\"@id\":\"https:\\\/\\\/www.ummto.dz\\\/fsecsg\\\/#\\\/schema\\\/person\\\/c5f2e51b7d49f0febe1a7d8e53b452e3\",\"name\":\"FSECSG\",\"url\":\"https:\\\/\\\/www.ummto.dz\\\/fsecsg\\\/author\\\/fsecsg\\\/\"}]}<\/script>\n<!-- \/ Yoast SEO plugin. -->","yoast_head_json":{"title":"PV de d\u00e9lib\u00e9ration semestre impair concernant le d\u00e9partement des SFC L2, L3, M1 et M2 apr\u00e9s traitement de recours. - Facult\u00e9 des Sciences Economiques, Commerciales et des Sciences de Gestion","robots":{"index":"index","follow":"follow","max-snippet":"max-snippet:-1","max-image-preview":"max-image-preview:large","max-video-preview":"max-video-preview:-1"},"canonical":"https:\/\/www.ummto.dz\/fsecsg\/pv-de-deliberation-semestre-impair-concernant-le-departement-des-sfc-l2-l3-m1-et-m2-apres-traitement-de-recours\/","og_locale":"fr_FR","og_type":"article","og_title":"PV de d\u00e9lib\u00e9ration semestre impair concernant le d\u00e9partement des SFC L2, L3, M1 et M2 apr\u00e9s traitement de recours. - Facult\u00e9 des Sciences Economiques, Commerciales et des Sciences de Gestion","og_description":"-D\u00e9lib\u00e9ration RECTIFICTIVE L3--FBA--_2023_2024. -D\u00e9lib\u00e9ration_RECTIFICATIVE L3--CF--2023_2024. -D\u00e9lib\u00e9ration_RECTIFICATIVE L3---FE--2023_2024. Deliberation_SEMSETR MI--FBA-- APES RECTIFICATIONS 2023_2024 -D\u00e9liberation RECTIFICATIVE MI--CA--_2023_2024. -D\u00e9lib\u00e9ration RECTIFICATIVE MI--FE--_2023_2024. -D\u00e9lib\u00e9ration_ RECTIFICATIVE M2--FA--2023_2024. -D\u00e9liberation RECTIFICATIVE M2--FB--_2023_2024. -D\u00e9lib\u00e9ration_RECTIFICATIVE M2--ACG--2023_2024. -D\u00e9lib\u00e9ration_RECTIFICATIVE M2---FE--2023_2024.","og_url":"https:\/\/www.ummto.dz\/fsecsg\/pv-de-deliberation-semestre-impair-concernant-le-departement-des-sfc-l2-l3-m1-et-m2-apres-traitement-de-recours\/","og_site_name":"Facult\u00e9 des Sciences Economiques, Commerciales et des Sciences de Gestion","article_published_time":"2024-03-13T09:58:42+00:00","article_modified_time":"2024-03-14T12:55:47+00:00","og_image":[{"width":300,"height":168,"url":"https:\/\/www.ummto.dz\/fsecsg\/wp-content\/uploads\/2022\/11\/delib.png","type":"image\/png"}],"author":"FSECSG","twitter_card":"summary_large_image","twitter_misc":{"\u00c9crit par":"FSECSG","Dur\u00e9e de lecture estim\u00e9e":"1 minute"},"schema":{"@context":"https:\/\/schema.org","@graph":[{"@type":"Article","@id":"https:\/\/www.ummto.dz\/fsecsg\/pv-de-deliberation-semestre-impair-concernant-le-departement-des-sfc-l2-l3-m1-et-m2-apres-traitement-de-recours\/#article","isPartOf":{"@id":"https:\/\/www.ummto.dz\/fsecsg\/pv-de-deliberation-semestre-impair-concernant-le-departement-des-sfc-l2-l3-m1-et-m2-apres-traitement-de-recours\/"},"author":{"name":"FSECSG","@id":"https:\/\/www.ummto.dz\/fsecsg\/#\/schema\/person\/c5f2e51b7d49f0febe1a7d8e53b452e3"},"headline":"PV de d\u00e9lib\u00e9ration semestre impair concernant le d\u00e9partement des SFC L2, L3, M1 et M2 apr\u00e9s traitement de recours.","datePublished":"2024-03-13T09:58:42+00:00","dateModified":"2024-03-14T12:55:47+00:00","mainEntityOfPage":{"@id":"https:\/\/www.ummto.dz\/fsecsg\/pv-de-deliberation-semestre-impair-concernant-le-departement-des-sfc-l2-l3-m1-et-m2-apres-traitement-de-recours\/"},"wordCount":167,"image":{"@id":"https:\/\/www.ummto.dz\/fsecsg\/pv-de-deliberation-semestre-impair-concernant-le-departement-des-sfc-l2-l3-m1-et-m2-apres-traitement-de-recours\/#primaryimage"},"thumbnailUrl":"https:\/\/www.ummto.dz\/fsecsg\/wp-content\/uploads\/2022\/11\/delib.png","articleSection":["note Sc financi\u00e8re","Sc financi\u00e8re hasnaoua"],"inLanguage":"fr-FR"},{"@type":"WebPage","@id":"https:\/\/www.ummto.dz\/fsecsg\/pv-de-deliberation-semestre-impair-concernant-le-departement-des-sfc-l2-l3-m1-et-m2-apres-traitement-de-recours\/","url":"https:\/\/www.ummto.dz\/fsecsg\/pv-de-deliberation-semestre-impair-concernant-le-departement-des-sfc-l2-l3-m1-et-m2-apres-traitement-de-recours\/","name":"PV de d\u00e9lib\u00e9ration semestre impair concernant le d\u00e9partement des SFC L2, L3, M1 et M2 apr\u00e9s traitement de recours. - Facult\u00e9 des Sciences Economiques, Commerciales et des Sciences de Gestion","isPartOf":{"@id":"https:\/\/www.ummto.dz\/fsecsg\/#website"},"primaryImageOfPage":{"@id":"https:\/\/www.ummto.dz\/fsecsg\/pv-de-deliberation-semestre-impair-concernant-le-departement-des-sfc-l2-l3-m1-et-m2-apres-traitement-de-recours\/#primaryimage"},"image":{"@id":"https:\/\/www.ummto.dz\/fsecsg\/pv-de-deliberation-semestre-impair-concernant-le-departement-des-sfc-l2-l3-m1-et-m2-apres-traitement-de-recours\/#primaryimage"},"thumbnailUrl":"https:\/\/www.ummto.dz\/fsecsg\/wp-content\/uploads\/2022\/11\/delib.png","datePublished":"2024-03-13T09:58:42+00:00","dateModified":"2024-03-14T12:55:47+00:00","author":{"@id":"https:\/\/www.ummto.dz\/fsecsg\/#\/schema\/person\/c5f2e51b7d49f0febe1a7d8e53b452e3"},"breadcrumb":{"@id":"https:\/\/www.ummto.dz\/fsecsg\/pv-de-deliberation-semestre-impair-concernant-le-departement-des-sfc-l2-l3-m1-et-m2-apres-traitement-de-recours\/#breadcrumb"},"inLanguage":"fr-FR","potentialAction":[{"@type":"ReadAction","target":["https:\/\/www.ummto.dz\/fsecsg\/pv-de-deliberation-semestre-impair-concernant-le-departement-des-sfc-l2-l3-m1-et-m2-apres-traitement-de-recours\/"]}]},{"@type":"ImageObject","inLanguage":"fr-FR","@id":"https:\/\/www.ummto.dz\/fsecsg\/pv-de-deliberation-semestre-impair-concernant-le-departement-des-sfc-l2-l3-m1-et-m2-apres-traitement-de-recours\/#primaryimage","url":"https:\/\/www.ummto.dz\/fsecsg\/wp-content\/uploads\/2022\/11\/delib.png","contentUrl":"https:\/\/www.ummto.dz\/fsecsg\/wp-content\/uploads\/2022\/11\/delib.png","width":300,"height":168},{"@type":"BreadcrumbList","@id":"https:\/\/www.ummto.dz\/fsecsg\/pv-de-deliberation-semestre-impair-concernant-le-departement-des-sfc-l2-l3-m1-et-m2-apres-traitement-de-recours\/#breadcrumb","itemListElement":[{"@type":"ListItem","position":1,"name":"Accueil","item":"https:\/\/www.ummto.dz\/fsecsg\/"},{"@type":"ListItem","position":2,"name":"PV de d\u00e9lib\u00e9ration semestre impair concernant le d\u00e9partement des SFC L2, L3, M1 et M2 apr\u00e9s traitement de recours."}]},{"@type":"WebSite","@id":"https:\/\/www.ummto.dz\/fsecsg\/#website","url":"https:\/\/www.ummto.dz\/fsecsg\/","name":"Facult\u00e9 des Sciences Economiques, Commerciales et des Sciences de Gestion","description":"Universit\u00e9 Mouloud Mammeri de Tizi Ouzou","potentialAction":[{"@type":"SearchAction","target":{"@type":"EntryPoint","urlTemplate":"https:\/\/www.ummto.dz\/fsecsg\/?s={search_term_string}"},"query-input":{"@type":"PropertyValueSpecification","valueRequired":true,"valueName":"search_term_string"}}],"inLanguage":"fr-FR"},{"@type":"Person","@id":"https:\/\/www.ummto.dz\/fsecsg\/#\/schema\/person\/c5f2e51b7d49f0febe1a7d8e53b452e3","name":"FSECSG","url":"https:\/\/www.ummto.dz\/fsecsg\/author\/fsecsg\/"}]}},"_links":{"self":[{"href":"https:\/\/www.ummto.dz\/fsecsg\/wp-json\/wp\/v2\/posts\/85287","targetHints":{"allow":["GET"]}}],"collection":[{"href":"https:\/\/www.ummto.dz\/fsecsg\/wp-json\/wp\/v2\/posts"}],"about":[{"href":"https:\/\/www.ummto.dz\/fsecsg\/wp-json\/wp\/v2\/types\/post"}],"author":[{"embeddable":true,"href":"https:\/\/www.ummto.dz\/fsecsg\/wp-json\/wp\/v2\/users\/4"}],"replies":[{"embeddable":true,"href":"https:\/\/www.ummto.dz\/fsecsg\/wp-json\/wp\/v2\/comments?post=85287"}],"version-history":[{"count":4,"href":"https:\/\/www.ummto.dz\/fsecsg\/wp-json\/wp\/v2\/posts\/85287\/revisions"}],"predecessor-version":[{"id":85330,"href":"https:\/\/www.ummto.dz\/fsecsg\/wp-json\/wp\/v2\/posts\/85287\/revisions\/85330"}],"wp:featuredmedia":[{"embeddable":true,"href":"https:\/\/www.ummto.dz\/fsecsg\/wp-json\/wp\/v2\/media\/69600"}],"wp:attachment":[{"href":"https:\/\/www.ummto.dz\/fsecsg\/wp-json\/wp\/v2\/media?parent=85287"}],"wp:term":[{"taxonomy":"category","embeddable":true,"href":"https:\/\/www.ummto.dz\/fsecsg\/wp-json\/wp\/v2\/categories?post=85287"},{"taxonomy":"post_tag","embeddable":true,"href":"https:\/\/www.ummto.dz\/fsecsg\/wp-json\/wp\/v2\/tags?post=85287"}],"curies":[{"name":"wp","href":"https:\/\/api.w.org\/{rel}","templated":true}]}}