{"id":85553,"date":"2024-04-16T14:51:53","date_gmt":"2024-04-16T12:51:53","guid":{"rendered":"https:\/\/www.ummto.dz\/fsecsg\/?p=85553"},"modified":"2024-04-16T14:53:34","modified_gmt":"2024-04-16T12:53:34","slug":"avis-aux-etudiants-de-3eme-annee-management","status":"publish","type":"post","link":"https:\/\/www.ummto.dz\/fsecsg\/avis-aux-etudiants-de-3eme-annee-management\/","title":{"rendered":"Avis aux \u00e9tudiants de 3\u00e8me ann\u00e9e Management."},"content":{"rendered":"[et_pb_section fb_built=\u00a0\u00bb1&Prime; admin_label=\u00a0\u00bbsection\u00a0\u00bb _builder_version=\u00a0\u00bb4.16&Prime; global_colors_info=\u00a0\u00bb{}\u00a0\u00bb][et_pb_row admin_label=\u00a0\u00bbrow\u00a0\u00bb _builder_version=\u00a0\u00bb4.16&Prime; background_size=\u00a0\u00bbinitial\u00a0\u00bb background_position=\u00a0\u00bbtop_left\u00a0\u00bb background_repeat=\u00a0\u00bbrepeat\u00a0\u00bb global_colors_info=\u00a0\u00bb{}\u00a0\u00bb width=\u00a0\u00bb100%\u00a0\u00bb][et_pb_column type=\u00a0\u00bb4_4&Prime; _builder_version=\u00a0\u00bb4.16&Prime; custom_padding=\u00a0\u00bb|||\u00a0\u00bb global_colors_info=\u00a0\u00bb{}\u00a0\u00bb custom_padding__hover=\u00a0\u00bb|||\u00a0\u00bb][et_pb_text admin_label=\u00a0\u00bbText\u00a0\u00bb _builder_version=\u00a0\u00bb4.24.0&Prime; background_size=\u00a0\u00bbinitial\u00a0\u00bb background_position=\u00a0\u00bbtop_left\u00a0\u00bb background_repeat=\u00a0\u00bbrepeat\u00a0\u00bb hover_enabled=\u00a0\u00bb0&Prime; global_colors_info=\u00a0\u00bb{}\u00a0\u00bb min_height=\u00a0\u00bb217px\u00a0\u00bb sticky_enabled=\u00a0\u00bb0&Prime;]<p><strong><span>Les \u00e9tudiants de 3eme ann\u00e9e Management sont inform\u00e9s qu&rsquo;une s\u00e9ance de r\u00e9cup\u00e9ration du cours \u00ab\u00a0Management de la qualit\u00e9 \u00ab\u00a0est programm\u00e9e pour Mardi 23 avril 2024 \u00e0 8h au niveau de la salle 01 du d\u00e9partement des Sciences de Gestion\u00a0\u00bb.\u00a0 <span style=\"text-decoration: underline\"><em>M. Zerkhefaoui<\/em><\/span>\u00a0<\/span><\/strong><\/p>\n<p><\/p>[\/et_pb_text][\/et_pb_column][\/et_pb_row][\/et_pb_section]","protected":false},"excerpt":{"rendered":"<p>Les \u00e9tudiants de 3eme ann\u00e9e Management sont inform\u00e9s qu&rsquo;une s\u00e9ance de r\u00e9cup\u00e9ration du cours \u00ab\u00a0Management de la qualit\u00e9 \u00ab\u00a0est programm\u00e9e pour Mardi 23 avril 2024 \u00e0 8h au niveau de la salle 01 du d\u00e9partement des Sciences de Gestion\u00a0\u00bb.\u00a0 M. Zerkhefaoui\u00a0<\/p>\n","protected":false},"author":4,"featured_media":71261,"comment_status":"closed","ping_status":"closed","sticky":false,"template":"","format":"standard","meta":{"_et_pb_use_builder":"on","_et_pb_old_content":"<!-- wp:divi\/placeholder \/-->","_et_gb_content_width":"","footnotes":""},"categories":[24],"tags":[],"class_list":["post-85553","post","type-post","status-publish","format-standard","has-post-thumbnail","hentry","category-new-dep-sc-gestion"],"yoast_head":"<!-- This site is optimized with the Yoast SEO plugin v27.3 - https:\/\/yoast.com\/product\/yoast-seo-wordpress\/ -->\n<title>Avis aux \u00e9tudiants de 3\u00e8me ann\u00e9e Management. - Facult\u00e9 des Sciences Economiques, Commerciales et des Sciences de Gestion<\/title>\n<meta name=\"robots\" content=\"index, follow, max-snippet:-1, max-image-preview:large, max-video-preview:-1\" \/>\n<link rel=\"canonical\" href=\"https:\/\/www.ummto.dz\/fsecsg\/avis-aux-etudiants-de-3eme-annee-management\/\" \/>\n<meta property=\"og:locale\" content=\"fr_FR\" \/>\n<meta property=\"og:type\" content=\"article\" \/>\n<meta property=\"og:title\" content=\"Avis aux \u00e9tudiants de 3\u00e8me ann\u00e9e Management. - Facult\u00e9 des Sciences Economiques, Commerciales et des Sciences de Gestion\" \/>\n<meta property=\"og:description\" content=\"Les \u00e9tudiants de 3eme ann\u00e9e Management sont inform\u00e9s qu&#039;une s\u00e9ance de r\u00e9cup\u00e9ration du cours &quot;Management de la qualit\u00e9 &quot;est programm\u00e9e pour Mardi 23 avril 2024 \u00e0 8h au niveau de la salle 01 du d\u00e9partement des Sciences de Gestion&quot;.\u00a0 M. Zerkhefaoui\u00a0\" \/>\n<meta property=\"og:url\" content=\"https:\/\/www.ummto.dz\/fsecsg\/avis-aux-etudiants-de-3eme-annee-management\/\" \/>\n<meta property=\"og:site_name\" content=\"Facult\u00e9 des Sciences Economiques, Commerciales et des Sciences de Gestion\" \/>\n<meta property=\"article:published_time\" content=\"2024-04-16T12:51:53+00:00\" \/>\n<meta property=\"article:modified_time\" content=\"2024-04-16T12:53:34+00:00\" \/>\n<meta property=\"og:image\" content=\"https:\/\/www.ummto.dz\/fsecsg\/wp-content\/uploads\/2023\/02\/infos.jpg\" \/>\n\t<meta property=\"og:image:width\" content=\"259\" \/>\n\t<meta property=\"og:image:height\" content=\"194\" \/>\n\t<meta property=\"og:image:type\" content=\"image\/jpeg\" \/>\n<meta name=\"author\" content=\"FSECSG\" \/>\n<meta name=\"twitter:card\" content=\"summary_large_image\" \/>\n<meta name=\"twitter:label1\" content=\"\u00c9crit par\" \/>\n\t<meta name=\"twitter:data1\" content=\"FSECSG\" \/>\n\t<meta name=\"twitter:label2\" content=\"Dur\u00e9e de lecture estim\u00e9e\" \/>\n\t<meta name=\"twitter:data2\" content=\"1 minute\" \/>\n<script type=\"application\/ld+json\" class=\"yoast-schema-graph\">{\"@context\":\"https:\\\/\\\/schema.org\",\"@graph\":[{\"@type\":\"Article\",\"@id\":\"https:\\\/\\\/www.ummto.dz\\\/fsecsg\\\/avis-aux-etudiants-de-3eme-annee-management\\\/#article\",\"isPartOf\":{\"@id\":\"https:\\\/\\\/www.ummto.dz\\\/fsecsg\\\/avis-aux-etudiants-de-3eme-annee-management\\\/\"},\"author\":{\"name\":\"FSECSG\",\"@id\":\"https:\\\/\\\/www.ummto.dz\\\/fsecsg\\\/#\\\/schema\\\/person\\\/c5f2e51b7d49f0febe1a7d8e53b452e3\"},\"headline\":\"Avis aux \u00e9tudiants de 3\u00e8me ann\u00e9e Management.\",\"datePublished\":\"2024-04-16T12:51:53+00:00\",\"dateModified\":\"2024-04-16T12:53:34+00:00\",\"mainEntityOfPage\":{\"@id\":\"https:\\\/\\\/www.ummto.dz\\\/fsecsg\\\/avis-aux-etudiants-de-3eme-annee-management\\\/\"},\"wordCount\":142,\"image\":{\"@id\":\"https:\\\/\\\/www.ummto.dz\\\/fsecsg\\\/avis-aux-etudiants-de-3eme-annee-management\\\/#primaryimage\"},\"thumbnailUrl\":\"https:\\\/\\\/www.ummto.dz\\\/fsecsg\\\/wp-content\\\/uploads\\\/2023\\\/02\\\/infos.jpg\",\"articleSection\":[\"Sc gestion\"],\"inLanguage\":\"fr-FR\"},{\"@type\":\"WebPage\",\"@id\":\"https:\\\/\\\/www.ummto.dz\\\/fsecsg\\\/avis-aux-etudiants-de-3eme-annee-management\\\/\",\"url\":\"https:\\\/\\\/www.ummto.dz\\\/fsecsg\\\/avis-aux-etudiants-de-3eme-annee-management\\\/\",\"name\":\"Avis aux \u00e9tudiants de 3\u00e8me ann\u00e9e Management. - Facult\u00e9 des Sciences Economiques, Commerciales et des Sciences de Gestion\",\"isPartOf\":{\"@id\":\"https:\\\/\\\/www.ummto.dz\\\/fsecsg\\\/#website\"},\"primaryImageOfPage\":{\"@id\":\"https:\\\/\\\/www.ummto.dz\\\/fsecsg\\\/avis-aux-etudiants-de-3eme-annee-management\\\/#primaryimage\"},\"image\":{\"@id\":\"https:\\\/\\\/www.ummto.dz\\\/fsecsg\\\/avis-aux-etudiants-de-3eme-annee-management\\\/#primaryimage\"},\"thumbnailUrl\":\"https:\\\/\\\/www.ummto.dz\\\/fsecsg\\\/wp-content\\\/uploads\\\/2023\\\/02\\\/infos.jpg\",\"datePublished\":\"2024-04-16T12:51:53+00:00\",\"dateModified\":\"2024-04-16T12:53:34+00:00\",\"author\":{\"@id\":\"https:\\\/\\\/www.ummto.dz\\\/fsecsg\\\/#\\\/schema\\\/person\\\/c5f2e51b7d49f0febe1a7d8e53b452e3\"},\"breadcrumb\":{\"@id\":\"https:\\\/\\\/www.ummto.dz\\\/fsecsg\\\/avis-aux-etudiants-de-3eme-annee-management\\\/#breadcrumb\"},\"inLanguage\":\"fr-FR\",\"potentialAction\":[{\"@type\":\"ReadAction\",\"target\":[\"https:\\\/\\\/www.ummto.dz\\\/fsecsg\\\/avis-aux-etudiants-de-3eme-annee-management\\\/\"]}]},{\"@type\":\"ImageObject\",\"inLanguage\":\"fr-FR\",\"@id\":\"https:\\\/\\\/www.ummto.dz\\\/fsecsg\\\/avis-aux-etudiants-de-3eme-annee-management\\\/#primaryimage\",\"url\":\"https:\\\/\\\/www.ummto.dz\\\/fsecsg\\\/wp-content\\\/uploads\\\/2023\\\/02\\\/infos.jpg\",\"contentUrl\":\"https:\\\/\\\/www.ummto.dz\\\/fsecsg\\\/wp-content\\\/uploads\\\/2023\\\/02\\\/infos.jpg\",\"width\":259,\"height\":194},{\"@type\":\"BreadcrumbList\",\"@id\":\"https:\\\/\\\/www.ummto.dz\\\/fsecsg\\\/avis-aux-etudiants-de-3eme-annee-management\\\/#breadcrumb\",\"itemListElement\":[{\"@type\":\"ListItem\",\"position\":1,\"name\":\"Accueil\",\"item\":\"https:\\\/\\\/www.ummto.dz\\\/fsecsg\\\/\"},{\"@type\":\"ListItem\",\"position\":2,\"name\":\"Avis aux \u00e9tudiants de 3\u00e8me ann\u00e9e Management.\"}]},{\"@type\":\"WebSite\",\"@id\":\"https:\\\/\\\/www.ummto.dz\\\/fsecsg\\\/#website\",\"url\":\"https:\\\/\\\/www.ummto.dz\\\/fsecsg\\\/\",\"name\":\"Facult\u00e9 des Sciences Economiques, Commerciales et des Sciences de Gestion\",\"description\":\"Universit\u00e9 Mouloud Mammeri de Tizi Ouzou\",\"potentialAction\":[{\"@type\":\"SearchAction\",\"target\":{\"@type\":\"EntryPoint\",\"urlTemplate\":\"https:\\\/\\\/www.ummto.dz\\\/fsecsg\\\/?s={search_term_string}\"},\"query-input\":{\"@type\":\"PropertyValueSpecification\",\"valueRequired\":true,\"valueName\":\"search_term_string\"}}],\"inLanguage\":\"fr-FR\"},{\"@type\":\"Person\",\"@id\":\"https:\\\/\\\/www.ummto.dz\\\/fsecsg\\\/#\\\/schema\\\/person\\\/c5f2e51b7d49f0febe1a7d8e53b452e3\",\"name\":\"FSECSG\",\"url\":\"https:\\\/\\\/www.ummto.dz\\\/fsecsg\\\/author\\\/fsecsg\\\/\"}]}<\/script>\n<!-- \/ Yoast SEO plugin. -->","yoast_head_json":{"title":"Avis aux \u00e9tudiants de 3\u00e8me ann\u00e9e Management. - Facult\u00e9 des Sciences Economiques, Commerciales et des Sciences de Gestion","robots":{"index":"index","follow":"follow","max-snippet":"max-snippet:-1","max-image-preview":"max-image-preview:large","max-video-preview":"max-video-preview:-1"},"canonical":"https:\/\/www.ummto.dz\/fsecsg\/avis-aux-etudiants-de-3eme-annee-management\/","og_locale":"fr_FR","og_type":"article","og_title":"Avis aux \u00e9tudiants de 3\u00e8me ann\u00e9e Management. - Facult\u00e9 des Sciences Economiques, Commerciales et des Sciences de Gestion","og_description":"Les \u00e9tudiants de 3eme ann\u00e9e Management sont inform\u00e9s qu'une s\u00e9ance de r\u00e9cup\u00e9ration du cours \"Management de la qualit\u00e9 \"est programm\u00e9e pour Mardi 23 avril 2024 \u00e0 8h au niveau de la salle 01 du d\u00e9partement des Sciences de Gestion\".\u00a0 M. Zerkhefaoui\u00a0","og_url":"https:\/\/www.ummto.dz\/fsecsg\/avis-aux-etudiants-de-3eme-annee-management\/","og_site_name":"Facult\u00e9 des Sciences Economiques, Commerciales et des Sciences de Gestion","article_published_time":"2024-04-16T12:51:53+00:00","article_modified_time":"2024-04-16T12:53:34+00:00","og_image":[{"width":259,"height":194,"url":"https:\/\/www.ummto.dz\/fsecsg\/wp-content\/uploads\/2023\/02\/infos.jpg","type":"image\/jpeg"}],"author":"FSECSG","twitter_card":"summary_large_image","twitter_misc":{"\u00c9crit par":"FSECSG","Dur\u00e9e de lecture estim\u00e9e":"1 minute"},"schema":{"@context":"https:\/\/schema.org","@graph":[{"@type":"Article","@id":"https:\/\/www.ummto.dz\/fsecsg\/avis-aux-etudiants-de-3eme-annee-management\/#article","isPartOf":{"@id":"https:\/\/www.ummto.dz\/fsecsg\/avis-aux-etudiants-de-3eme-annee-management\/"},"author":{"name":"FSECSG","@id":"https:\/\/www.ummto.dz\/fsecsg\/#\/schema\/person\/c5f2e51b7d49f0febe1a7d8e53b452e3"},"headline":"Avis aux \u00e9tudiants de 3\u00e8me ann\u00e9e Management.","datePublished":"2024-04-16T12:51:53+00:00","dateModified":"2024-04-16T12:53:34+00:00","mainEntityOfPage":{"@id":"https:\/\/www.ummto.dz\/fsecsg\/avis-aux-etudiants-de-3eme-annee-management\/"},"wordCount":142,"image":{"@id":"https:\/\/www.ummto.dz\/fsecsg\/avis-aux-etudiants-de-3eme-annee-management\/#primaryimage"},"thumbnailUrl":"https:\/\/www.ummto.dz\/fsecsg\/wp-content\/uploads\/2023\/02\/infos.jpg","articleSection":["Sc gestion"],"inLanguage":"fr-FR"},{"@type":"WebPage","@id":"https:\/\/www.ummto.dz\/fsecsg\/avis-aux-etudiants-de-3eme-annee-management\/","url":"https:\/\/www.ummto.dz\/fsecsg\/avis-aux-etudiants-de-3eme-annee-management\/","name":"Avis aux \u00e9tudiants de 3\u00e8me ann\u00e9e Management. - Facult\u00e9 des Sciences Economiques, Commerciales et des Sciences de Gestion","isPartOf":{"@id":"https:\/\/www.ummto.dz\/fsecsg\/#website"},"primaryImageOfPage":{"@id":"https:\/\/www.ummto.dz\/fsecsg\/avis-aux-etudiants-de-3eme-annee-management\/#primaryimage"},"image":{"@id":"https:\/\/www.ummto.dz\/fsecsg\/avis-aux-etudiants-de-3eme-annee-management\/#primaryimage"},"thumbnailUrl":"https:\/\/www.ummto.dz\/fsecsg\/wp-content\/uploads\/2023\/02\/infos.jpg","datePublished":"2024-04-16T12:51:53+00:00","dateModified":"2024-04-16T12:53:34+00:00","author":{"@id":"https:\/\/www.ummto.dz\/fsecsg\/#\/schema\/person\/c5f2e51b7d49f0febe1a7d8e53b452e3"},"breadcrumb":{"@id":"https:\/\/www.ummto.dz\/fsecsg\/avis-aux-etudiants-de-3eme-annee-management\/#breadcrumb"},"inLanguage":"fr-FR","potentialAction":[{"@type":"ReadAction","target":["https:\/\/www.ummto.dz\/fsecsg\/avis-aux-etudiants-de-3eme-annee-management\/"]}]},{"@type":"ImageObject","inLanguage":"fr-FR","@id":"https:\/\/www.ummto.dz\/fsecsg\/avis-aux-etudiants-de-3eme-annee-management\/#primaryimage","url":"https:\/\/www.ummto.dz\/fsecsg\/wp-content\/uploads\/2023\/02\/infos.jpg","contentUrl":"https:\/\/www.ummto.dz\/fsecsg\/wp-content\/uploads\/2023\/02\/infos.jpg","width":259,"height":194},{"@type":"BreadcrumbList","@id":"https:\/\/www.ummto.dz\/fsecsg\/avis-aux-etudiants-de-3eme-annee-management\/#breadcrumb","itemListElement":[{"@type":"ListItem","position":1,"name":"Accueil","item":"https:\/\/www.ummto.dz\/fsecsg\/"},{"@type":"ListItem","position":2,"name":"Avis aux \u00e9tudiants de 3\u00e8me ann\u00e9e Management."}]},{"@type":"WebSite","@id":"https:\/\/www.ummto.dz\/fsecsg\/#website","url":"https:\/\/www.ummto.dz\/fsecsg\/","name":"Facult\u00e9 des Sciences Economiques, Commerciales et des Sciences de Gestion","description":"Universit\u00e9 Mouloud Mammeri de Tizi Ouzou","potentialAction":[{"@type":"SearchAction","target":{"@type":"EntryPoint","urlTemplate":"https:\/\/www.ummto.dz\/fsecsg\/?s={search_term_string}"},"query-input":{"@type":"PropertyValueSpecification","valueRequired":true,"valueName":"search_term_string"}}],"inLanguage":"fr-FR"},{"@type":"Person","@id":"https:\/\/www.ummto.dz\/fsecsg\/#\/schema\/person\/c5f2e51b7d49f0febe1a7d8e53b452e3","name":"FSECSG","url":"https:\/\/www.ummto.dz\/fsecsg\/author\/fsecsg\/"}]}},"_links":{"self":[{"href":"https:\/\/www.ummto.dz\/fsecsg\/wp-json\/wp\/v2\/posts\/85553","targetHints":{"allow":["GET"]}}],"collection":[{"href":"https:\/\/www.ummto.dz\/fsecsg\/wp-json\/wp\/v2\/posts"}],"about":[{"href":"https:\/\/www.ummto.dz\/fsecsg\/wp-json\/wp\/v2\/types\/post"}],"author":[{"embeddable":true,"href":"https:\/\/www.ummto.dz\/fsecsg\/wp-json\/wp\/v2\/users\/4"}],"replies":[{"embeddable":true,"href":"https:\/\/www.ummto.dz\/fsecsg\/wp-json\/wp\/v2\/comments?post=85553"}],"version-history":[{"count":3,"href":"https:\/\/www.ummto.dz\/fsecsg\/wp-json\/wp\/v2\/posts\/85553\/revisions"}],"predecessor-version":[{"id":85556,"href":"https:\/\/www.ummto.dz\/fsecsg\/wp-json\/wp\/v2\/posts\/85553\/revisions\/85556"}],"wp:featuredmedia":[{"embeddable":true,"href":"https:\/\/www.ummto.dz\/fsecsg\/wp-json\/wp\/v2\/media\/71261"}],"wp:attachment":[{"href":"https:\/\/www.ummto.dz\/fsecsg\/wp-json\/wp\/v2\/media?parent=85553"}],"wp:term":[{"taxonomy":"category","embeddable":true,"href":"https:\/\/www.ummto.dz\/fsecsg\/wp-json\/wp\/v2\/categories?post=85553"},{"taxonomy":"post_tag","embeddable":true,"href":"https:\/\/www.ummto.dz\/fsecsg\/wp-json\/wp\/v2\/tags?post=85553"}],"curies":[{"name":"wp","href":"https:\/\/api.w.org\/{rel}","templated":true}]}}