{"id":88027,"date":"2024-10-03T11:03:04","date_gmt":"2024-10-03T09:03:04","guid":{"rendered":"https:\/\/www.ummto.dz\/fsecsg\/?p=88027"},"modified":"2024-10-03T11:25:41","modified_gmt":"2024-10-03T09:25:41","slug":"avis-aux-etudiants-en-m1-et-m2-gestion-publique","status":"publish","type":"post","link":"https:\/\/www.ummto.dz\/fsecsg\/avis-aux-etudiants-en-m1-et-m2-gestion-publique\/","title":{"rendered":"Avis aux \u00e9tudiants en M1 et M2 gestion publique."},"content":{"rendered":"[et_pb_section fb_built=\u00a0\u00bb1&Prime; admin_label=\u00a0\u00bbsection\u00a0\u00bb _builder_version=\u00a0\u00bb4.16&Prime; global_colors_info=\u00a0\u00bb{}\u00a0\u00bb][et_pb_row admin_label=\u00a0\u00bbrow\u00a0\u00bb _builder_version=\u00a0\u00bb4.16&Prime; background_size=\u00a0\u00bbinitial\u00a0\u00bb background_position=\u00a0\u00bbtop_left\u00a0\u00bb background_repeat=\u00a0\u00bbrepeat\u00a0\u00bb global_colors_info=\u00a0\u00bb{}\u00a0\u00bb width=\u00a0\u00bb100%\u00a0\u00bb][et_pb_column type=\u00a0\u00bb4_4&Prime; _builder_version=\u00a0\u00bb4.16&Prime; custom_padding=\u00a0\u00bb|||\u00a0\u00bb global_colors_info=\u00a0\u00bb{}\u00a0\u00bb custom_padding__hover=\u00a0\u00bb|||\u00a0\u00bb][et_pb_text admin_label=\u00a0\u00bbText\u00a0\u00bb _builder_version=\u00a0\u00bb4.27.2&Prime; background_size=\u00a0\u00bbinitial\u00a0\u00bb background_position=\u00a0\u00bbtop_left\u00a0\u00bb background_repeat=\u00a0\u00bbrepeat\u00a0\u00bb hover_enabled=\u00a0\u00bb0&Prime; global_colors_info=\u00a0\u00bb{}\u00a0\u00bb min_height=\u00a0\u00bb184px\u00a0\u00bb sticky_enabled=\u00a0\u00bb0&Prime;]<p>&nbsp;<\/p>\n<div dir=\"auto\"><b>AVIS AUX \u00c9TUDIANTS EN M1 et M2 GESTION PUBLIQUE<\/b><\/div>\n<div dir=\"auto\">&#8212;&#8212;&#8212;&#8212;&#8212;&#8212;&#8212;&#8212;&#8212;&#8212;&#8212;&#8212;&#8212;&#8212;&#8212;&#8212;&#8212;&#8212;&#8212;&#8212;&#8212;&#8212;&#8212;&#8212;&#8211;<\/div>\n<div dir=\"auto\"><span style=\"font-size: large\">Les \u00e9tudiants en<span>\u00a0<\/span><b>M1 et M2 Gestion Publique<\/b><span>\u00a0<\/span>sont inform\u00e9s que les<span>\u00a0<\/span><b>visioconf\u00e9rences hebdomadaires<\/b><span>\u00a0<\/span>de leurs cours sur<span>\u00a0<\/span><b>Google Meet<\/b>, concernant les modules de Droit administratif (M1) et de Droit des \u00e9tablissements publics (M2), auront lieu selon les informations suivantes :<\/span><\/div>\n<div dir=\"auto\"><span style=\"font-size: large\"><span><a><\/a><\/span>________________________________________<\/span><\/div>\n<div dir=\"auto\"><b><span style=\"font-size: large\">1. Master 1 GP &#8211; Visioconf\u00e9rence de Droit administratif<\/span><\/b><\/div>\n<div dir=\"auto\"><span style=\"font-size: large\">\u2022 Jour : Tous les mercredis<\/span><\/div>\n<div dir=\"auto\"><span style=\"font-size: large\">\u2022 Heure : 15h30 \u00e0 17h00<\/span><\/div>\n<div dir=\"auto\"><span style=\"font-size: large\">\u2022 Lien de participation :<span>\u00a0<\/span><span><a href=\"https:\/\/meet.google.com\/mea-owng-zum?fbclid=IwZXh0bgNhZW0CMTAAAR3byGflmTuc4DiarEzGOJ88vL26wMmTrPOymKnnmTd8Ng4PFGfIYAhE24I_aem_eqHhlXrTp5FBXako4yxaoQ\" rel=\"nofollow noopener\" role=\"link\" target=\"_blank\" data-saferedirecturl=\"https:\/\/www.google.com\/url?q=https:\/\/meet.google.com\/mea-owng-zum?fbclid%3DIwZXh0bgNhZW0CMTAAAR3byGflmTuc4DiarEzGOJ88vL26wMmTrPOymKnnmTd8Ng4PFGfIYAhE24I_aem_eqHhlXrTp5FBXako4yxaoQ&amp;source=gmail&amp;ust=1728032368347000&amp;usg=AOvVaw1ZUgliGWArjMzxEL0g_vHc\">meet.google.com\/mea-owng-zum<\/a><\/span><\/span><\/div>\n<div dir=\"auto\"><span style=\"font-size: large\">________________________________________<\/span><\/div>\n<div dir=\"auto\"><b><span style=\"font-size: large\">2. Master 2 GP &#8211; Visioconf\u00e9rence de Droit des \u00e9tablissements publics<\/span><\/b><\/div>\n<div dir=\"auto\"><span style=\"font-size: large\">\u2022 Jour : Tous les jeudis<\/span><\/div>\n<div dir=\"auto\"><span style=\"font-size: large\">\u2022 Heure : 9h30 \u00e0 11h00<\/span><\/div>\n<div dir=\"auto\"><span style=\"font-size: large\">\u2022 Lien de participation :<span>\u00a0<\/span><span><a href=\"https:\/\/meet.google.com\/cty-gkoj-bvh?fbclid=IwZXh0bgNhZW0CMTAAAR3_68StyKfTYUDkXWiO7vRMt0b88j4OBCJGa2HGsV5SkrLqzEIrZFjqy5Q_aem_otJ3JCeWyVtP8KG3JfIJdg\" rel=\"nofollow noopener\" role=\"link\" target=\"_blank\" data-saferedirecturl=\"https:\/\/www.google.com\/url?q=https:\/\/meet.google.com\/cty-gkoj-bvh?fbclid%3DIwZXh0bgNhZW0CMTAAAR3_68StyKfTYUDkXWiO7vRMt0b88j4OBCJGa2HGsV5SkrLqzEIrZFjqy5Q_aem_otJ3JCeWyVtP8KG3JfIJdg&amp;source=gmail&amp;ust=1728032368347000&amp;usg=AOvVaw2PuqRKUgaFz6fPgG07nV_I\">meet.google.com\/cty-gkoj-bvh<\/a><\/span><\/span><\/div>\n<p><\/p>[\/et_pb_text][\/et_pb_column][\/et_pb_row][\/et_pb_section]","protected":false},"excerpt":{"rendered":"<p>&nbsp; AVIS AUX \u00c9TUDIANTS EN M1 et M2 GESTION PUBLIQUE &#8212;&#8212;&#8212;&#8212;&#8212;&#8212;&#8212;&#8212;&#8212;&#8212;&#8212;&#8212;&#8212;&#8212;&#8212;&#8212;&#8212;&#8212;&#8212;&#8212;&#8212;&#8212;&#8212;&#8212;&#8211; Les \u00e9tudiants en\u00a0M1 et M2 Gestion Publique\u00a0sont inform\u00e9s que les\u00a0visioconf\u00e9rences hebdomadaires\u00a0de leurs cours sur\u00a0Google Meet, concernant les modules de Droit administratif (M1) et de Droit des \u00e9tablissements publics (M2), auront lieu selon les informations suivantes : ________________________________________ 1. Master 1 GP &#8211; Visioconf\u00e9rence de [&hellip;]<\/p>\n","protected":false},"author":4,"featured_media":71261,"comment_status":"closed","ping_status":"closed","sticky":false,"template":"","format":"standard","meta":{"_et_pb_use_builder":"on","_et_pb_old_content":"<!-- wp:divi\/placeholder \/-->","_et_gb_content_width":"","footnotes":""},"categories":[24],"tags":[],"class_list":["post-88027","post","type-post","status-publish","format-standard","has-post-thumbnail","hentry","category-new-dep-sc-gestion"],"yoast_head":"<!-- This site is optimized with the Yoast SEO plugin v27.3 - https:\/\/yoast.com\/product\/yoast-seo-wordpress\/ -->\n<title>Avis aux \u00e9tudiants en M1 et M2 gestion publique. - Facult\u00e9 des Sciences Economiques, Commerciales et des Sciences de Gestion<\/title>\n<meta name=\"robots\" content=\"index, follow, max-snippet:-1, max-image-preview:large, max-video-preview:-1\" \/>\n<link rel=\"canonical\" href=\"https:\/\/www.ummto.dz\/fsecsg\/avis-aux-etudiants-en-m1-et-m2-gestion-publique\/\" \/>\n<meta property=\"og:locale\" content=\"fr_FR\" \/>\n<meta property=\"og:type\" content=\"article\" \/>\n<meta property=\"og:title\" content=\"Avis aux \u00e9tudiants en M1 et M2 gestion publique. - Facult\u00e9 des Sciences Economiques, Commerciales et des Sciences de Gestion\" \/>\n<meta property=\"og:description\" content=\"&nbsp; AVIS AUX \u00c9TUDIANTS EN M1 et M2 GESTION PUBLIQUE -------------------------------------------------------------------------- Les \u00e9tudiants en\u00a0M1 et M2 Gestion Publique\u00a0sont inform\u00e9s que les\u00a0visioconf\u00e9rences hebdomadaires\u00a0de leurs cours sur\u00a0Google Meet, concernant les modules de Droit administratif (M1) et de Droit des \u00e9tablissements publics (M2), auront lieu selon les informations suivantes : ________________________________________ 1. Master 1 GP - Visioconf\u00e9rence de [&hellip;]\" \/>\n<meta property=\"og:url\" content=\"https:\/\/www.ummto.dz\/fsecsg\/avis-aux-etudiants-en-m1-et-m2-gestion-publique\/\" \/>\n<meta property=\"og:site_name\" content=\"Facult\u00e9 des Sciences Economiques, Commerciales et des Sciences de Gestion\" \/>\n<meta property=\"article:published_time\" content=\"2024-10-03T09:03:04+00:00\" \/>\n<meta property=\"article:modified_time\" content=\"2024-10-03T09:25:41+00:00\" \/>\n<meta property=\"og:image\" content=\"https:\/\/www.ummto.dz\/fsecsg\/wp-content\/uploads\/2023\/02\/infos.jpg\" \/>\n\t<meta property=\"og:image:width\" content=\"259\" \/>\n\t<meta property=\"og:image:height\" content=\"194\" \/>\n\t<meta property=\"og:image:type\" content=\"image\/jpeg\" \/>\n<meta name=\"author\" content=\"FSECSG\" \/>\n<meta name=\"twitter:card\" content=\"summary_large_image\" \/>\n<meta name=\"twitter:label1\" content=\"\u00c9crit par\" \/>\n\t<meta name=\"twitter:data1\" content=\"FSECSG\" \/>\n\t<meta name=\"twitter:label2\" content=\"Dur\u00e9e de lecture estim\u00e9e\" \/>\n\t<meta name=\"twitter:data2\" content=\"1 minute\" \/>\n<script type=\"application\/ld+json\" class=\"yoast-schema-graph\">{\"@context\":\"https:\\\/\\\/schema.org\",\"@graph\":[{\"@type\":\"Article\",\"@id\":\"https:\\\/\\\/www.ummto.dz\\\/fsecsg\\\/avis-aux-etudiants-en-m1-et-m2-gestion-publique\\\/#article\",\"isPartOf\":{\"@id\":\"https:\\\/\\\/www.ummto.dz\\\/fsecsg\\\/avis-aux-etudiants-en-m1-et-m2-gestion-publique\\\/\"},\"author\":{\"name\":\"FSECSG\",\"@id\":\"https:\\\/\\\/www.ummto.dz\\\/fsecsg\\\/#\\\/schema\\\/person\\\/c5f2e51b7d49f0febe1a7d8e53b452e3\"},\"headline\":\"Avis aux \u00e9tudiants en M1 et M2 gestion publique.\",\"datePublished\":\"2024-10-03T09:03:04+00:00\",\"dateModified\":\"2024-10-03T09:25:41+00:00\",\"mainEntityOfPage\":{\"@id\":\"https:\\\/\\\/www.ummto.dz\\\/fsecsg\\\/avis-aux-etudiants-en-m1-et-m2-gestion-publique\\\/\"},\"wordCount\":197,\"image\":{\"@id\":\"https:\\\/\\\/www.ummto.dz\\\/fsecsg\\\/avis-aux-etudiants-en-m1-et-m2-gestion-publique\\\/#primaryimage\"},\"thumbnailUrl\":\"https:\\\/\\\/www.ummto.dz\\\/fsecsg\\\/wp-content\\\/uploads\\\/2023\\\/02\\\/infos.jpg\",\"articleSection\":[\"Sc gestion\"],\"inLanguage\":\"fr-FR\"},{\"@type\":\"WebPage\",\"@id\":\"https:\\\/\\\/www.ummto.dz\\\/fsecsg\\\/avis-aux-etudiants-en-m1-et-m2-gestion-publique\\\/\",\"url\":\"https:\\\/\\\/www.ummto.dz\\\/fsecsg\\\/avis-aux-etudiants-en-m1-et-m2-gestion-publique\\\/\",\"name\":\"Avis aux \u00e9tudiants en M1 et M2 gestion publique. - Facult\u00e9 des Sciences Economiques, Commerciales et des Sciences de Gestion\",\"isPartOf\":{\"@id\":\"https:\\\/\\\/www.ummto.dz\\\/fsecsg\\\/#website\"},\"primaryImageOfPage\":{\"@id\":\"https:\\\/\\\/www.ummto.dz\\\/fsecsg\\\/avis-aux-etudiants-en-m1-et-m2-gestion-publique\\\/#primaryimage\"},\"image\":{\"@id\":\"https:\\\/\\\/www.ummto.dz\\\/fsecsg\\\/avis-aux-etudiants-en-m1-et-m2-gestion-publique\\\/#primaryimage\"},\"thumbnailUrl\":\"https:\\\/\\\/www.ummto.dz\\\/fsecsg\\\/wp-content\\\/uploads\\\/2023\\\/02\\\/infos.jpg\",\"datePublished\":\"2024-10-03T09:03:04+00:00\",\"dateModified\":\"2024-10-03T09:25:41+00:00\",\"author\":{\"@id\":\"https:\\\/\\\/www.ummto.dz\\\/fsecsg\\\/#\\\/schema\\\/person\\\/c5f2e51b7d49f0febe1a7d8e53b452e3\"},\"breadcrumb\":{\"@id\":\"https:\\\/\\\/www.ummto.dz\\\/fsecsg\\\/avis-aux-etudiants-en-m1-et-m2-gestion-publique\\\/#breadcrumb\"},\"inLanguage\":\"fr-FR\",\"potentialAction\":[{\"@type\":\"ReadAction\",\"target\":[\"https:\\\/\\\/www.ummto.dz\\\/fsecsg\\\/avis-aux-etudiants-en-m1-et-m2-gestion-publique\\\/\"]}]},{\"@type\":\"ImageObject\",\"inLanguage\":\"fr-FR\",\"@id\":\"https:\\\/\\\/www.ummto.dz\\\/fsecsg\\\/avis-aux-etudiants-en-m1-et-m2-gestion-publique\\\/#primaryimage\",\"url\":\"https:\\\/\\\/www.ummto.dz\\\/fsecsg\\\/wp-content\\\/uploads\\\/2023\\\/02\\\/infos.jpg\",\"contentUrl\":\"https:\\\/\\\/www.ummto.dz\\\/fsecsg\\\/wp-content\\\/uploads\\\/2023\\\/02\\\/infos.jpg\",\"width\":259,\"height\":194},{\"@type\":\"BreadcrumbList\",\"@id\":\"https:\\\/\\\/www.ummto.dz\\\/fsecsg\\\/avis-aux-etudiants-en-m1-et-m2-gestion-publique\\\/#breadcrumb\",\"itemListElement\":[{\"@type\":\"ListItem\",\"position\":1,\"name\":\"Accueil\",\"item\":\"https:\\\/\\\/www.ummto.dz\\\/fsecsg\\\/\"},{\"@type\":\"ListItem\",\"position\":2,\"name\":\"Avis aux \u00e9tudiants en M1 et M2 gestion publique.\"}]},{\"@type\":\"WebSite\",\"@id\":\"https:\\\/\\\/www.ummto.dz\\\/fsecsg\\\/#website\",\"url\":\"https:\\\/\\\/www.ummto.dz\\\/fsecsg\\\/\",\"name\":\"Facult\u00e9 des Sciences Economiques, Commerciales et des Sciences de Gestion\",\"description\":\"Universit\u00e9 Mouloud Mammeri de Tizi Ouzou\",\"potentialAction\":[{\"@type\":\"SearchAction\",\"target\":{\"@type\":\"EntryPoint\",\"urlTemplate\":\"https:\\\/\\\/www.ummto.dz\\\/fsecsg\\\/?s={search_term_string}\"},\"query-input\":{\"@type\":\"PropertyValueSpecification\",\"valueRequired\":true,\"valueName\":\"search_term_string\"}}],\"inLanguage\":\"fr-FR\"},{\"@type\":\"Person\",\"@id\":\"https:\\\/\\\/www.ummto.dz\\\/fsecsg\\\/#\\\/schema\\\/person\\\/c5f2e51b7d49f0febe1a7d8e53b452e3\",\"name\":\"FSECSG\",\"url\":\"https:\\\/\\\/www.ummto.dz\\\/fsecsg\\\/author\\\/fsecsg\\\/\"}]}<\/script>\n<!-- \/ Yoast SEO plugin. -->","yoast_head_json":{"title":"Avis aux \u00e9tudiants en M1 et M2 gestion publique. - Facult\u00e9 des Sciences Economiques, Commerciales et des Sciences de Gestion","robots":{"index":"index","follow":"follow","max-snippet":"max-snippet:-1","max-image-preview":"max-image-preview:large","max-video-preview":"max-video-preview:-1"},"canonical":"https:\/\/www.ummto.dz\/fsecsg\/avis-aux-etudiants-en-m1-et-m2-gestion-publique\/","og_locale":"fr_FR","og_type":"article","og_title":"Avis aux \u00e9tudiants en M1 et M2 gestion publique. - Facult\u00e9 des Sciences Economiques, Commerciales et des Sciences de Gestion","og_description":"&nbsp; AVIS AUX \u00c9TUDIANTS EN M1 et M2 GESTION PUBLIQUE -------------------------------------------------------------------------- Les \u00e9tudiants en\u00a0M1 et M2 Gestion Publique\u00a0sont inform\u00e9s que les\u00a0visioconf\u00e9rences hebdomadaires\u00a0de leurs cours sur\u00a0Google Meet, concernant les modules de Droit administratif (M1) et de Droit des \u00e9tablissements publics (M2), auront lieu selon les informations suivantes : ________________________________________ 1. Master 1 GP - Visioconf\u00e9rence de [&hellip;]","og_url":"https:\/\/www.ummto.dz\/fsecsg\/avis-aux-etudiants-en-m1-et-m2-gestion-publique\/","og_site_name":"Facult\u00e9 des Sciences Economiques, Commerciales et des Sciences de Gestion","article_published_time":"2024-10-03T09:03:04+00:00","article_modified_time":"2024-10-03T09:25:41+00:00","og_image":[{"width":259,"height":194,"url":"https:\/\/www.ummto.dz\/fsecsg\/wp-content\/uploads\/2023\/02\/infos.jpg","type":"image\/jpeg"}],"author":"FSECSG","twitter_card":"summary_large_image","twitter_misc":{"\u00c9crit par":"FSECSG","Dur\u00e9e de lecture estim\u00e9e":"1 minute"},"schema":{"@context":"https:\/\/schema.org","@graph":[{"@type":"Article","@id":"https:\/\/www.ummto.dz\/fsecsg\/avis-aux-etudiants-en-m1-et-m2-gestion-publique\/#article","isPartOf":{"@id":"https:\/\/www.ummto.dz\/fsecsg\/avis-aux-etudiants-en-m1-et-m2-gestion-publique\/"},"author":{"name":"FSECSG","@id":"https:\/\/www.ummto.dz\/fsecsg\/#\/schema\/person\/c5f2e51b7d49f0febe1a7d8e53b452e3"},"headline":"Avis aux \u00e9tudiants en M1 et M2 gestion publique.","datePublished":"2024-10-03T09:03:04+00:00","dateModified":"2024-10-03T09:25:41+00:00","mainEntityOfPage":{"@id":"https:\/\/www.ummto.dz\/fsecsg\/avis-aux-etudiants-en-m1-et-m2-gestion-publique\/"},"wordCount":197,"image":{"@id":"https:\/\/www.ummto.dz\/fsecsg\/avis-aux-etudiants-en-m1-et-m2-gestion-publique\/#primaryimage"},"thumbnailUrl":"https:\/\/www.ummto.dz\/fsecsg\/wp-content\/uploads\/2023\/02\/infos.jpg","articleSection":["Sc gestion"],"inLanguage":"fr-FR"},{"@type":"WebPage","@id":"https:\/\/www.ummto.dz\/fsecsg\/avis-aux-etudiants-en-m1-et-m2-gestion-publique\/","url":"https:\/\/www.ummto.dz\/fsecsg\/avis-aux-etudiants-en-m1-et-m2-gestion-publique\/","name":"Avis aux \u00e9tudiants en M1 et M2 gestion publique. - Facult\u00e9 des Sciences Economiques, Commerciales et des Sciences de Gestion","isPartOf":{"@id":"https:\/\/www.ummto.dz\/fsecsg\/#website"},"primaryImageOfPage":{"@id":"https:\/\/www.ummto.dz\/fsecsg\/avis-aux-etudiants-en-m1-et-m2-gestion-publique\/#primaryimage"},"image":{"@id":"https:\/\/www.ummto.dz\/fsecsg\/avis-aux-etudiants-en-m1-et-m2-gestion-publique\/#primaryimage"},"thumbnailUrl":"https:\/\/www.ummto.dz\/fsecsg\/wp-content\/uploads\/2023\/02\/infos.jpg","datePublished":"2024-10-03T09:03:04+00:00","dateModified":"2024-10-03T09:25:41+00:00","author":{"@id":"https:\/\/www.ummto.dz\/fsecsg\/#\/schema\/person\/c5f2e51b7d49f0febe1a7d8e53b452e3"},"breadcrumb":{"@id":"https:\/\/www.ummto.dz\/fsecsg\/avis-aux-etudiants-en-m1-et-m2-gestion-publique\/#breadcrumb"},"inLanguage":"fr-FR","potentialAction":[{"@type":"ReadAction","target":["https:\/\/www.ummto.dz\/fsecsg\/avis-aux-etudiants-en-m1-et-m2-gestion-publique\/"]}]},{"@type":"ImageObject","inLanguage":"fr-FR","@id":"https:\/\/www.ummto.dz\/fsecsg\/avis-aux-etudiants-en-m1-et-m2-gestion-publique\/#primaryimage","url":"https:\/\/www.ummto.dz\/fsecsg\/wp-content\/uploads\/2023\/02\/infos.jpg","contentUrl":"https:\/\/www.ummto.dz\/fsecsg\/wp-content\/uploads\/2023\/02\/infos.jpg","width":259,"height":194},{"@type":"BreadcrumbList","@id":"https:\/\/www.ummto.dz\/fsecsg\/avis-aux-etudiants-en-m1-et-m2-gestion-publique\/#breadcrumb","itemListElement":[{"@type":"ListItem","position":1,"name":"Accueil","item":"https:\/\/www.ummto.dz\/fsecsg\/"},{"@type":"ListItem","position":2,"name":"Avis aux \u00e9tudiants en M1 et M2 gestion publique."}]},{"@type":"WebSite","@id":"https:\/\/www.ummto.dz\/fsecsg\/#website","url":"https:\/\/www.ummto.dz\/fsecsg\/","name":"Facult\u00e9 des Sciences Economiques, Commerciales et des Sciences de Gestion","description":"Universit\u00e9 Mouloud Mammeri de Tizi Ouzou","potentialAction":[{"@type":"SearchAction","target":{"@type":"EntryPoint","urlTemplate":"https:\/\/www.ummto.dz\/fsecsg\/?s={search_term_string}"},"query-input":{"@type":"PropertyValueSpecification","valueRequired":true,"valueName":"search_term_string"}}],"inLanguage":"fr-FR"},{"@type":"Person","@id":"https:\/\/www.ummto.dz\/fsecsg\/#\/schema\/person\/c5f2e51b7d49f0febe1a7d8e53b452e3","name":"FSECSG","url":"https:\/\/www.ummto.dz\/fsecsg\/author\/fsecsg\/"}]}},"_links":{"self":[{"href":"https:\/\/www.ummto.dz\/fsecsg\/wp-json\/wp\/v2\/posts\/88027","targetHints":{"allow":["GET"]}}],"collection":[{"href":"https:\/\/www.ummto.dz\/fsecsg\/wp-json\/wp\/v2\/posts"}],"about":[{"href":"https:\/\/www.ummto.dz\/fsecsg\/wp-json\/wp\/v2\/types\/post"}],"author":[{"embeddable":true,"href":"https:\/\/www.ummto.dz\/fsecsg\/wp-json\/wp\/v2\/users\/4"}],"replies":[{"embeddable":true,"href":"https:\/\/www.ummto.dz\/fsecsg\/wp-json\/wp\/v2\/comments?post=88027"}],"version-history":[{"count":3,"href":"https:\/\/www.ummto.dz\/fsecsg\/wp-json\/wp\/v2\/posts\/88027\/revisions"}],"predecessor-version":[{"id":88030,"href":"https:\/\/www.ummto.dz\/fsecsg\/wp-json\/wp\/v2\/posts\/88027\/revisions\/88030"}],"wp:featuredmedia":[{"embeddable":true,"href":"https:\/\/www.ummto.dz\/fsecsg\/wp-json\/wp\/v2\/media\/71261"}],"wp:attachment":[{"href":"https:\/\/www.ummto.dz\/fsecsg\/wp-json\/wp\/v2\/media?parent=88027"}],"wp:term":[{"taxonomy":"category","embeddable":true,"href":"https:\/\/www.ummto.dz\/fsecsg\/wp-json\/wp\/v2\/categories?post=88027"},{"taxonomy":"post_tag","embeddable":true,"href":"https:\/\/www.ummto.dz\/fsecsg\/wp-json\/wp\/v2\/tags?post=88027"}],"curies":[{"name":"wp","href":"https:\/\/api.w.org\/{rel}","templated":true}]}}