{"id":88222,"date":"2024-10-13T00:36:36","date_gmt":"2024-10-12T22:36:36","guid":{"rendered":"https:\/\/www.ummto.dz\/fsecsg\/?p=88222"},"modified":"2024-10-13T00:39:52","modified_gmt":"2024-10-12T22:39:52","slug":"opportunite-de-stage-au-bureau-international-du-travail-bit","status":"publish","type":"post","link":"https:\/\/www.ummto.dz\/fsecsg\/opportunite-de-stage-au-bureau-international-du-travail-bit\/","title":{"rendered":"Opportunit\u00e9 de stage au Bureau International du Travail (BIT)."},"content":{"rendered":"[et_pb_section fb_built=\u00a0\u00bb1&Prime; admin_label=\u00a0\u00bbsection\u00a0\u00bb _builder_version=\u00a0\u00bb4.16&Prime; global_colors_info=\u00a0\u00bb{}\u00a0\u00bb][et_pb_row admin_label=\u00a0\u00bbrow\u00a0\u00bb _builder_version=\u00a0\u00bb4.16&Prime; background_size=\u00a0\u00bbinitial\u00a0\u00bb background_position=\u00a0\u00bbtop_left\u00a0\u00bb background_repeat=\u00a0\u00bbrepeat\u00a0\u00bb global_colors_info=\u00a0\u00bb{}\u00a0\u00bb width=\u00a0\u00bb100%\u00a0\u00bb][et_pb_column type=\u00a0\u00bb4_4&Prime; _builder_version=\u00a0\u00bb4.16&Prime; custom_padding=\u00a0\u00bb|||\u00a0\u00bb global_colors_info=\u00a0\u00bb{}\u00a0\u00bb custom_padding__hover=\u00a0\u00bb|||\u00a0\u00bb][et_pb_text admin_label=\u00a0\u00bbText\u00a0\u00bb _builder_version=\u00a0\u00bb4.27.2&Prime; background_size=\u00a0\u00bbinitial\u00a0\u00bb background_position=\u00a0\u00bbtop_left\u00a0\u00bb background_repeat=\u00a0\u00bbrepeat\u00a0\u00bb hover_enabled=\u00a0\u00bb0&Prime; global_colors_info=\u00a0\u00bb{}\u00a0\u00bb sticky_enabled=\u00a0\u00bb0&Prime;]<p>&nbsp;<\/p>\n<div dir=\"auto\"><span style=\"color: #000000\">J&rsquo;ai l&rsquo;honneur de vous informer que le Bureau International du Travail (BIT) lance son Programme stage destin\u00e9 aux \u00e9tudiants de deuxi\u00e8me et troisi\u00e8me cycle ainsi qu&rsquo;aux jeunes dipl\u00f4m\u00e9s afin de leur permettre d&rsquo;acqu\u00e9rir une exp\u00e9rience d&rsquo;apprentissage pratique\u00a0<a style=\"color: #000000\"><\/a>dans des domaines en lien avec le mandat et les activit\u00e9s de cette organisation et de comprendre les enjeux majeurs au niveau international en participant aux travaux du Bureau et \u00e0 la mise en \u0153uvre des valeurs, principes, programmes, politiques et strat\u00e9gie du BIT.<\/span><\/div>\n<div dir=\"auto\"><\/div>\n<div dir=\"auto\"><span style=\"color: #000000\">Vous trouverez, ci-joint, une fiche relative aux crit\u00e8res d&rsquo;\u00e9ligibilit\u00e9 et les conditions applicables aux stages.<\/span><\/div>\n<div dir=\"auto\"><span style=\"color: #000000\">Elle est \u00e9galement consultable sur le lien suivan<\/span>t:<span>\u00a0<\/span><strong><a href=\"https:\/\/jobs.ilo.org\/content\/Internship-FR\/?local=fr_FR&amp;fbclid=IwZXh0bgNhZW0CMTAAAR1JS3cI9oQOx5BH5qXjiyGN4n0Zkqx33iPEiJaxGdV2fILi931_25es1PA_aem_EFN8WuEnKOwzJiCw8fe8Fg\" rel=\"nofollow noopener noreferrer\" role=\"link\" target=\"_blank\" data-saferedirecturl=\"https:\/\/www.google.com\/url?q=https:\/\/jobs.ilo.org\/content\/Internship-FR\/?local%3Dfr_FR%26fbclid%3DIwZXh0bgNhZW0CMTAAAR1JS3cI9oQOx5BH5qXjiyGN4n0Zkqx33iPEiJaxGdV2fILi931_25es1PA_aem_EFN8WuEnKOwzJiCw8fe8Fg&amp;source=gmail&amp;ust=1728857099628000&amp;usg=AOvVaw1dtqLGjMYiYkrQnGGHKiTj\">https:\/\/jobs.ilo.org\/content\/Internship-FR\/?local=fr_FR<\/a><\/strong><\/div>\n<div dir=\"auto\"><\/div>\n<div dir=\"auto\"><span style=\"color: #000000\">Par ailleurs, dans le cadre de l&rsquo;initiative du BIT visant l&rsquo;inclusion des personnes handicap\u00e9es dans ces stages, onze (11) postes seront r\u00e9serv\u00e9s \u00e0 cette cat\u00e9gorie (ci-joint une brochure explicative).<\/span><\/div>\n<div dir=\"auto\"><\/div>\n<div dir=\"auto\"><span style=\"color: #000000\">De plus amples informations sont disponibles sur le lien suivant<\/span> :<\/div>\n<div dir=\"auto\"><strong><a href=\"https:\/\/jobs.ilo.org\/content\/Internships-for-persons-with-distabilities-FR\/?locale=fr_FR&amp;fbclid=IwZXh0bgNhZW0CMTAAAR1cKH_qkzrIopqvCF93_QV8LnCSBdsfmaJ-AcTo8P9SDJWNj-HdZx34t3E_aem_C-6bgpPr0dCxCtH7jR-Xkw\" rel=\"nofollow noopener noreferrer\" role=\"link\" target=\"_blank\" data-saferedirecturl=\"https:\/\/www.google.com\/url?q=https:\/\/jobs.ilo.org\/content\/Internships-for-persons-with-distabilities-FR\/?locale%3Dfr_FR%26fbclid%3DIwZXh0bgNhZW0CMTAAAR1cKH_qkzrIopqvCF93_QV8LnCSBdsfmaJ-AcTo8P9SDJWNj-HdZx34t3E_aem_C-6bgpPr0dCxCtH7jR-Xkw&amp;source=gmail&amp;ust=1728857099628000&amp;usg=AOvVaw1QQhkPIyTU-wzLn70rL78r\">https:\/\/jobs.ilo.org\/&#8230;\/Internships-for-persons-with&#8230;\/&#8230;<\/a><\/strong><\/div>\n<div dir=\"auto\"><span style=\"color: #000000\">Les candidats s\u00e9lectionn\u00e9s peuvent b\u00e9n\u00e9ficier d&rsquo;une prise en charge de transport (billet d&rsquo;avion aller-retour en classe \u00e9conomique).<\/span><\/div>\n<div dir=\"auto\"><span style=\"color: #000000\">Le d\u00e9p\u00f4t des candidatures est ouvert jusqu&rsquo;au 14 octobre 2024.<\/span><\/div>\n<div dir=\"auto\"><span style=\"color: #000000\">Pour les personnes handicap\u00e9es la date est fix\u00e9e pour le 31 octobre 2024.<\/span><\/div>\n<p><\/p>[\/et_pb_text][\/et_pb_column][\/et_pb_row][\/et_pb_section]","protected":false},"excerpt":{"rendered":"<p>&nbsp; J&rsquo;ai l&rsquo;honneur de vous informer que le Bureau International du Travail (BIT) lance son Programme stage destin\u00e9 aux \u00e9tudiants de deuxi\u00e8me et troisi\u00e8me cycle ainsi qu&rsquo;aux jeunes dipl\u00f4m\u00e9s afin de leur permettre d&rsquo;acqu\u00e9rir une exp\u00e9rience d&rsquo;apprentissage pratique\u00a0dans des domaines en lien avec le mandat et les activit\u00e9s de cette organisation et de comprendre les [&hellip;]<\/p>\n","protected":false},"author":4,"featured_media":86315,"comment_status":"closed","ping_status":"closed","sticky":false,"template":"","format":"standard","meta":{"_et_pb_use_builder":"on","_et_pb_old_content":"<!-- wp:divi\/placeholder \/-->","_et_gb_content_width":"","footnotes":""},"categories":[15,24],"tags":[],"class_list":["post-88222","post","type-post","status-publish","format-standard","has-post-thumbnail","hentry","category-actualite","category-new-dep-sc-gestion"],"yoast_head":"<!-- This site is optimized with the Yoast SEO plugin v27.3 - https:\/\/yoast.com\/product\/yoast-seo-wordpress\/ -->\n<title>Opportunit\u00e9 de stage au Bureau International du Travail (BIT). - Facult\u00e9 des Sciences Economiques, Commerciales et des Sciences de Gestion<\/title>\n<meta name=\"robots\" content=\"index, follow, max-snippet:-1, max-image-preview:large, max-video-preview:-1\" \/>\n<link rel=\"canonical\" href=\"https:\/\/www.ummto.dz\/fsecsg\/opportunite-de-stage-au-bureau-international-du-travail-bit\/\" \/>\n<meta property=\"og:locale\" content=\"fr_FR\" \/>\n<meta property=\"og:type\" content=\"article\" \/>\n<meta property=\"og:title\" content=\"Opportunit\u00e9 de stage au Bureau International du Travail (BIT). - Facult\u00e9 des Sciences Economiques, Commerciales et des Sciences de Gestion\" \/>\n<meta property=\"og:description\" content=\"&nbsp; J&#039;ai l&#039;honneur de vous informer que le Bureau International du Travail (BIT) lance son Programme stage destin\u00e9 aux \u00e9tudiants de deuxi\u00e8me et troisi\u00e8me cycle ainsi qu&#039;aux jeunes dipl\u00f4m\u00e9s afin de leur permettre d&#039;acqu\u00e9rir une exp\u00e9rience d&#039;apprentissage pratique\u00a0dans des domaines en lien avec le mandat et les activit\u00e9s de cette organisation et de comprendre les [&hellip;]\" \/>\n<meta property=\"og:url\" content=\"https:\/\/www.ummto.dz\/fsecsg\/opportunite-de-stage-au-bureau-international-du-travail-bit\/\" \/>\n<meta property=\"og:site_name\" content=\"Facult\u00e9 des Sciences Economiques, Commerciales et des Sciences de Gestion\" \/>\n<meta property=\"article:published_time\" content=\"2024-10-12T22:36:36+00:00\" \/>\n<meta property=\"article:modified_time\" content=\"2024-10-12T22:39:52+00:00\" \/>\n<meta property=\"og:image\" content=\"https:\/\/www.ummto.dz\/fsecsg\/wp-content\/uploads\/2024\/05\/newss-g.jpg\" \/>\n\t<meta property=\"og:image:width\" content=\"275\" \/>\n\t<meta property=\"og:image:height\" content=\"184\" \/>\n\t<meta property=\"og:image:type\" content=\"image\/jpeg\" \/>\n<meta name=\"author\" content=\"FSECSG\" \/>\n<meta name=\"twitter:card\" content=\"summary_large_image\" \/>\n<meta name=\"twitter:label1\" content=\"\u00c9crit par\" \/>\n\t<meta name=\"twitter:data1\" content=\"FSECSG\" \/>\n\t<meta name=\"twitter:label2\" content=\"Dur\u00e9e de lecture estim\u00e9e\" \/>\n\t<meta name=\"twitter:data2\" content=\"1 minute\" \/>\n<script type=\"application\/ld+json\" class=\"yoast-schema-graph\">{\"@context\":\"https:\\\/\\\/schema.org\",\"@graph\":[{\"@type\":\"Article\",\"@id\":\"https:\\\/\\\/www.ummto.dz\\\/fsecsg\\\/opportunite-de-stage-au-bureau-international-du-travail-bit\\\/#article\",\"isPartOf\":{\"@id\":\"https:\\\/\\\/www.ummto.dz\\\/fsecsg\\\/opportunite-de-stage-au-bureau-international-du-travail-bit\\\/\"},\"author\":{\"name\":\"FSECSG\",\"@id\":\"https:\\\/\\\/www.ummto.dz\\\/fsecsg\\\/#\\\/schema\\\/person\\\/c5f2e51b7d49f0febe1a7d8e53b452e3\"},\"headline\":\"Opportunit\u00e9 de stage au Bureau International du Travail (BIT).\",\"datePublished\":\"2024-10-12T22:36:36+00:00\",\"dateModified\":\"2024-10-12T22:39:52+00:00\",\"mainEntityOfPage\":{\"@id\":\"https:\\\/\\\/www.ummto.dz\\\/fsecsg\\\/opportunite-de-stage-au-bureau-international-du-travail-bit\\\/\"},\"wordCount\":318,\"image\":{\"@id\":\"https:\\\/\\\/www.ummto.dz\\\/fsecsg\\\/opportunite-de-stage-au-bureau-international-du-travail-bit\\\/#primaryimage\"},\"thumbnailUrl\":\"https:\\\/\\\/www.ummto.dz\\\/fsecsg\\\/wp-content\\\/uploads\\\/2024\\\/05\\\/newss-g.jpg\",\"articleSection\":[\"Actualit\u00e9\",\"Sc gestion\"],\"inLanguage\":\"fr-FR\"},{\"@type\":\"WebPage\",\"@id\":\"https:\\\/\\\/www.ummto.dz\\\/fsecsg\\\/opportunite-de-stage-au-bureau-international-du-travail-bit\\\/\",\"url\":\"https:\\\/\\\/www.ummto.dz\\\/fsecsg\\\/opportunite-de-stage-au-bureau-international-du-travail-bit\\\/\",\"name\":\"Opportunit\u00e9 de stage au Bureau International du Travail (BIT). - Facult\u00e9 des Sciences Economiques, Commerciales et des Sciences de Gestion\",\"isPartOf\":{\"@id\":\"https:\\\/\\\/www.ummto.dz\\\/fsecsg\\\/#website\"},\"primaryImageOfPage\":{\"@id\":\"https:\\\/\\\/www.ummto.dz\\\/fsecsg\\\/opportunite-de-stage-au-bureau-international-du-travail-bit\\\/#primaryimage\"},\"image\":{\"@id\":\"https:\\\/\\\/www.ummto.dz\\\/fsecsg\\\/opportunite-de-stage-au-bureau-international-du-travail-bit\\\/#primaryimage\"},\"thumbnailUrl\":\"https:\\\/\\\/www.ummto.dz\\\/fsecsg\\\/wp-content\\\/uploads\\\/2024\\\/05\\\/newss-g.jpg\",\"datePublished\":\"2024-10-12T22:36:36+00:00\",\"dateModified\":\"2024-10-12T22:39:52+00:00\",\"author\":{\"@id\":\"https:\\\/\\\/www.ummto.dz\\\/fsecsg\\\/#\\\/schema\\\/person\\\/c5f2e51b7d49f0febe1a7d8e53b452e3\"},\"breadcrumb\":{\"@id\":\"https:\\\/\\\/www.ummto.dz\\\/fsecsg\\\/opportunite-de-stage-au-bureau-international-du-travail-bit\\\/#breadcrumb\"},\"inLanguage\":\"fr-FR\",\"potentialAction\":[{\"@type\":\"ReadAction\",\"target\":[\"https:\\\/\\\/www.ummto.dz\\\/fsecsg\\\/opportunite-de-stage-au-bureau-international-du-travail-bit\\\/\"]}]},{\"@type\":\"ImageObject\",\"inLanguage\":\"fr-FR\",\"@id\":\"https:\\\/\\\/www.ummto.dz\\\/fsecsg\\\/opportunite-de-stage-au-bureau-international-du-travail-bit\\\/#primaryimage\",\"url\":\"https:\\\/\\\/www.ummto.dz\\\/fsecsg\\\/wp-content\\\/uploads\\\/2024\\\/05\\\/newss-g.jpg\",\"contentUrl\":\"https:\\\/\\\/www.ummto.dz\\\/fsecsg\\\/wp-content\\\/uploads\\\/2024\\\/05\\\/newss-g.jpg\",\"width\":275,\"height\":184},{\"@type\":\"BreadcrumbList\",\"@id\":\"https:\\\/\\\/www.ummto.dz\\\/fsecsg\\\/opportunite-de-stage-au-bureau-international-du-travail-bit\\\/#breadcrumb\",\"itemListElement\":[{\"@type\":\"ListItem\",\"position\":1,\"name\":\"Accueil\",\"item\":\"https:\\\/\\\/www.ummto.dz\\\/fsecsg\\\/\"},{\"@type\":\"ListItem\",\"position\":2,\"name\":\"Opportunit\u00e9 de stage au Bureau International du Travail (BIT).\"}]},{\"@type\":\"WebSite\",\"@id\":\"https:\\\/\\\/www.ummto.dz\\\/fsecsg\\\/#website\",\"url\":\"https:\\\/\\\/www.ummto.dz\\\/fsecsg\\\/\",\"name\":\"Facult\u00e9 des Sciences Economiques, Commerciales et des Sciences de Gestion\",\"description\":\"Universit\u00e9 Mouloud Mammeri de Tizi Ouzou\",\"potentialAction\":[{\"@type\":\"SearchAction\",\"target\":{\"@type\":\"EntryPoint\",\"urlTemplate\":\"https:\\\/\\\/www.ummto.dz\\\/fsecsg\\\/?s={search_term_string}\"},\"query-input\":{\"@type\":\"PropertyValueSpecification\",\"valueRequired\":true,\"valueName\":\"search_term_string\"}}],\"inLanguage\":\"fr-FR\"},{\"@type\":\"Person\",\"@id\":\"https:\\\/\\\/www.ummto.dz\\\/fsecsg\\\/#\\\/schema\\\/person\\\/c5f2e51b7d49f0febe1a7d8e53b452e3\",\"name\":\"FSECSG\",\"url\":\"https:\\\/\\\/www.ummto.dz\\\/fsecsg\\\/author\\\/fsecsg\\\/\"}]}<\/script>\n<!-- \/ Yoast SEO plugin. -->","yoast_head_json":{"title":"Opportunit\u00e9 de stage au Bureau International du Travail (BIT). - Facult\u00e9 des Sciences Economiques, Commerciales et des Sciences de Gestion","robots":{"index":"index","follow":"follow","max-snippet":"max-snippet:-1","max-image-preview":"max-image-preview:large","max-video-preview":"max-video-preview:-1"},"canonical":"https:\/\/www.ummto.dz\/fsecsg\/opportunite-de-stage-au-bureau-international-du-travail-bit\/","og_locale":"fr_FR","og_type":"article","og_title":"Opportunit\u00e9 de stage au Bureau International du Travail (BIT). - Facult\u00e9 des Sciences Economiques, Commerciales et des Sciences de Gestion","og_description":"&nbsp; J'ai l'honneur de vous informer que le Bureau International du Travail (BIT) lance son Programme stage destin\u00e9 aux \u00e9tudiants de deuxi\u00e8me et troisi\u00e8me cycle ainsi qu'aux jeunes dipl\u00f4m\u00e9s afin de leur permettre d'acqu\u00e9rir une exp\u00e9rience d'apprentissage pratique\u00a0dans des domaines en lien avec le mandat et les activit\u00e9s de cette organisation et de comprendre les [&hellip;]","og_url":"https:\/\/www.ummto.dz\/fsecsg\/opportunite-de-stage-au-bureau-international-du-travail-bit\/","og_site_name":"Facult\u00e9 des Sciences Economiques, Commerciales et des Sciences de Gestion","article_published_time":"2024-10-12T22:36:36+00:00","article_modified_time":"2024-10-12T22:39:52+00:00","og_image":[{"width":275,"height":184,"url":"https:\/\/www.ummto.dz\/fsecsg\/wp-content\/uploads\/2024\/05\/newss-g.jpg","type":"image\/jpeg"}],"author":"FSECSG","twitter_card":"summary_large_image","twitter_misc":{"\u00c9crit par":"FSECSG","Dur\u00e9e de lecture estim\u00e9e":"1 minute"},"schema":{"@context":"https:\/\/schema.org","@graph":[{"@type":"Article","@id":"https:\/\/www.ummto.dz\/fsecsg\/opportunite-de-stage-au-bureau-international-du-travail-bit\/#article","isPartOf":{"@id":"https:\/\/www.ummto.dz\/fsecsg\/opportunite-de-stage-au-bureau-international-du-travail-bit\/"},"author":{"name":"FSECSG","@id":"https:\/\/www.ummto.dz\/fsecsg\/#\/schema\/person\/c5f2e51b7d49f0febe1a7d8e53b452e3"},"headline":"Opportunit\u00e9 de stage au Bureau International du Travail (BIT).","datePublished":"2024-10-12T22:36:36+00:00","dateModified":"2024-10-12T22:39:52+00:00","mainEntityOfPage":{"@id":"https:\/\/www.ummto.dz\/fsecsg\/opportunite-de-stage-au-bureau-international-du-travail-bit\/"},"wordCount":318,"image":{"@id":"https:\/\/www.ummto.dz\/fsecsg\/opportunite-de-stage-au-bureau-international-du-travail-bit\/#primaryimage"},"thumbnailUrl":"https:\/\/www.ummto.dz\/fsecsg\/wp-content\/uploads\/2024\/05\/newss-g.jpg","articleSection":["Actualit\u00e9","Sc gestion"],"inLanguage":"fr-FR"},{"@type":"WebPage","@id":"https:\/\/www.ummto.dz\/fsecsg\/opportunite-de-stage-au-bureau-international-du-travail-bit\/","url":"https:\/\/www.ummto.dz\/fsecsg\/opportunite-de-stage-au-bureau-international-du-travail-bit\/","name":"Opportunit\u00e9 de stage au Bureau International du Travail (BIT). - Facult\u00e9 des Sciences Economiques, Commerciales et des Sciences de Gestion","isPartOf":{"@id":"https:\/\/www.ummto.dz\/fsecsg\/#website"},"primaryImageOfPage":{"@id":"https:\/\/www.ummto.dz\/fsecsg\/opportunite-de-stage-au-bureau-international-du-travail-bit\/#primaryimage"},"image":{"@id":"https:\/\/www.ummto.dz\/fsecsg\/opportunite-de-stage-au-bureau-international-du-travail-bit\/#primaryimage"},"thumbnailUrl":"https:\/\/www.ummto.dz\/fsecsg\/wp-content\/uploads\/2024\/05\/newss-g.jpg","datePublished":"2024-10-12T22:36:36+00:00","dateModified":"2024-10-12T22:39:52+00:00","author":{"@id":"https:\/\/www.ummto.dz\/fsecsg\/#\/schema\/person\/c5f2e51b7d49f0febe1a7d8e53b452e3"},"breadcrumb":{"@id":"https:\/\/www.ummto.dz\/fsecsg\/opportunite-de-stage-au-bureau-international-du-travail-bit\/#breadcrumb"},"inLanguage":"fr-FR","potentialAction":[{"@type":"ReadAction","target":["https:\/\/www.ummto.dz\/fsecsg\/opportunite-de-stage-au-bureau-international-du-travail-bit\/"]}]},{"@type":"ImageObject","inLanguage":"fr-FR","@id":"https:\/\/www.ummto.dz\/fsecsg\/opportunite-de-stage-au-bureau-international-du-travail-bit\/#primaryimage","url":"https:\/\/www.ummto.dz\/fsecsg\/wp-content\/uploads\/2024\/05\/newss-g.jpg","contentUrl":"https:\/\/www.ummto.dz\/fsecsg\/wp-content\/uploads\/2024\/05\/newss-g.jpg","width":275,"height":184},{"@type":"BreadcrumbList","@id":"https:\/\/www.ummto.dz\/fsecsg\/opportunite-de-stage-au-bureau-international-du-travail-bit\/#breadcrumb","itemListElement":[{"@type":"ListItem","position":1,"name":"Accueil","item":"https:\/\/www.ummto.dz\/fsecsg\/"},{"@type":"ListItem","position":2,"name":"Opportunit\u00e9 de stage au Bureau International du Travail (BIT)."}]},{"@type":"WebSite","@id":"https:\/\/www.ummto.dz\/fsecsg\/#website","url":"https:\/\/www.ummto.dz\/fsecsg\/","name":"Facult\u00e9 des Sciences Economiques, Commerciales et des Sciences de Gestion","description":"Universit\u00e9 Mouloud Mammeri de Tizi Ouzou","potentialAction":[{"@type":"SearchAction","target":{"@type":"EntryPoint","urlTemplate":"https:\/\/www.ummto.dz\/fsecsg\/?s={search_term_string}"},"query-input":{"@type":"PropertyValueSpecification","valueRequired":true,"valueName":"search_term_string"}}],"inLanguage":"fr-FR"},{"@type":"Person","@id":"https:\/\/www.ummto.dz\/fsecsg\/#\/schema\/person\/c5f2e51b7d49f0febe1a7d8e53b452e3","name":"FSECSG","url":"https:\/\/www.ummto.dz\/fsecsg\/author\/fsecsg\/"}]}},"_links":{"self":[{"href":"https:\/\/www.ummto.dz\/fsecsg\/wp-json\/wp\/v2\/posts\/88222","targetHints":{"allow":["GET"]}}],"collection":[{"href":"https:\/\/www.ummto.dz\/fsecsg\/wp-json\/wp\/v2\/posts"}],"about":[{"href":"https:\/\/www.ummto.dz\/fsecsg\/wp-json\/wp\/v2\/types\/post"}],"author":[{"embeddable":true,"href":"https:\/\/www.ummto.dz\/fsecsg\/wp-json\/wp\/v2\/users\/4"}],"replies":[{"embeddable":true,"href":"https:\/\/www.ummto.dz\/fsecsg\/wp-json\/wp\/v2\/comments?post=88222"}],"version-history":[{"count":3,"href":"https:\/\/www.ummto.dz\/fsecsg\/wp-json\/wp\/v2\/posts\/88222\/revisions"}],"predecessor-version":[{"id":88225,"href":"https:\/\/www.ummto.dz\/fsecsg\/wp-json\/wp\/v2\/posts\/88222\/revisions\/88225"}],"wp:featuredmedia":[{"embeddable":true,"href":"https:\/\/www.ummto.dz\/fsecsg\/wp-json\/wp\/v2\/media\/86315"}],"wp:attachment":[{"href":"https:\/\/www.ummto.dz\/fsecsg\/wp-json\/wp\/v2\/media?parent=88222"}],"wp:term":[{"taxonomy":"category","embeddable":true,"href":"https:\/\/www.ummto.dz\/fsecsg\/wp-json\/wp\/v2\/categories?post=88222"},{"taxonomy":"post_tag","embeddable":true,"href":"https:\/\/www.ummto.dz\/fsecsg\/wp-json\/wp\/v2\/tags?post=88222"}],"curies":[{"name":"wp","href":"https:\/\/api.w.org\/{rel}","templated":true}]}}