{"id":88504,"date":"2024-11-21T07:40:23","date_gmt":"2024-11-21T06:40:23","guid":{"rendered":"https:\/\/www.ummto.dz\/fsecsg\/?p=88504"},"modified":"2024-11-21T07:44:15","modified_gmt":"2024-11-21T06:44:15","slug":"avis-aux-etudiants-concernes-par-le-retrait-du-quitus","status":"publish","type":"post","link":"https:\/\/www.ummto.dz\/fsecsg\/avis-aux-etudiants-concernes-par-le-retrait-du-quitus\/","title":{"rendered":"AVIS AUX \u00c9TUDIANTS CONCERN\u00c9S PAR LE RETRAIT DU QUITUS.\u00a0 \u00a0 \u00a0 \u00a0 \u00a0 \u00a0 \u00a0 \u00a0 \u00a0 \u00a0 \u00a0 \u00a0\u00a0"},"content":{"rendered":"[et_pb_section fb_built=\u00a0\u00bb1&Prime; admin_label=\u00a0\u00bbsection\u00a0\u00bb _builder_version=\u00a0\u00bb4.16&Prime; global_colors_info=\u00a0\u00bb{}\u00a0\u00bb][et_pb_row admin_label=\u00a0\u00bbrow\u00a0\u00bb _builder_version=\u00a0\u00bb4.16&Prime; background_size=\u00a0\u00bbinitial\u00a0\u00bb background_position=\u00a0\u00bbtop_left\u00a0\u00bb background_repeat=\u00a0\u00bbrepeat\u00a0\u00bb global_colors_info=\u00a0\u00bb{}\u00a0\u00bb][et_pb_column type=\u00a0\u00bb4_4&Prime; _builder_version=\u00a0\u00bb4.16&Prime; custom_padding=\u00a0\u00bb|||\u00a0\u00bb global_colors_info=\u00a0\u00bb{}\u00a0\u00bb custom_padding__hover=\u00a0\u00bb|||\u00a0\u00bb][et_pb_text admin_label=\u00a0\u00bbText\u00a0\u00bb _builder_version=\u00a0\u00bb4.27.3&Prime; background_size=\u00a0\u00bbinitial\u00a0\u00bb background_position=\u00a0\u00bbtop_left\u00a0\u00bb background_repeat=\u00a0\u00bbrepeat\u00a0\u00bb hover_enabled=\u00a0\u00bb0&Prime; global_colors_info=\u00a0\u00bb{}\u00a0\u00bb sticky_enabled=\u00a0\u00bb0&Prime;]<p>&nbsp;<\/p>\n<p><strong>&#8211; Les \u00e9tudiants ayant\u00a0r\u00e9gularis\u00e9 leur situation relative aux quitus\u00a0aupr\u00e8s des services concern\u00e9s sont inform\u00e9s qu\u2019ils peuvent r\u00e9cup\u00e9rer ces derniers <span style=\"color: #003366\">\u00e0 partir du\u00a0dimanche 24 novembre 2024\u00a0au niveau du\u00a0service Scolarit\u00e9 d<\/span>u D\u00e9partement des Sciences de Gestion.<\/strong><\/p>\n<p><strong>M. MAHTOUT\u00a0 Idir<\/strong><br \/><span style=\"text-decoration: underline\"><strong><em>Chef de D\u00e9partemen<\/em><\/strong><\/span><strong><em>t\u00a0<\/em><\/strong><span><strong><em>\u00a0\u00a0 \u00a0<\/em><\/strong> \u00a0 \u00a0 \u00a0 \u00a0<\/span><\/p>\n<p><\/p>[\/et_pb_text][\/et_pb_column][\/et_pb_row][\/et_pb_section]","protected":false},"excerpt":{"rendered":"<p>&nbsp; &#8211; Les \u00e9tudiants ayant\u00a0r\u00e9gularis\u00e9 leur situation relative aux quitus\u00a0aupr\u00e8s des services concern\u00e9s sont inform\u00e9s qu\u2019ils peuvent r\u00e9cup\u00e9rer ces derniers \u00e0 partir du\u00a0dimanche 24 novembre 2024\u00a0au niveau du\u00a0service Scolarit\u00e9 du D\u00e9partement des Sciences de Gestion. M. MAHTOUT\u00a0 IdirChef de D\u00e9partement\u00a0\u00a0\u00a0 \u00a0 \u00a0 \u00a0 \u00a0 \u00a0<\/p>\n","protected":false},"author":4,"featured_media":69676,"comment_status":"closed","ping_status":"closed","sticky":false,"template":"","format":"standard","meta":{"_et_pb_use_builder":"on","_et_pb_old_content":"<!-- wp:divi\/placeholder \/-->","_et_gb_content_width":"","footnotes":""},"categories":[24],"tags":[],"class_list":["post-88504","post","type-post","status-publish","format-standard","has-post-thumbnail","hentry","category-new-dep-sc-gestion"],"yoast_head":"<!-- This site is optimized with the Yoast SEO plugin v27.3 - https:\/\/yoast.com\/product\/yoast-seo-wordpress\/ -->\n<title>AVIS AUX \u00c9TUDIANTS CONCERN\u00c9S PAR LE RETRAIT DU QUITUS.\u00a0 \u00a0 \u00a0 \u00a0 \u00a0 \u00a0 \u00a0 \u00a0 \u00a0 \u00a0 \u00a0 \u00a0\u00a0 - Facult\u00e9 des Sciences Economiques, Commerciales et des Sciences de Gestion<\/title>\n<meta name=\"robots\" content=\"index, follow, max-snippet:-1, max-image-preview:large, max-video-preview:-1\" \/>\n<link rel=\"canonical\" href=\"https:\/\/www.ummto.dz\/fsecsg\/avis-aux-etudiants-concernes-par-le-retrait-du-quitus\/\" \/>\n<meta property=\"og:locale\" content=\"fr_FR\" \/>\n<meta property=\"og:type\" content=\"article\" \/>\n<meta property=\"og:title\" content=\"AVIS AUX \u00c9TUDIANTS CONCERN\u00c9S PAR LE RETRAIT DU QUITUS.\u00a0 \u00a0 \u00a0 \u00a0 \u00a0 \u00a0 \u00a0 \u00a0 \u00a0 \u00a0 \u00a0 \u00a0\u00a0 - Facult\u00e9 des Sciences Economiques, Commerciales et des Sciences de Gestion\" \/>\n<meta property=\"og:description\" content=\"&nbsp; - Les \u00e9tudiants ayant\u00a0r\u00e9gularis\u00e9 leur situation relative aux quitus\u00a0aupr\u00e8s des services concern\u00e9s sont inform\u00e9s qu\u2019ils peuvent r\u00e9cup\u00e9rer ces derniers \u00e0 partir du\u00a0dimanche 24 novembre 2024\u00a0au niveau du\u00a0service Scolarit\u00e9 du D\u00e9partement des Sciences de Gestion. M. MAHTOUT\u00a0 IdirChef de D\u00e9partement\u00a0\u00a0\u00a0 \u00a0 \u00a0 \u00a0 \u00a0 \u00a0\" \/>\n<meta property=\"og:url\" content=\"https:\/\/www.ummto.dz\/fsecsg\/avis-aux-etudiants-concernes-par-le-retrait-du-quitus\/\" \/>\n<meta property=\"og:site_name\" content=\"Facult\u00e9 des Sciences Economiques, Commerciales et des Sciences de Gestion\" \/>\n<meta property=\"article:published_time\" content=\"2024-11-21T06:40:23+00:00\" \/>\n<meta property=\"article:modified_time\" content=\"2024-11-21T06:44:15+00:00\" \/>\n<meta property=\"og:image\" content=\"https:\/\/www.ummto.dz\/fsecsg\/wp-content\/uploads\/2022\/12\/avis-1.jpg\" \/>\n\t<meta property=\"og:image:width\" content=\"180\" \/>\n\t<meta property=\"og:image:height\" content=\"180\" \/>\n\t<meta property=\"og:image:type\" content=\"image\/jpeg\" \/>\n<meta name=\"author\" content=\"FSECSG\" \/>\n<meta name=\"twitter:card\" content=\"summary_large_image\" \/>\n<meta name=\"twitter:label1\" content=\"\u00c9crit par\" \/>\n\t<meta name=\"twitter:data1\" content=\"FSECSG\" \/>\n\t<meta name=\"twitter:label2\" content=\"Dur\u00e9e de lecture estim\u00e9e\" \/>\n\t<meta name=\"twitter:data2\" content=\"1 minute\" \/>\n<script type=\"application\/ld+json\" class=\"yoast-schema-graph\">{\"@context\":\"https:\\\/\\\/schema.org\",\"@graph\":[{\"@type\":\"Article\",\"@id\":\"https:\\\/\\\/www.ummto.dz\\\/fsecsg\\\/avis-aux-etudiants-concernes-par-le-retrait-du-quitus\\\/#article\",\"isPartOf\":{\"@id\":\"https:\\\/\\\/www.ummto.dz\\\/fsecsg\\\/avis-aux-etudiants-concernes-par-le-retrait-du-quitus\\\/\"},\"author\":{\"name\":\"FSECSG\",\"@id\":\"https:\\\/\\\/www.ummto.dz\\\/fsecsg\\\/#\\\/schema\\\/person\\\/c5f2e51b7d49f0febe1a7d8e53b452e3\"},\"headline\":\"AVIS AUX \u00c9TUDIANTS CONCERN\u00c9S PAR LE RETRAIT DU QUITUS.\u00a0 \u00a0 \u00a0 \u00a0 \u00a0 \u00a0 \u00a0 \u00a0 \u00a0 \u00a0 \u00a0 \u00a0\u00a0\",\"datePublished\":\"2024-11-21T06:40:23+00:00\",\"dateModified\":\"2024-11-21T06:44:15+00:00\",\"mainEntityOfPage\":{\"@id\":\"https:\\\/\\\/www.ummto.dz\\\/fsecsg\\\/avis-aux-etudiants-concernes-par-le-retrait-du-quitus\\\/\"},\"wordCount\":148,\"image\":{\"@id\":\"https:\\\/\\\/www.ummto.dz\\\/fsecsg\\\/avis-aux-etudiants-concernes-par-le-retrait-du-quitus\\\/#primaryimage\"},\"thumbnailUrl\":\"https:\\\/\\\/www.ummto.dz\\\/fsecsg\\\/wp-content\\\/uploads\\\/2022\\\/12\\\/avis-1.jpg\",\"articleSection\":[\"Sc gestion\"],\"inLanguage\":\"fr-FR\"},{\"@type\":\"WebPage\",\"@id\":\"https:\\\/\\\/www.ummto.dz\\\/fsecsg\\\/avis-aux-etudiants-concernes-par-le-retrait-du-quitus\\\/\",\"url\":\"https:\\\/\\\/www.ummto.dz\\\/fsecsg\\\/avis-aux-etudiants-concernes-par-le-retrait-du-quitus\\\/\",\"name\":\"AVIS AUX \u00c9TUDIANTS CONCERN\u00c9S PAR LE RETRAIT DU QUITUS.\u00a0 \u00a0 \u00a0 \u00a0 \u00a0 \u00a0 \u00a0 \u00a0 \u00a0 \u00a0 \u00a0 \u00a0\u00a0 - Facult\u00e9 des Sciences Economiques, Commerciales et des Sciences de Gestion\",\"isPartOf\":{\"@id\":\"https:\\\/\\\/www.ummto.dz\\\/fsecsg\\\/#website\"},\"primaryImageOfPage\":{\"@id\":\"https:\\\/\\\/www.ummto.dz\\\/fsecsg\\\/avis-aux-etudiants-concernes-par-le-retrait-du-quitus\\\/#primaryimage\"},\"image\":{\"@id\":\"https:\\\/\\\/www.ummto.dz\\\/fsecsg\\\/avis-aux-etudiants-concernes-par-le-retrait-du-quitus\\\/#primaryimage\"},\"thumbnailUrl\":\"https:\\\/\\\/www.ummto.dz\\\/fsecsg\\\/wp-content\\\/uploads\\\/2022\\\/12\\\/avis-1.jpg\",\"datePublished\":\"2024-11-21T06:40:23+00:00\",\"dateModified\":\"2024-11-21T06:44:15+00:00\",\"author\":{\"@id\":\"https:\\\/\\\/www.ummto.dz\\\/fsecsg\\\/#\\\/schema\\\/person\\\/c5f2e51b7d49f0febe1a7d8e53b452e3\"},\"breadcrumb\":{\"@id\":\"https:\\\/\\\/www.ummto.dz\\\/fsecsg\\\/avis-aux-etudiants-concernes-par-le-retrait-du-quitus\\\/#breadcrumb\"},\"inLanguage\":\"fr-FR\",\"potentialAction\":[{\"@type\":\"ReadAction\",\"target\":[\"https:\\\/\\\/www.ummto.dz\\\/fsecsg\\\/avis-aux-etudiants-concernes-par-le-retrait-du-quitus\\\/\"]}]},{\"@type\":\"ImageObject\",\"inLanguage\":\"fr-FR\",\"@id\":\"https:\\\/\\\/www.ummto.dz\\\/fsecsg\\\/avis-aux-etudiants-concernes-par-le-retrait-du-quitus\\\/#primaryimage\",\"url\":\"https:\\\/\\\/www.ummto.dz\\\/fsecsg\\\/wp-content\\\/uploads\\\/2022\\\/12\\\/avis-1.jpg\",\"contentUrl\":\"https:\\\/\\\/www.ummto.dz\\\/fsecsg\\\/wp-content\\\/uploads\\\/2022\\\/12\\\/avis-1.jpg\",\"width\":180,\"height\":180},{\"@type\":\"BreadcrumbList\",\"@id\":\"https:\\\/\\\/www.ummto.dz\\\/fsecsg\\\/avis-aux-etudiants-concernes-par-le-retrait-du-quitus\\\/#breadcrumb\",\"itemListElement\":[{\"@type\":\"ListItem\",\"position\":1,\"name\":\"Accueil\",\"item\":\"https:\\\/\\\/www.ummto.dz\\\/fsecsg\\\/\"},{\"@type\":\"ListItem\",\"position\":2,\"name\":\"AVIS AUX \u00c9TUDIANTS CONCERN\u00c9S PAR LE RETRAIT DU QUITUS.\u00a0 \u00a0 \u00a0 \u00a0 \u00a0 \u00a0 \u00a0 \u00a0 \u00a0 \u00a0 \u00a0 \u00a0\u00a0\"}]},{\"@type\":\"WebSite\",\"@id\":\"https:\\\/\\\/www.ummto.dz\\\/fsecsg\\\/#website\",\"url\":\"https:\\\/\\\/www.ummto.dz\\\/fsecsg\\\/\",\"name\":\"Facult\u00e9 des Sciences Economiques, Commerciales et des Sciences de Gestion\",\"description\":\"Universit\u00e9 Mouloud Mammeri de Tizi Ouzou\",\"potentialAction\":[{\"@type\":\"SearchAction\",\"target\":{\"@type\":\"EntryPoint\",\"urlTemplate\":\"https:\\\/\\\/www.ummto.dz\\\/fsecsg\\\/?s={search_term_string}\"},\"query-input\":{\"@type\":\"PropertyValueSpecification\",\"valueRequired\":true,\"valueName\":\"search_term_string\"}}],\"inLanguage\":\"fr-FR\"},{\"@type\":\"Person\",\"@id\":\"https:\\\/\\\/www.ummto.dz\\\/fsecsg\\\/#\\\/schema\\\/person\\\/c5f2e51b7d49f0febe1a7d8e53b452e3\",\"name\":\"FSECSG\",\"url\":\"https:\\\/\\\/www.ummto.dz\\\/fsecsg\\\/author\\\/fsecsg\\\/\"}]}<\/script>\n<!-- \/ Yoast SEO plugin. -->","yoast_head_json":{"title":"AVIS AUX \u00c9TUDIANTS CONCERN\u00c9S PAR LE RETRAIT DU QUITUS.\u00a0 \u00a0 \u00a0 \u00a0 \u00a0 \u00a0 \u00a0 \u00a0 \u00a0 \u00a0 \u00a0 \u00a0\u00a0 - Facult\u00e9 des Sciences Economiques, Commerciales et des Sciences de Gestion","robots":{"index":"index","follow":"follow","max-snippet":"max-snippet:-1","max-image-preview":"max-image-preview:large","max-video-preview":"max-video-preview:-1"},"canonical":"https:\/\/www.ummto.dz\/fsecsg\/avis-aux-etudiants-concernes-par-le-retrait-du-quitus\/","og_locale":"fr_FR","og_type":"article","og_title":"AVIS AUX \u00c9TUDIANTS CONCERN\u00c9S PAR LE RETRAIT DU QUITUS.\u00a0 \u00a0 \u00a0 \u00a0 \u00a0 \u00a0 \u00a0 \u00a0 \u00a0 \u00a0 \u00a0 \u00a0\u00a0 - Facult\u00e9 des Sciences Economiques, Commerciales et des Sciences de Gestion","og_description":"&nbsp; - Les \u00e9tudiants ayant\u00a0r\u00e9gularis\u00e9 leur situation relative aux quitus\u00a0aupr\u00e8s des services concern\u00e9s sont inform\u00e9s qu\u2019ils peuvent r\u00e9cup\u00e9rer ces derniers \u00e0 partir du\u00a0dimanche 24 novembre 2024\u00a0au niveau du\u00a0service Scolarit\u00e9 du D\u00e9partement des Sciences de Gestion. M. MAHTOUT\u00a0 IdirChef de D\u00e9partement\u00a0\u00a0\u00a0 \u00a0 \u00a0 \u00a0 \u00a0 \u00a0","og_url":"https:\/\/www.ummto.dz\/fsecsg\/avis-aux-etudiants-concernes-par-le-retrait-du-quitus\/","og_site_name":"Facult\u00e9 des Sciences Economiques, Commerciales et des Sciences de Gestion","article_published_time":"2024-11-21T06:40:23+00:00","article_modified_time":"2024-11-21T06:44:15+00:00","og_image":[{"width":180,"height":180,"url":"https:\/\/www.ummto.dz\/fsecsg\/wp-content\/uploads\/2022\/12\/avis-1.jpg","type":"image\/jpeg"}],"author":"FSECSG","twitter_card":"summary_large_image","twitter_misc":{"\u00c9crit par":"FSECSG","Dur\u00e9e de lecture estim\u00e9e":"1 minute"},"schema":{"@context":"https:\/\/schema.org","@graph":[{"@type":"Article","@id":"https:\/\/www.ummto.dz\/fsecsg\/avis-aux-etudiants-concernes-par-le-retrait-du-quitus\/#article","isPartOf":{"@id":"https:\/\/www.ummto.dz\/fsecsg\/avis-aux-etudiants-concernes-par-le-retrait-du-quitus\/"},"author":{"name":"FSECSG","@id":"https:\/\/www.ummto.dz\/fsecsg\/#\/schema\/person\/c5f2e51b7d49f0febe1a7d8e53b452e3"},"headline":"AVIS AUX \u00c9TUDIANTS CONCERN\u00c9S PAR LE RETRAIT DU QUITUS.\u00a0 \u00a0 \u00a0 \u00a0 \u00a0 \u00a0 \u00a0 \u00a0 \u00a0 \u00a0 \u00a0 \u00a0\u00a0","datePublished":"2024-11-21T06:40:23+00:00","dateModified":"2024-11-21T06:44:15+00:00","mainEntityOfPage":{"@id":"https:\/\/www.ummto.dz\/fsecsg\/avis-aux-etudiants-concernes-par-le-retrait-du-quitus\/"},"wordCount":148,"image":{"@id":"https:\/\/www.ummto.dz\/fsecsg\/avis-aux-etudiants-concernes-par-le-retrait-du-quitus\/#primaryimage"},"thumbnailUrl":"https:\/\/www.ummto.dz\/fsecsg\/wp-content\/uploads\/2022\/12\/avis-1.jpg","articleSection":["Sc gestion"],"inLanguage":"fr-FR"},{"@type":"WebPage","@id":"https:\/\/www.ummto.dz\/fsecsg\/avis-aux-etudiants-concernes-par-le-retrait-du-quitus\/","url":"https:\/\/www.ummto.dz\/fsecsg\/avis-aux-etudiants-concernes-par-le-retrait-du-quitus\/","name":"AVIS AUX \u00c9TUDIANTS CONCERN\u00c9S PAR LE RETRAIT DU QUITUS.\u00a0 \u00a0 \u00a0 \u00a0 \u00a0 \u00a0 \u00a0 \u00a0 \u00a0 \u00a0 \u00a0 \u00a0\u00a0 - Facult\u00e9 des Sciences Economiques, Commerciales et des Sciences de Gestion","isPartOf":{"@id":"https:\/\/www.ummto.dz\/fsecsg\/#website"},"primaryImageOfPage":{"@id":"https:\/\/www.ummto.dz\/fsecsg\/avis-aux-etudiants-concernes-par-le-retrait-du-quitus\/#primaryimage"},"image":{"@id":"https:\/\/www.ummto.dz\/fsecsg\/avis-aux-etudiants-concernes-par-le-retrait-du-quitus\/#primaryimage"},"thumbnailUrl":"https:\/\/www.ummto.dz\/fsecsg\/wp-content\/uploads\/2022\/12\/avis-1.jpg","datePublished":"2024-11-21T06:40:23+00:00","dateModified":"2024-11-21T06:44:15+00:00","author":{"@id":"https:\/\/www.ummto.dz\/fsecsg\/#\/schema\/person\/c5f2e51b7d49f0febe1a7d8e53b452e3"},"breadcrumb":{"@id":"https:\/\/www.ummto.dz\/fsecsg\/avis-aux-etudiants-concernes-par-le-retrait-du-quitus\/#breadcrumb"},"inLanguage":"fr-FR","potentialAction":[{"@type":"ReadAction","target":["https:\/\/www.ummto.dz\/fsecsg\/avis-aux-etudiants-concernes-par-le-retrait-du-quitus\/"]}]},{"@type":"ImageObject","inLanguage":"fr-FR","@id":"https:\/\/www.ummto.dz\/fsecsg\/avis-aux-etudiants-concernes-par-le-retrait-du-quitus\/#primaryimage","url":"https:\/\/www.ummto.dz\/fsecsg\/wp-content\/uploads\/2022\/12\/avis-1.jpg","contentUrl":"https:\/\/www.ummto.dz\/fsecsg\/wp-content\/uploads\/2022\/12\/avis-1.jpg","width":180,"height":180},{"@type":"BreadcrumbList","@id":"https:\/\/www.ummto.dz\/fsecsg\/avis-aux-etudiants-concernes-par-le-retrait-du-quitus\/#breadcrumb","itemListElement":[{"@type":"ListItem","position":1,"name":"Accueil","item":"https:\/\/www.ummto.dz\/fsecsg\/"},{"@type":"ListItem","position":2,"name":"AVIS AUX \u00c9TUDIANTS CONCERN\u00c9S PAR LE RETRAIT DU QUITUS.\u00a0 \u00a0 \u00a0 \u00a0 \u00a0 \u00a0 \u00a0 \u00a0 \u00a0 \u00a0 \u00a0 \u00a0\u00a0"}]},{"@type":"WebSite","@id":"https:\/\/www.ummto.dz\/fsecsg\/#website","url":"https:\/\/www.ummto.dz\/fsecsg\/","name":"Facult\u00e9 des Sciences Economiques, Commerciales et des Sciences de Gestion","description":"Universit\u00e9 Mouloud Mammeri de Tizi Ouzou","potentialAction":[{"@type":"SearchAction","target":{"@type":"EntryPoint","urlTemplate":"https:\/\/www.ummto.dz\/fsecsg\/?s={search_term_string}"},"query-input":{"@type":"PropertyValueSpecification","valueRequired":true,"valueName":"search_term_string"}}],"inLanguage":"fr-FR"},{"@type":"Person","@id":"https:\/\/www.ummto.dz\/fsecsg\/#\/schema\/person\/c5f2e51b7d49f0febe1a7d8e53b452e3","name":"FSECSG","url":"https:\/\/www.ummto.dz\/fsecsg\/author\/fsecsg\/"}]}},"_links":{"self":[{"href":"https:\/\/www.ummto.dz\/fsecsg\/wp-json\/wp\/v2\/posts\/88504","targetHints":{"allow":["GET"]}}],"collection":[{"href":"https:\/\/www.ummto.dz\/fsecsg\/wp-json\/wp\/v2\/posts"}],"about":[{"href":"https:\/\/www.ummto.dz\/fsecsg\/wp-json\/wp\/v2\/types\/post"}],"author":[{"embeddable":true,"href":"https:\/\/www.ummto.dz\/fsecsg\/wp-json\/wp\/v2\/users\/4"}],"replies":[{"embeddable":true,"href":"https:\/\/www.ummto.dz\/fsecsg\/wp-json\/wp\/v2\/comments?post=88504"}],"version-history":[{"count":3,"href":"https:\/\/www.ummto.dz\/fsecsg\/wp-json\/wp\/v2\/posts\/88504\/revisions"}],"predecessor-version":[{"id":88507,"href":"https:\/\/www.ummto.dz\/fsecsg\/wp-json\/wp\/v2\/posts\/88504\/revisions\/88507"}],"wp:featuredmedia":[{"embeddable":true,"href":"https:\/\/www.ummto.dz\/fsecsg\/wp-json\/wp\/v2\/media\/69676"}],"wp:attachment":[{"href":"https:\/\/www.ummto.dz\/fsecsg\/wp-json\/wp\/v2\/media?parent=88504"}],"wp:term":[{"taxonomy":"category","embeddable":true,"href":"https:\/\/www.ummto.dz\/fsecsg\/wp-json\/wp\/v2\/categories?post=88504"},{"taxonomy":"post_tag","embeddable":true,"href":"https:\/\/www.ummto.dz\/fsecsg\/wp-json\/wp\/v2\/tags?post=88504"}],"curies":[{"name":"wp","href":"https:\/\/api.w.org\/{rel}","templated":true}]}}