{"id":88737,"date":"2024-12-09T10:34:39","date_gmt":"2024-12-09T09:34:39","guid":{"rendered":"https:\/\/www.ummto.dz\/fsecsg\/?p=88737"},"modified":"2024-12-09T10:44:38","modified_gmt":"2024-12-09T09:44:38","slug":"convocation-55","status":"publish","type":"post","link":"https:\/\/www.ummto.dz\/fsecsg\/convocation-55\/","title":{"rendered":"Convocation."},"content":{"rendered":"[et_pb_section fb_built=\u00a0\u00bb1&Prime; admin_label=\u00a0\u00bbsection\u00a0\u00bb _builder_version=\u00a0\u00bb4.16&Prime; global_colors_info=\u00a0\u00bb{}\u00a0\u00bb][et_pb_row admin_label=\u00a0\u00bbrow\u00a0\u00bb _builder_version=\u00a0\u00bb4.16&Prime; background_size=\u00a0\u00bbinitial\u00a0\u00bb background_position=\u00a0\u00bbtop_left\u00a0\u00bb background_repeat=\u00a0\u00bbrepeat\u00a0\u00bb global_colors_info=\u00a0\u00bb{}\u00a0\u00bb][et_pb_column type=\u00a0\u00bb4_4&Prime; _builder_version=\u00a0\u00bb4.16&Prime; custom_padding=\u00a0\u00bb|||\u00a0\u00bb global_colors_info=\u00a0\u00bb{}\u00a0\u00bb custom_padding__hover=\u00a0\u00bb|||\u00a0\u00bb][et_pb_text admin_label=\u00a0\u00bbText\u00a0\u00bb _builder_version=\u00a0\u00bb4.27.4&Prime; background_size=\u00a0\u00bbinitial\u00a0\u00bb background_position=\u00a0\u00bbtop_left\u00a0\u00bb background_repeat=\u00a0\u00bbrepeat\u00a0\u00bb hover_enabled=\u00a0\u00bb0&Prime; global_colors_info=\u00a0\u00bb{}\u00a0\u00bb min_height=\u00a0\u00bb222px\u00a0\u00bb sticky_enabled=\u00a0\u00bb0&Prime;]<p><strong>Les \u00e9tudiants dont les noms mentionn\u00e9s ci-dessous sont convoqu\u00e9s<span> <\/span><span>\u00a0<\/span>au bureau\u00a0 SITE-WEB de la Facult\u00e9 pour affaire qui les concerne:<\/strong><\/p>\n<ol>\n<li><strong>GUEDIR\u00a0 \u00a0 \u00a0 \u00a0 \u00a0LYDIA<\/strong><\/li>\n<li><strong>HAMADOU\u00a0 \u00a0 \u00a0 \u00a0THILLELI<\/strong><\/li>\n<li><strong>DJOUAHER\u00a0 \u00a0 \u00a0 ZINA<\/strong><\/li>\n<li><strong>DORCAS\u00a0 \u00a0 \u00a0 \u00a0DROKOW<\/strong><\/li>\n<li><strong>DILEN\u00a0 \u00a0 \u00a0 ABDERRAHMANE<\/strong><\/li>\n<li><strong>MADJARAB\u00a0 \u00a0 \u00a0AZIZA<\/strong><\/li>\n<li><strong>DJILLALI\u00a0 \u00a0 \u00a0 SARA MANEL<\/strong><strong><\/strong><\/li>\n<li><strong>DJEGHALI\u00a0 \u00a0 \u00a0SONDRA<\/strong><\/li>\n<li><strong>DJEGLOU\u00a0 \u00a0 \u00a0SAMIRA<\/strong><\/li>\n<li><strong>GUENNOUN\u00a0 \u00a0 \u00a0WISSAM<\/strong><\/li>\n<li><strong>DERRAB\u00a0 \u00a0 \u00a0 \u00a0 \u00a0ABDERRAHMANE<\/strong><\/li>\n<li><strong>DAHMANI\u00a0 \u00a0 \u00a0 KATIA.<\/strong><\/li>\n<\/ol>\n<p><strong><\/strong><\/p>\n<p><strong><\/strong><\/p>\n<p><\/p>[\/et_pb_text][\/et_pb_column][\/et_pb_row][\/et_pb_section]","protected":false},"excerpt":{"rendered":"<p>Les \u00e9tudiants dont les noms mentionn\u00e9s ci-dessous sont convoqu\u00e9s \u00a0au bureau\u00a0 SITE-WEB de la Facult\u00e9 pour affaire qui les concerne: GUEDIR\u00a0 \u00a0 \u00a0 \u00a0 \u00a0LYDIA HAMADOU\u00a0 \u00a0 \u00a0 \u00a0THILLELI DJOUAHER\u00a0 \u00a0 \u00a0 ZINA DORCAS\u00a0 \u00a0 \u00a0 \u00a0DROKOW DILEN\u00a0 \u00a0 \u00a0 ABDERRAHMANE MADJARAB\u00a0 \u00a0 \u00a0AZIZA DJILLALI\u00a0 \u00a0 \u00a0 SARA MANEL DJEGHALI\u00a0 \u00a0 \u00a0SONDRA DJEGLOU\u00a0 \u00a0 \u00a0SAMIRA [&hellip;]<\/p>\n","protected":false},"author":4,"featured_media":85263,"comment_status":"closed","ping_status":"closed","sticky":false,"template":"","format":"standard","meta":{"_et_pb_use_builder":"on","_et_pb_old_content":"<!-- wp:divi\/placeholder \/-->","_et_gb_content_width":"","footnotes":""},"categories":[15,24],"tags":[],"class_list":["post-88737","post","type-post","status-publish","format-standard","has-post-thumbnail","hentry","category-actualite","category-new-dep-sc-gestion"],"yoast_head":"<!-- This site is optimized with the Yoast SEO plugin v27.3 - https:\/\/yoast.com\/product\/yoast-seo-wordpress\/ -->\n<title>Convocation. - Facult\u00e9 des Sciences Economiques, Commerciales et des Sciences de Gestion<\/title>\n<meta name=\"robots\" content=\"index, follow, max-snippet:-1, max-image-preview:large, max-video-preview:-1\" \/>\n<link rel=\"canonical\" href=\"https:\/\/www.ummto.dz\/fsecsg\/convocation-55\/\" \/>\n<meta property=\"og:locale\" content=\"fr_FR\" \/>\n<meta property=\"og:type\" content=\"article\" \/>\n<meta property=\"og:title\" content=\"Convocation. - Facult\u00e9 des Sciences Economiques, Commerciales et des Sciences de Gestion\" \/>\n<meta property=\"og:description\" content=\"Les \u00e9tudiants dont les noms mentionn\u00e9s ci-dessous sont convoqu\u00e9s \u00a0au bureau\u00a0 SITE-WEB de la Facult\u00e9 pour affaire qui les concerne: GUEDIR\u00a0 \u00a0 \u00a0 \u00a0 \u00a0LYDIA HAMADOU\u00a0 \u00a0 \u00a0 \u00a0THILLELI DJOUAHER\u00a0 \u00a0 \u00a0 ZINA DORCAS\u00a0 \u00a0 \u00a0 \u00a0DROKOW DILEN\u00a0 \u00a0 \u00a0 ABDERRAHMANE MADJARAB\u00a0 \u00a0 \u00a0AZIZA DJILLALI\u00a0 \u00a0 \u00a0 SARA MANEL DJEGHALI\u00a0 \u00a0 \u00a0SONDRA DJEGLOU\u00a0 \u00a0 \u00a0SAMIRA [&hellip;]\" \/>\n<meta property=\"og:url\" content=\"https:\/\/www.ummto.dz\/fsecsg\/convocation-55\/\" \/>\n<meta property=\"og:site_name\" content=\"Facult\u00e9 des Sciences Economiques, Commerciales et des Sciences de Gestion\" \/>\n<meta property=\"article:published_time\" content=\"2024-12-09T09:34:39+00:00\" \/>\n<meta property=\"article:modified_time\" content=\"2024-12-09T09:44:38+00:00\" \/>\n<meta property=\"og:image\" content=\"https:\/\/www.ummto.dz\/fsecsg\/wp-content\/uploads\/2024\/03\/conv.png\" \/>\n\t<meta property=\"og:image:width\" content=\"612\" \/>\n\t<meta property=\"og:image:height\" content=\"330\" \/>\n\t<meta property=\"og:image:type\" content=\"image\/png\" \/>\n<meta name=\"author\" content=\"FSECSG\" \/>\n<meta name=\"twitter:card\" content=\"summary_large_image\" \/>\n<meta name=\"twitter:label1\" content=\"\u00c9crit par\" \/>\n\t<meta name=\"twitter:data1\" content=\"FSECSG\" \/>\n\t<meta name=\"twitter:label2\" content=\"Dur\u00e9e de lecture estim\u00e9e\" \/>\n\t<meta name=\"twitter:data2\" content=\"1 minute\" \/>\n<script type=\"application\/ld+json\" class=\"yoast-schema-graph\">{\"@context\":\"https:\\\/\\\/schema.org\",\"@graph\":[{\"@type\":\"Article\",\"@id\":\"https:\\\/\\\/www.ummto.dz\\\/fsecsg\\\/convocation-55\\\/#article\",\"isPartOf\":{\"@id\":\"https:\\\/\\\/www.ummto.dz\\\/fsecsg\\\/convocation-55\\\/\"},\"author\":{\"name\":\"FSECSG\",\"@id\":\"https:\\\/\\\/www.ummto.dz\\\/fsecsg\\\/#\\\/schema\\\/person\\\/c5f2e51b7d49f0febe1a7d8e53b452e3\"},\"headline\":\"Convocation.\",\"datePublished\":\"2024-12-09T09:34:39+00:00\",\"dateModified\":\"2024-12-09T09:44:38+00:00\",\"mainEntityOfPage\":{\"@id\":\"https:\\\/\\\/www.ummto.dz\\\/fsecsg\\\/convocation-55\\\/\"},\"wordCount\":136,\"image\":{\"@id\":\"https:\\\/\\\/www.ummto.dz\\\/fsecsg\\\/convocation-55\\\/#primaryimage\"},\"thumbnailUrl\":\"https:\\\/\\\/www.ummto.dz\\\/fsecsg\\\/wp-content\\\/uploads\\\/2024\\\/03\\\/conv.png\",\"articleSection\":[\"Actualit\u00e9\",\"Sc gestion\"],\"inLanguage\":\"fr-FR\"},{\"@type\":\"WebPage\",\"@id\":\"https:\\\/\\\/www.ummto.dz\\\/fsecsg\\\/convocation-55\\\/\",\"url\":\"https:\\\/\\\/www.ummto.dz\\\/fsecsg\\\/convocation-55\\\/\",\"name\":\"Convocation. - Facult\u00e9 des Sciences Economiques, Commerciales et des Sciences de Gestion\",\"isPartOf\":{\"@id\":\"https:\\\/\\\/www.ummto.dz\\\/fsecsg\\\/#website\"},\"primaryImageOfPage\":{\"@id\":\"https:\\\/\\\/www.ummto.dz\\\/fsecsg\\\/convocation-55\\\/#primaryimage\"},\"image\":{\"@id\":\"https:\\\/\\\/www.ummto.dz\\\/fsecsg\\\/convocation-55\\\/#primaryimage\"},\"thumbnailUrl\":\"https:\\\/\\\/www.ummto.dz\\\/fsecsg\\\/wp-content\\\/uploads\\\/2024\\\/03\\\/conv.png\",\"datePublished\":\"2024-12-09T09:34:39+00:00\",\"dateModified\":\"2024-12-09T09:44:38+00:00\",\"author\":{\"@id\":\"https:\\\/\\\/www.ummto.dz\\\/fsecsg\\\/#\\\/schema\\\/person\\\/c5f2e51b7d49f0febe1a7d8e53b452e3\"},\"breadcrumb\":{\"@id\":\"https:\\\/\\\/www.ummto.dz\\\/fsecsg\\\/convocation-55\\\/#breadcrumb\"},\"inLanguage\":\"fr-FR\",\"potentialAction\":[{\"@type\":\"ReadAction\",\"target\":[\"https:\\\/\\\/www.ummto.dz\\\/fsecsg\\\/convocation-55\\\/\"]}]},{\"@type\":\"ImageObject\",\"inLanguage\":\"fr-FR\",\"@id\":\"https:\\\/\\\/www.ummto.dz\\\/fsecsg\\\/convocation-55\\\/#primaryimage\",\"url\":\"https:\\\/\\\/www.ummto.dz\\\/fsecsg\\\/wp-content\\\/uploads\\\/2024\\\/03\\\/conv.png\",\"contentUrl\":\"https:\\\/\\\/www.ummto.dz\\\/fsecsg\\\/wp-content\\\/uploads\\\/2024\\\/03\\\/conv.png\",\"width\":612,\"height\":330},{\"@type\":\"BreadcrumbList\",\"@id\":\"https:\\\/\\\/www.ummto.dz\\\/fsecsg\\\/convocation-55\\\/#breadcrumb\",\"itemListElement\":[{\"@type\":\"ListItem\",\"position\":1,\"name\":\"Accueil\",\"item\":\"https:\\\/\\\/www.ummto.dz\\\/fsecsg\\\/\"},{\"@type\":\"ListItem\",\"position\":2,\"name\":\"Convocation.\"}]},{\"@type\":\"WebSite\",\"@id\":\"https:\\\/\\\/www.ummto.dz\\\/fsecsg\\\/#website\",\"url\":\"https:\\\/\\\/www.ummto.dz\\\/fsecsg\\\/\",\"name\":\"Facult\u00e9 des Sciences Economiques, Commerciales et des Sciences de Gestion\",\"description\":\"Universit\u00e9 Mouloud Mammeri de Tizi Ouzou\",\"potentialAction\":[{\"@type\":\"SearchAction\",\"target\":{\"@type\":\"EntryPoint\",\"urlTemplate\":\"https:\\\/\\\/www.ummto.dz\\\/fsecsg\\\/?s={search_term_string}\"},\"query-input\":{\"@type\":\"PropertyValueSpecification\",\"valueRequired\":true,\"valueName\":\"search_term_string\"}}],\"inLanguage\":\"fr-FR\"},{\"@type\":\"Person\",\"@id\":\"https:\\\/\\\/www.ummto.dz\\\/fsecsg\\\/#\\\/schema\\\/person\\\/c5f2e51b7d49f0febe1a7d8e53b452e3\",\"name\":\"FSECSG\",\"url\":\"https:\\\/\\\/www.ummto.dz\\\/fsecsg\\\/author\\\/fsecsg\\\/\"}]}<\/script>\n<!-- \/ Yoast SEO plugin. -->","yoast_head_json":{"title":"Convocation. - Facult\u00e9 des Sciences Economiques, Commerciales et des Sciences de Gestion","robots":{"index":"index","follow":"follow","max-snippet":"max-snippet:-1","max-image-preview":"max-image-preview:large","max-video-preview":"max-video-preview:-1"},"canonical":"https:\/\/www.ummto.dz\/fsecsg\/convocation-55\/","og_locale":"fr_FR","og_type":"article","og_title":"Convocation. - Facult\u00e9 des Sciences Economiques, Commerciales et des Sciences de Gestion","og_description":"Les \u00e9tudiants dont les noms mentionn\u00e9s ci-dessous sont convoqu\u00e9s \u00a0au bureau\u00a0 SITE-WEB de la Facult\u00e9 pour affaire qui les concerne: GUEDIR\u00a0 \u00a0 \u00a0 \u00a0 \u00a0LYDIA HAMADOU\u00a0 \u00a0 \u00a0 \u00a0THILLELI DJOUAHER\u00a0 \u00a0 \u00a0 ZINA DORCAS\u00a0 \u00a0 \u00a0 \u00a0DROKOW DILEN\u00a0 \u00a0 \u00a0 ABDERRAHMANE MADJARAB\u00a0 \u00a0 \u00a0AZIZA DJILLALI\u00a0 \u00a0 \u00a0 SARA MANEL DJEGHALI\u00a0 \u00a0 \u00a0SONDRA DJEGLOU\u00a0 \u00a0 \u00a0SAMIRA [&hellip;]","og_url":"https:\/\/www.ummto.dz\/fsecsg\/convocation-55\/","og_site_name":"Facult\u00e9 des Sciences Economiques, Commerciales et des Sciences de Gestion","article_published_time":"2024-12-09T09:34:39+00:00","article_modified_time":"2024-12-09T09:44:38+00:00","og_image":[{"width":612,"height":330,"url":"https:\/\/www.ummto.dz\/fsecsg\/wp-content\/uploads\/2024\/03\/conv.png","type":"image\/png"}],"author":"FSECSG","twitter_card":"summary_large_image","twitter_misc":{"\u00c9crit par":"FSECSG","Dur\u00e9e de lecture estim\u00e9e":"1 minute"},"schema":{"@context":"https:\/\/schema.org","@graph":[{"@type":"Article","@id":"https:\/\/www.ummto.dz\/fsecsg\/convocation-55\/#article","isPartOf":{"@id":"https:\/\/www.ummto.dz\/fsecsg\/convocation-55\/"},"author":{"name":"FSECSG","@id":"https:\/\/www.ummto.dz\/fsecsg\/#\/schema\/person\/c5f2e51b7d49f0febe1a7d8e53b452e3"},"headline":"Convocation.","datePublished":"2024-12-09T09:34:39+00:00","dateModified":"2024-12-09T09:44:38+00:00","mainEntityOfPage":{"@id":"https:\/\/www.ummto.dz\/fsecsg\/convocation-55\/"},"wordCount":136,"image":{"@id":"https:\/\/www.ummto.dz\/fsecsg\/convocation-55\/#primaryimage"},"thumbnailUrl":"https:\/\/www.ummto.dz\/fsecsg\/wp-content\/uploads\/2024\/03\/conv.png","articleSection":["Actualit\u00e9","Sc gestion"],"inLanguage":"fr-FR"},{"@type":"WebPage","@id":"https:\/\/www.ummto.dz\/fsecsg\/convocation-55\/","url":"https:\/\/www.ummto.dz\/fsecsg\/convocation-55\/","name":"Convocation. - Facult\u00e9 des Sciences Economiques, Commerciales et des Sciences de Gestion","isPartOf":{"@id":"https:\/\/www.ummto.dz\/fsecsg\/#website"},"primaryImageOfPage":{"@id":"https:\/\/www.ummto.dz\/fsecsg\/convocation-55\/#primaryimage"},"image":{"@id":"https:\/\/www.ummto.dz\/fsecsg\/convocation-55\/#primaryimage"},"thumbnailUrl":"https:\/\/www.ummto.dz\/fsecsg\/wp-content\/uploads\/2024\/03\/conv.png","datePublished":"2024-12-09T09:34:39+00:00","dateModified":"2024-12-09T09:44:38+00:00","author":{"@id":"https:\/\/www.ummto.dz\/fsecsg\/#\/schema\/person\/c5f2e51b7d49f0febe1a7d8e53b452e3"},"breadcrumb":{"@id":"https:\/\/www.ummto.dz\/fsecsg\/convocation-55\/#breadcrumb"},"inLanguage":"fr-FR","potentialAction":[{"@type":"ReadAction","target":["https:\/\/www.ummto.dz\/fsecsg\/convocation-55\/"]}]},{"@type":"ImageObject","inLanguage":"fr-FR","@id":"https:\/\/www.ummto.dz\/fsecsg\/convocation-55\/#primaryimage","url":"https:\/\/www.ummto.dz\/fsecsg\/wp-content\/uploads\/2024\/03\/conv.png","contentUrl":"https:\/\/www.ummto.dz\/fsecsg\/wp-content\/uploads\/2024\/03\/conv.png","width":612,"height":330},{"@type":"BreadcrumbList","@id":"https:\/\/www.ummto.dz\/fsecsg\/convocation-55\/#breadcrumb","itemListElement":[{"@type":"ListItem","position":1,"name":"Accueil","item":"https:\/\/www.ummto.dz\/fsecsg\/"},{"@type":"ListItem","position":2,"name":"Convocation."}]},{"@type":"WebSite","@id":"https:\/\/www.ummto.dz\/fsecsg\/#website","url":"https:\/\/www.ummto.dz\/fsecsg\/","name":"Facult\u00e9 des Sciences Economiques, Commerciales et des Sciences de Gestion","description":"Universit\u00e9 Mouloud Mammeri de Tizi Ouzou","potentialAction":[{"@type":"SearchAction","target":{"@type":"EntryPoint","urlTemplate":"https:\/\/www.ummto.dz\/fsecsg\/?s={search_term_string}"},"query-input":{"@type":"PropertyValueSpecification","valueRequired":true,"valueName":"search_term_string"}}],"inLanguage":"fr-FR"},{"@type":"Person","@id":"https:\/\/www.ummto.dz\/fsecsg\/#\/schema\/person\/c5f2e51b7d49f0febe1a7d8e53b452e3","name":"FSECSG","url":"https:\/\/www.ummto.dz\/fsecsg\/author\/fsecsg\/"}]}},"_links":{"self":[{"href":"https:\/\/www.ummto.dz\/fsecsg\/wp-json\/wp\/v2\/posts\/88737","targetHints":{"allow":["GET"]}}],"collection":[{"href":"https:\/\/www.ummto.dz\/fsecsg\/wp-json\/wp\/v2\/posts"}],"about":[{"href":"https:\/\/www.ummto.dz\/fsecsg\/wp-json\/wp\/v2\/types\/post"}],"author":[{"embeddable":true,"href":"https:\/\/www.ummto.dz\/fsecsg\/wp-json\/wp\/v2\/users\/4"}],"replies":[{"embeddable":true,"href":"https:\/\/www.ummto.dz\/fsecsg\/wp-json\/wp\/v2\/comments?post=88737"}],"version-history":[{"count":3,"href":"https:\/\/www.ummto.dz\/fsecsg\/wp-json\/wp\/v2\/posts\/88737\/revisions"}],"predecessor-version":[{"id":88741,"href":"https:\/\/www.ummto.dz\/fsecsg\/wp-json\/wp\/v2\/posts\/88737\/revisions\/88741"}],"wp:featuredmedia":[{"embeddable":true,"href":"https:\/\/www.ummto.dz\/fsecsg\/wp-json\/wp\/v2\/media\/85263"}],"wp:attachment":[{"href":"https:\/\/www.ummto.dz\/fsecsg\/wp-json\/wp\/v2\/media?parent=88737"}],"wp:term":[{"taxonomy":"category","embeddable":true,"href":"https:\/\/www.ummto.dz\/fsecsg\/wp-json\/wp\/v2\/categories?post=88737"},{"taxonomy":"post_tag","embeddable":true,"href":"https:\/\/www.ummto.dz\/fsecsg\/wp-json\/wp\/v2\/tags?post=88737"}],"curies":[{"name":"wp","href":"https:\/\/api.w.org\/{rel}","templated":true}]}}