{"id":92394,"date":"2025-11-29T20:00:26","date_gmt":"2025-11-29T19:00:26","guid":{"rendered":"https:\/\/www.ummto.dz\/fsecsg\/?p=92394"},"modified":"2025-11-30T10:56:16","modified_gmt":"2025-11-30T09:56:16","slug":"la-journee-de-formation-gratuit-portant-sur-le-marketing-digital-le-mercredi-03-decembre-2025","status":"publish","type":"post","link":"https:\/\/www.ummto.dz\/fsecsg\/la-journee-de-formation-gratuit-portant-sur-le-marketing-digital-le-mercredi-03-decembre-2025\/","title":{"rendered":"La journ\u00e9e de formation gratuit portant sur le\u00a0\u00ab Marketing digital \u00bb,\u00a0le mercredi 03 d\u00e9cembre 2025."},"content":{"rendered":"\n[et_pb_section fb_built=\u00a0\u00bb1&Prime; admin_label=\u00a0\u00bbsection\u00a0\u00bb _builder_version=\u00a0\u00bb4.16&Prime; global_colors_info=\u00a0\u00bb{}\u00a0\u00bb][et_pb_row admin_label=\u00a0\u00bbrow\u00a0\u00bb _builder_version=\u00a0\u00bb4.16&Prime; background_size=\u00a0\u00bbinitial\u00a0\u00bb background_position=\u00a0\u00bbtop_left\u00a0\u00bb background_repeat=\u00a0\u00bbrepeat\u00a0\u00bb global_colors_info=\u00a0\u00bb{}\u00a0\u00bb width=\u00a0\u00bb100%\u00a0\u00bb][et_pb_column type=\u00a0\u00bb4_4&Prime; _builder_version=\u00a0\u00bb4.16&Prime; custom_padding=\u00a0\u00bb|||\u00a0\u00bb global_colors_info=\u00a0\u00bb{}\u00a0\u00bb custom_padding__hover=\u00a0\u00bb|||\u00a0\u00bb][et_pb_text admin_label=\u00a0\u00bbText\u00a0\u00bb _builder_version=\u00a0\u00bb4.27.4&Prime; background_size=\u00a0\u00bbinitial\u00a0\u00bb background_position=\u00a0\u00bbtop_left\u00a0\u00bb background_repeat=\u00a0\u00bbrepeat\u00a0\u00bb hover_enabled=\u00a0\u00bb0&Prime; global_colors_info=\u00a0\u00bb{}\u00a0\u00bb sticky_enabled=\u00a0\u00bb0&Prime;]<p>&nbsp;<\/p>\n<p style=\"font-weight: 400\"><span style=\"color: #000000\">Le laboratoire\u00a0de recherche\u00a0DEFI\u00a0et le\u00a0Centre ASTRAL d\u2019e enseignement et de Formation\u00a0organisent un\u00a0atelier de formation gratuit portant sur le\u00a0<strong>\u00ab Marketing digital \u00bb<\/strong>,\u00a0en pr\u00e9sentiel le mercredi 03 d\u00e9cembre 2025 au niveau de la salle de conf\u00e9rence des sciences commerciales.<\/span><\/p>\n<p style=\"font-weight: 400\"><span style=\"text-decoration: underline\"><span style=\"color: #ff0000;text-decoration: underline\"><strong>Le programme\u00a0:<\/strong><\/span><\/span><\/p>\n<p style=\"font-weight: 400\">&#8211;<span style=\"color: #000000\">Premi\u00e8re s\u00e9ance de 9h00 \u00e0 11h00\u00a0sera consacr\u00e9e \u00e0 la \u00ab\u00a0Strat\u00e9gie digitale &amp; ciblage\u00a0\u00bb suivie d\u2019une collation.<\/span><\/p>\n<p style=\"font-weight: 400\"><span style=\"color: #000000\">-Deuxi\u00e8me s\u00e9ance de 11h \u00e0 13h sera consacr\u00e9e au \u00ab Projet final \/ \u00c9tude de cas \/ Int\u00e9gration de la vid\u00e9o\u00a0\u00bb.<\/span><\/p>\n<p style=\"font-weight: 400\"><span style=\"color: #000000\">&#8211; L \u2019atelier sera assur\u00e9 par la formatrice\u00a0Madame Dounia Serir sp\u00e9cialise en art et industrie graphique, Directrice d&rsquo;une agence de communication, responsable des comptes commerciaux pour des entreprises internationales.\u00a0\u00a0\u00a0<\/span><\/p>\n<p style=\"font-weight: 400\"><span style=\"color: #000000\">&#8211; Une attestation de formation sera remise aux participants.<\/span><\/p>\n<p style=\"font-weight: 400\"><span style=\"color: #000000\">Les \u00e9tudiants, doctorants et les enseignants qui souhaitent participer \u00e0 cet atelier de formation sont invit\u00e9s \u00e0 s\u2019inscrire via le lien suivant\u00a0:<\/span> \u21d2\u00a0 \u21d2\u00a0 \u21d2<strong><a href=\"https:\/\/docs.google.com\/forms\/d\/e\/1FAIpQLSc8F0dJdDE-SeMHuL-XXlAXsCujUZniw6FYUzJiQvvKnLeKPw\/viewform\" data-saferedirecturl=\"https:\/\/www.google.com\/url?q=https:\/\/docs.google.com\/forms\/d\/e\/1FAIpQLSc8F0dJdDE-SeMHuL-XXlAXsCujUZniw6FYUzJiQvvKnLeKPw\/viewform&amp;source=gmail&amp;ust=1764528677860000&amp;usg=AOvVaw0iXNioqtUoQfGVSw7inYiN\">https:\/\/docs.google.com\/forms\/d\/e\/1FAIpQLSc8F0dJdDE-SeMHuL-XXlAXsCujUZ<\/a><\/strong>\u00a0<\/p>\n<div dir=\"ltr\" class=\"gmail_attr\" style=\"text-align: center\"><span style=\"text-decoration: underline\"><strong><em>Pr B\u00e9laid Abrika.<\/em><\/strong><\/span><\/div>\n<p style=\"font-weight: 400;text-align: center\"><span style=\"text-decoration: underline\"><strong><em>Directeur du\u00a0 laboratoire de recherche d\u00e9fi.<\/em><\/strong><\/span><\/p>\n<p><\/p>[\/et_pb_text][\/et_pb_column][\/et_pb_row][\/et_pb_section]\n","protected":false},"excerpt":{"rendered":"<p>&nbsp; Le laboratoire\u00a0de recherche\u00a0DEFI\u00a0et le\u00a0Centre ASTRAL d\u2019e enseignement et de Formation\u00a0organisent un\u00a0atelier de formation gratuit portant sur le\u00a0\u00ab Marketing digital \u00bb,\u00a0en pr\u00e9sentiel le mercredi 03 d\u00e9cembre 2025 au niveau de la salle de conf\u00e9rence des sciences commerciales. Le programme\u00a0: -Premi\u00e8re s\u00e9ance de 9h00 \u00e0 11h00\u00a0sera consacr\u00e9e \u00e0 la \u00ab\u00a0Strat\u00e9gie digitale &amp; ciblage\u00a0\u00bb suivie d\u2019une collation. [&hellip;]<\/p>\n","protected":false},"author":4,"featured_media":92411,"comment_status":"closed","ping_status":"closed","sticky":false,"template":"","format":"standard","meta":{"_et_pb_use_builder":"on","_et_pb_old_content":"<!-- wp:divi\/placeholder \/-->","_et_gb_content_width":"","footnotes":""},"categories":[15],"tags":[],"class_list":["post-92394","post","type-post","status-publish","format-standard","has-post-thumbnail","hentry","category-actualite"],"yoast_head":"<!-- This site is optimized with the Yoast SEO plugin v27.3 - https:\/\/yoast.com\/product\/yoast-seo-wordpress\/ -->\n<title>La journ\u00e9e de formation gratuit portant sur le\u00a0\u00ab Marketing digital \u00bb,\u00a0le mercredi 03 d\u00e9cembre 2025. - Facult\u00e9 des Sciences Economiques, Commerciales et des Sciences de Gestion<\/title>\n<meta name=\"robots\" content=\"index, follow, max-snippet:-1, max-image-preview:large, max-video-preview:-1\" \/>\n<link rel=\"canonical\" href=\"https:\/\/www.ummto.dz\/fsecsg\/la-journee-de-formation-gratuit-portant-sur-le-marketing-digital-le-mercredi-03-decembre-2025\/\" \/>\n<meta property=\"og:locale\" content=\"fr_FR\" \/>\n<meta property=\"og:type\" content=\"article\" \/>\n<meta property=\"og:title\" content=\"La journ\u00e9e de formation gratuit portant sur le\u00a0\u00ab Marketing digital \u00bb,\u00a0le mercredi 03 d\u00e9cembre 2025. - Facult\u00e9 des Sciences Economiques, Commerciales et des Sciences de Gestion\" \/>\n<meta property=\"og:description\" content=\"&nbsp; Le laboratoire\u00a0de recherche\u00a0DEFI\u00a0et le\u00a0Centre ASTRAL d\u2019e enseignement et de Formation\u00a0organisent un\u00a0atelier de formation gratuit portant sur le\u00a0\u00ab Marketing digital \u00bb,\u00a0en pr\u00e9sentiel le mercredi 03 d\u00e9cembre 2025 au niveau de la salle de conf\u00e9rence des sciences commerciales. Le programme\u00a0: -Premi\u00e8re s\u00e9ance de 9h00 \u00e0 11h00\u00a0sera consacr\u00e9e \u00e0 la \u00ab\u00a0Strat\u00e9gie digitale &amp; ciblage\u00a0\u00bb suivie d\u2019une collation. [&hellip;]\" \/>\n<meta property=\"og:url\" content=\"https:\/\/www.ummto.dz\/fsecsg\/la-journee-de-formation-gratuit-portant-sur-le-marketing-digital-le-mercredi-03-decembre-2025\/\" \/>\n<meta property=\"og:site_name\" content=\"Facult\u00e9 des Sciences Economiques, Commerciales et des Sciences de Gestion\" \/>\n<meta property=\"article:published_time\" content=\"2025-11-29T19:00:26+00:00\" \/>\n<meta property=\"article:modified_time\" content=\"2025-11-30T09:56:16+00:00\" \/>\n<meta property=\"og:image\" content=\"https:\/\/www.ummto.dz\/fsecsg\/wp-content\/uploads\/2025\/11\/workshop.png\" \/>\n\t<meta property=\"og:image:width\" content=\"245\" \/>\n\t<meta property=\"og:image:height\" content=\"206\" \/>\n\t<meta property=\"og:image:type\" content=\"image\/png\" \/>\n<meta name=\"author\" content=\"FSECSG\" \/>\n<meta name=\"twitter:card\" content=\"summary_large_image\" \/>\n<meta name=\"twitter:label1\" content=\"\u00c9crit par\" \/>\n\t<meta name=\"twitter:data1\" content=\"FSECSG\" \/>\n\t<meta name=\"twitter:label2\" content=\"Dur\u00e9e de lecture estim\u00e9e\" \/>\n\t<meta name=\"twitter:data2\" content=\"1 minute\" \/>\n<script type=\"application\/ld+json\" class=\"yoast-schema-graph\">{\"@context\":\"https:\\\/\\\/schema.org\",\"@graph\":[{\"@type\":\"Article\",\"@id\":\"https:\\\/\\\/www.ummto.dz\\\/fsecsg\\\/la-journee-de-formation-gratuit-portant-sur-le-marketing-digital-le-mercredi-03-decembre-2025\\\/#article\",\"isPartOf\":{\"@id\":\"https:\\\/\\\/www.ummto.dz\\\/fsecsg\\\/la-journee-de-formation-gratuit-portant-sur-le-marketing-digital-le-mercredi-03-decembre-2025\\\/\"},\"author\":{\"name\":\"FSECSG\",\"@id\":\"https:\\\/\\\/www.ummto.dz\\\/fsecsg\\\/#\\\/schema\\\/person\\\/c5f2e51b7d49f0febe1a7d8e53b452e3\"},\"headline\":\"La journ\u00e9e de formation gratuit portant sur le\u00a0\u00ab Marketing digital \u00bb,\u00a0le mercredi 03 d\u00e9cembre 2025.\",\"datePublished\":\"2025-11-29T19:00:26+00:00\",\"dateModified\":\"2025-11-30T09:56:16+00:00\",\"mainEntityOfPage\":{\"@id\":\"https:\\\/\\\/www.ummto.dz\\\/fsecsg\\\/la-journee-de-formation-gratuit-portant-sur-le-marketing-digital-le-mercredi-03-decembre-2025\\\/\"},\"wordCount\":274,\"image\":{\"@id\":\"https:\\\/\\\/www.ummto.dz\\\/fsecsg\\\/la-journee-de-formation-gratuit-portant-sur-le-marketing-digital-le-mercredi-03-decembre-2025\\\/#primaryimage\"},\"thumbnailUrl\":\"https:\\\/\\\/www.ummto.dz\\\/fsecsg\\\/wp-content\\\/uploads\\\/2025\\\/11\\\/workshop.png\",\"articleSection\":[\"Actualit\u00e9\"],\"inLanguage\":\"fr-FR\"},{\"@type\":\"WebPage\",\"@id\":\"https:\\\/\\\/www.ummto.dz\\\/fsecsg\\\/la-journee-de-formation-gratuit-portant-sur-le-marketing-digital-le-mercredi-03-decembre-2025\\\/\",\"url\":\"https:\\\/\\\/www.ummto.dz\\\/fsecsg\\\/la-journee-de-formation-gratuit-portant-sur-le-marketing-digital-le-mercredi-03-decembre-2025\\\/\",\"name\":\"La journ\u00e9e de formation gratuit portant sur le\u00a0\u00ab Marketing digital \u00bb,\u00a0le mercredi 03 d\u00e9cembre 2025. - Facult\u00e9 des Sciences Economiques, Commerciales et des Sciences de Gestion\",\"isPartOf\":{\"@id\":\"https:\\\/\\\/www.ummto.dz\\\/fsecsg\\\/#website\"},\"primaryImageOfPage\":{\"@id\":\"https:\\\/\\\/www.ummto.dz\\\/fsecsg\\\/la-journee-de-formation-gratuit-portant-sur-le-marketing-digital-le-mercredi-03-decembre-2025\\\/#primaryimage\"},\"image\":{\"@id\":\"https:\\\/\\\/www.ummto.dz\\\/fsecsg\\\/la-journee-de-formation-gratuit-portant-sur-le-marketing-digital-le-mercredi-03-decembre-2025\\\/#primaryimage\"},\"thumbnailUrl\":\"https:\\\/\\\/www.ummto.dz\\\/fsecsg\\\/wp-content\\\/uploads\\\/2025\\\/11\\\/workshop.png\",\"datePublished\":\"2025-11-29T19:00:26+00:00\",\"dateModified\":\"2025-11-30T09:56:16+00:00\",\"author\":{\"@id\":\"https:\\\/\\\/www.ummto.dz\\\/fsecsg\\\/#\\\/schema\\\/person\\\/c5f2e51b7d49f0febe1a7d8e53b452e3\"},\"breadcrumb\":{\"@id\":\"https:\\\/\\\/www.ummto.dz\\\/fsecsg\\\/la-journee-de-formation-gratuit-portant-sur-le-marketing-digital-le-mercredi-03-decembre-2025\\\/#breadcrumb\"},\"inLanguage\":\"fr-FR\",\"potentialAction\":[{\"@type\":\"ReadAction\",\"target\":[\"https:\\\/\\\/www.ummto.dz\\\/fsecsg\\\/la-journee-de-formation-gratuit-portant-sur-le-marketing-digital-le-mercredi-03-decembre-2025\\\/\"]}]},{\"@type\":\"ImageObject\",\"inLanguage\":\"fr-FR\",\"@id\":\"https:\\\/\\\/www.ummto.dz\\\/fsecsg\\\/la-journee-de-formation-gratuit-portant-sur-le-marketing-digital-le-mercredi-03-decembre-2025\\\/#primaryimage\",\"url\":\"https:\\\/\\\/www.ummto.dz\\\/fsecsg\\\/wp-content\\\/uploads\\\/2025\\\/11\\\/workshop.png\",\"contentUrl\":\"https:\\\/\\\/www.ummto.dz\\\/fsecsg\\\/wp-content\\\/uploads\\\/2025\\\/11\\\/workshop.png\",\"width\":245,\"height\":206},{\"@type\":\"BreadcrumbList\",\"@id\":\"https:\\\/\\\/www.ummto.dz\\\/fsecsg\\\/la-journee-de-formation-gratuit-portant-sur-le-marketing-digital-le-mercredi-03-decembre-2025\\\/#breadcrumb\",\"itemListElement\":[{\"@type\":\"ListItem\",\"position\":1,\"name\":\"Accueil\",\"item\":\"https:\\\/\\\/www.ummto.dz\\\/fsecsg\\\/\"},{\"@type\":\"ListItem\",\"position\":2,\"name\":\"La journ\u00e9e de formation gratuit portant sur le\u00a0\u00ab Marketing digital \u00bb,\u00a0le mercredi 03 d\u00e9cembre 2025.\"}]},{\"@type\":\"WebSite\",\"@id\":\"https:\\\/\\\/www.ummto.dz\\\/fsecsg\\\/#website\",\"url\":\"https:\\\/\\\/www.ummto.dz\\\/fsecsg\\\/\",\"name\":\"Facult\u00e9 des Sciences Economiques, Commerciales et des Sciences de Gestion\",\"description\":\"Universit\u00e9 Mouloud Mammeri de Tizi Ouzou\",\"potentialAction\":[{\"@type\":\"SearchAction\",\"target\":{\"@type\":\"EntryPoint\",\"urlTemplate\":\"https:\\\/\\\/www.ummto.dz\\\/fsecsg\\\/?s={search_term_string}\"},\"query-input\":{\"@type\":\"PropertyValueSpecification\",\"valueRequired\":true,\"valueName\":\"search_term_string\"}}],\"inLanguage\":\"fr-FR\"},{\"@type\":\"Person\",\"@id\":\"https:\\\/\\\/www.ummto.dz\\\/fsecsg\\\/#\\\/schema\\\/person\\\/c5f2e51b7d49f0febe1a7d8e53b452e3\",\"name\":\"FSECSG\",\"url\":\"https:\\\/\\\/www.ummto.dz\\\/fsecsg\\\/author\\\/fsecsg\\\/\"}]}<\/script>\n<!-- \/ Yoast SEO plugin. -->","yoast_head_json":{"title":"La journ\u00e9e de formation gratuit portant sur le\u00a0\u00ab Marketing digital \u00bb,\u00a0le mercredi 03 d\u00e9cembre 2025. - Facult\u00e9 des Sciences Economiques, Commerciales et des Sciences de Gestion","robots":{"index":"index","follow":"follow","max-snippet":"max-snippet:-1","max-image-preview":"max-image-preview:large","max-video-preview":"max-video-preview:-1"},"canonical":"https:\/\/www.ummto.dz\/fsecsg\/la-journee-de-formation-gratuit-portant-sur-le-marketing-digital-le-mercredi-03-decembre-2025\/","og_locale":"fr_FR","og_type":"article","og_title":"La journ\u00e9e de formation gratuit portant sur le\u00a0\u00ab Marketing digital \u00bb,\u00a0le mercredi 03 d\u00e9cembre 2025. - Facult\u00e9 des Sciences Economiques, Commerciales et des Sciences de Gestion","og_description":"&nbsp; Le laboratoire\u00a0de recherche\u00a0DEFI\u00a0et le\u00a0Centre ASTRAL d\u2019e enseignement et de Formation\u00a0organisent un\u00a0atelier de formation gratuit portant sur le\u00a0\u00ab Marketing digital \u00bb,\u00a0en pr\u00e9sentiel le mercredi 03 d\u00e9cembre 2025 au niveau de la salle de conf\u00e9rence des sciences commerciales. Le programme\u00a0: -Premi\u00e8re s\u00e9ance de 9h00 \u00e0 11h00\u00a0sera consacr\u00e9e \u00e0 la \u00ab\u00a0Strat\u00e9gie digitale &amp; ciblage\u00a0\u00bb suivie d\u2019une collation. [&hellip;]","og_url":"https:\/\/www.ummto.dz\/fsecsg\/la-journee-de-formation-gratuit-portant-sur-le-marketing-digital-le-mercredi-03-decembre-2025\/","og_site_name":"Facult\u00e9 des Sciences Economiques, Commerciales et des Sciences de Gestion","article_published_time":"2025-11-29T19:00:26+00:00","article_modified_time":"2025-11-30T09:56:16+00:00","og_image":[{"width":245,"height":206,"url":"https:\/\/www.ummto.dz\/fsecsg\/wp-content\/uploads\/2025\/11\/workshop.png","type":"image\/png"}],"author":"FSECSG","twitter_card":"summary_large_image","twitter_misc":{"\u00c9crit par":"FSECSG","Dur\u00e9e de lecture estim\u00e9e":"1 minute"},"schema":{"@context":"https:\/\/schema.org","@graph":[{"@type":"Article","@id":"https:\/\/www.ummto.dz\/fsecsg\/la-journee-de-formation-gratuit-portant-sur-le-marketing-digital-le-mercredi-03-decembre-2025\/#article","isPartOf":{"@id":"https:\/\/www.ummto.dz\/fsecsg\/la-journee-de-formation-gratuit-portant-sur-le-marketing-digital-le-mercredi-03-decembre-2025\/"},"author":{"name":"FSECSG","@id":"https:\/\/www.ummto.dz\/fsecsg\/#\/schema\/person\/c5f2e51b7d49f0febe1a7d8e53b452e3"},"headline":"La journ\u00e9e de formation gratuit portant sur le\u00a0\u00ab Marketing digital \u00bb,\u00a0le mercredi 03 d\u00e9cembre 2025.","datePublished":"2025-11-29T19:00:26+00:00","dateModified":"2025-11-30T09:56:16+00:00","mainEntityOfPage":{"@id":"https:\/\/www.ummto.dz\/fsecsg\/la-journee-de-formation-gratuit-portant-sur-le-marketing-digital-le-mercredi-03-decembre-2025\/"},"wordCount":274,"image":{"@id":"https:\/\/www.ummto.dz\/fsecsg\/la-journee-de-formation-gratuit-portant-sur-le-marketing-digital-le-mercredi-03-decembre-2025\/#primaryimage"},"thumbnailUrl":"https:\/\/www.ummto.dz\/fsecsg\/wp-content\/uploads\/2025\/11\/workshop.png","articleSection":["Actualit\u00e9"],"inLanguage":"fr-FR"},{"@type":"WebPage","@id":"https:\/\/www.ummto.dz\/fsecsg\/la-journee-de-formation-gratuit-portant-sur-le-marketing-digital-le-mercredi-03-decembre-2025\/","url":"https:\/\/www.ummto.dz\/fsecsg\/la-journee-de-formation-gratuit-portant-sur-le-marketing-digital-le-mercredi-03-decembre-2025\/","name":"La journ\u00e9e de formation gratuit portant sur le\u00a0\u00ab Marketing digital \u00bb,\u00a0le mercredi 03 d\u00e9cembre 2025. - Facult\u00e9 des Sciences Economiques, Commerciales et des Sciences de Gestion","isPartOf":{"@id":"https:\/\/www.ummto.dz\/fsecsg\/#website"},"primaryImageOfPage":{"@id":"https:\/\/www.ummto.dz\/fsecsg\/la-journee-de-formation-gratuit-portant-sur-le-marketing-digital-le-mercredi-03-decembre-2025\/#primaryimage"},"image":{"@id":"https:\/\/www.ummto.dz\/fsecsg\/la-journee-de-formation-gratuit-portant-sur-le-marketing-digital-le-mercredi-03-decembre-2025\/#primaryimage"},"thumbnailUrl":"https:\/\/www.ummto.dz\/fsecsg\/wp-content\/uploads\/2025\/11\/workshop.png","datePublished":"2025-11-29T19:00:26+00:00","dateModified":"2025-11-30T09:56:16+00:00","author":{"@id":"https:\/\/www.ummto.dz\/fsecsg\/#\/schema\/person\/c5f2e51b7d49f0febe1a7d8e53b452e3"},"breadcrumb":{"@id":"https:\/\/www.ummto.dz\/fsecsg\/la-journee-de-formation-gratuit-portant-sur-le-marketing-digital-le-mercredi-03-decembre-2025\/#breadcrumb"},"inLanguage":"fr-FR","potentialAction":[{"@type":"ReadAction","target":["https:\/\/www.ummto.dz\/fsecsg\/la-journee-de-formation-gratuit-portant-sur-le-marketing-digital-le-mercredi-03-decembre-2025\/"]}]},{"@type":"ImageObject","inLanguage":"fr-FR","@id":"https:\/\/www.ummto.dz\/fsecsg\/la-journee-de-formation-gratuit-portant-sur-le-marketing-digital-le-mercredi-03-decembre-2025\/#primaryimage","url":"https:\/\/www.ummto.dz\/fsecsg\/wp-content\/uploads\/2025\/11\/workshop.png","contentUrl":"https:\/\/www.ummto.dz\/fsecsg\/wp-content\/uploads\/2025\/11\/workshop.png","width":245,"height":206},{"@type":"BreadcrumbList","@id":"https:\/\/www.ummto.dz\/fsecsg\/la-journee-de-formation-gratuit-portant-sur-le-marketing-digital-le-mercredi-03-decembre-2025\/#breadcrumb","itemListElement":[{"@type":"ListItem","position":1,"name":"Accueil","item":"https:\/\/www.ummto.dz\/fsecsg\/"},{"@type":"ListItem","position":2,"name":"La journ\u00e9e de formation gratuit portant sur le\u00a0\u00ab Marketing digital \u00bb,\u00a0le mercredi 03 d\u00e9cembre 2025."}]},{"@type":"WebSite","@id":"https:\/\/www.ummto.dz\/fsecsg\/#website","url":"https:\/\/www.ummto.dz\/fsecsg\/","name":"Facult\u00e9 des Sciences Economiques, Commerciales et des Sciences de Gestion","description":"Universit\u00e9 Mouloud Mammeri de Tizi Ouzou","potentialAction":[{"@type":"SearchAction","target":{"@type":"EntryPoint","urlTemplate":"https:\/\/www.ummto.dz\/fsecsg\/?s={search_term_string}"},"query-input":{"@type":"PropertyValueSpecification","valueRequired":true,"valueName":"search_term_string"}}],"inLanguage":"fr-FR"},{"@type":"Person","@id":"https:\/\/www.ummto.dz\/fsecsg\/#\/schema\/person\/c5f2e51b7d49f0febe1a7d8e53b452e3","name":"FSECSG","url":"https:\/\/www.ummto.dz\/fsecsg\/author\/fsecsg\/"}]}},"_links":{"self":[{"href":"https:\/\/www.ummto.dz\/fsecsg\/wp-json\/wp\/v2\/posts\/92394","targetHints":{"allow":["GET"]}}],"collection":[{"href":"https:\/\/www.ummto.dz\/fsecsg\/wp-json\/wp\/v2\/posts"}],"about":[{"href":"https:\/\/www.ummto.dz\/fsecsg\/wp-json\/wp\/v2\/types\/post"}],"author":[{"embeddable":true,"href":"https:\/\/www.ummto.dz\/fsecsg\/wp-json\/wp\/v2\/users\/4"}],"replies":[{"embeddable":true,"href":"https:\/\/www.ummto.dz\/fsecsg\/wp-json\/wp\/v2\/comments?post=92394"}],"version-history":[{"count":4,"href":"https:\/\/www.ummto.dz\/fsecsg\/wp-json\/wp\/v2\/posts\/92394\/revisions"}],"predecessor-version":[{"id":92412,"href":"https:\/\/www.ummto.dz\/fsecsg\/wp-json\/wp\/v2\/posts\/92394\/revisions\/92412"}],"wp:featuredmedia":[{"embeddable":true,"href":"https:\/\/www.ummto.dz\/fsecsg\/wp-json\/wp\/v2\/media\/92411"}],"wp:attachment":[{"href":"https:\/\/www.ummto.dz\/fsecsg\/wp-json\/wp\/v2\/media?parent=92394"}],"wp:term":[{"taxonomy":"category","embeddable":true,"href":"https:\/\/www.ummto.dz\/fsecsg\/wp-json\/wp\/v2\/categories?post=92394"},{"taxonomy":"post_tag","embeddable":true,"href":"https:\/\/www.ummto.dz\/fsecsg\/wp-json\/wp\/v2\/tags?post=92394"}],"curies":[{"name":"wp","href":"https:\/\/api.w.org\/{rel}","templated":true}]}}