{"id":92513,"date":"2025-12-07T14:20:53","date_gmt":"2025-12-07T13:20:53","guid":{"rendered":"https:\/\/www.ummto.dz\/fsecsg\/?p=92513"},"modified":"2025-12-07T14:24:33","modified_gmt":"2025-12-07T13:24:33","slug":"laboratoire-defi-conference-sur-le-financement-de-projet","status":"publish","type":"post","link":"https:\/\/www.ummto.dz\/fsecsg\/laboratoire-defi-conference-sur-le-financement-de-projet\/","title":{"rendered":"Laboratoire DEFI: Conf\u00e9rence sur le financement de projet."},"content":{"rendered":"[et_pb_section fb_built=\u00a0\u00bb1&Prime; admin_label=\u00a0\u00bbsection\u00a0\u00bb _builder_version=\u00a0\u00bb4.16&Prime; global_colors_info=\u00a0\u00bb{}\u00a0\u00bb][et_pb_row admin_label=\u00a0\u00bbrow\u00a0\u00bb _builder_version=\u00a0\u00bb4.16&Prime; background_size=\u00a0\u00bbinitial\u00a0\u00bb background_position=\u00a0\u00bbtop_left\u00a0\u00bb background_repeat=\u00a0\u00bbrepeat\u00a0\u00bb global_colors_info=\u00a0\u00bb{}\u00a0\u00bb width=\u00a0\u00bb100%\u00a0\u00bb][et_pb_column type=\u00a0\u00bb4_4&Prime; _builder_version=\u00a0\u00bb4.16&Prime; custom_padding=\u00a0\u00bb|||\u00a0\u00bb global_colors_info=\u00a0\u00bb{}\u00a0\u00bb custom_padding__hover=\u00a0\u00bb|||\u00a0\u00bb][et_pb_text admin_label=\u00a0\u00bbText\u00a0\u00bb _builder_version=\u00a0\u00bb4.27.4&Prime; background_size=\u00a0\u00bbinitial\u00a0\u00bb background_position=\u00a0\u00bbtop_left\u00a0\u00bb background_repeat=\u00a0\u00bbrepeat\u00a0\u00bb hover_enabled=\u00a0\u00bb0&Prime; global_colors_info=\u00a0\u00bb{}\u00a0\u00bb min_height=\u00a0\u00bb208px\u00a0\u00bb sticky_enabled=\u00a0\u00bb0&Prime;]<div>Annonce &#8211; Conf\u00e9rence Sp\u00e9cial sur le financement de projet<span>\u00a0<\/span><img decoding=\"async\" data-emoji=\"\ud83d\udce2\" class=\"an1\" alt=\"\ud83d\udce2\" aria-label=\"\ud83d\udce2\" src=\"https:\/\/fonts.gstatic.com\/s\/e\/notoemoji\/16.0\/1f4e2\/32.png\" loading=\"lazy\" \/><\/div>\n<div><\/div>\n<div><img decoding=\"async\" data-emoji=\"\ud83d\udcab\" class=\"an1\" alt=\"\ud83d\udcab\" aria-label=\"\ud83d\udcab\" src=\"https:\/\/fonts.gstatic.com\/s\/e\/notoemoji\/16.0\/1f4ab\/32.png\" loading=\"lazy\" \/>Nous sommes ravis d&rsquo;annoncer un \u00e9v\u00e9nement incontournable !<\/div>\n<div><\/div>\n<div>Le laboratoire de recherche DEFI en collaboration avec Ambition Entrepreneuriat Consulting et la Facult\u00e9 des sciences \u00e9conomiques organise un atelier de formation sur le financement des projets.<\/div>\n<div><\/div>\n<div>Vous avez un projet en t\u00eate et vous souhaitez comprendre comment le financer ?<\/div>\n<div>Ne manquez pas cette opportunit\u00e9 unique !<\/div>\n<div><\/div>\n<div><img decoding=\"async\" data-emoji=\"\u2728\" class=\"an1\" alt=\"\u2728\" aria-label=\"\u2728\" src=\"https:\/\/fonts.gstatic.com\/s\/e\/notoemoji\/16.0\/2728\/32.png\" loading=\"lazy\" \/><span>\u00a0<\/span>Th\u00e8me : Financement de projet<\/div>\n<div>Avec au programme :<\/div>\n<div><img decoding=\"async\" data-emoji=\"\u2714\ufe0f\" class=\"an1\" alt=\"\u2714\ufe0f\" aria-label=\"\u2714\ufe0f\" src=\"https:\/\/fonts.gstatic.com\/s\/e\/notoemoji\/16.0\/2714_fe0f\/32.png\" loading=\"lazy\" \/><span>\u00a0<\/span>Pr\u00e9sentation ASF<\/div>\n<div><img decoding=\"async\" data-emoji=\"\u2714\ufe0f\" class=\"an1\" alt=\"\u2714\ufe0f\" aria-label=\"\u2714\ufe0f\" src=\"https:\/\/fonts.gstatic.com\/s\/e\/notoemoji\/16.0\/2714_fe0f\/32.png\" loading=\"lazy\" \/><span>\u00a0<\/span>M\u00e9canismes de financement<\/div>\n<div><\/div>\n<div><img decoding=\"async\" data-emoji=\"\ud83c\udfa4\" class=\"an1\" alt=\"\ud83c\udfa4\" aria-label=\"\ud83c\udfa4\" src=\"https:\/\/fonts.gstatic.com\/s\/e\/notoemoji\/16.0\/1f3a4\/32.png\" loading=\"lazy\" \/><span>\u00a0<\/span>Conf\u00e9rence anim\u00e9e par :<\/div>\n<div>Anys Rahabi, Directeur g\u00e9n\u00e9ral de ASF<\/div>\n<div><img decoding=\"async\" data-emoji=\"\ud83d\udcc5\" class=\"an1\" alt=\"\ud83d\udcc5\" aria-label=\"\ud83d\udcc5\" src=\"https:\/\/fonts.gstatic.com\/s\/e\/notoemoji\/16.0\/1f4c5\/32.png\" loading=\"lazy\" \/><span>\u00a0<\/span>Mercredi 10 d\u00e9cembre 2025<\/div>\n<div><img decoding=\"async\" data-emoji=\"\ud83d\udd5b\" class=\"an1\" alt=\"\ud83d\udd5b\" aria-label=\"\ud83d\udd5b\" src=\"https:\/\/fonts.gstatic.com\/s\/e\/notoemoji\/16.0\/1f55b\/32.png\" loading=\"lazy\" \/><span>\u00a0<\/span>09h00 \u00e0 13h00\u00a0<\/div>\n<div><img decoding=\"async\" data-emoji=\"\ud83c\udfdb\ufe0f\" class=\"an1\" alt=\"\ud83c\udfdb\ufe0f\" aria-label=\"\ud83c\udfdb\ufe0f\" src=\"https:\/\/fonts.gstatic.com\/s\/e\/notoemoji\/16.0\/1f3db_fe0f\/32.png\" loading=\"lazy\" \/><span>\u00a0<\/span>Salle de soutenance \u2013 D\u00e9partement des sciences commerciales<\/div>\n<div><img decoding=\"async\" data-emoji=\"\ud83d\udc65\" class=\"an1\" alt=\"\ud83d\udc65\" aria-label=\"\ud83d\udc65\" src=\"https:\/\/fonts.gstatic.com\/s\/e\/notoemoji\/16.0\/1f465\/32.png\" loading=\"lazy\" \/><span>\u00a0<\/span>Destin\u00e9e aux : \u00e9tudiants fin de cycle &amp; enseignants<\/div>\n<div><\/div>\n<div><img decoding=\"async\" data-emoji=\"\ud83d\udcc4\" class=\"an1\" alt=\"\ud83d\udcc4\" aria-label=\"\ud83d\udcc4\" src=\"https:\/\/fonts.gstatic.com\/s\/e\/notoemoji\/16.0\/1f4c4\/32.png\" loading=\"lazy\" \/><span>\u00a0<\/span>Attestation de participation d\u00e9livr\u00e9e<\/div>\n<div>Par Ambition Entrepreneuriat Consulting.<\/div>\n<div><\/div>\n<div><img decoding=\"async\" data-emoji=\"\ud83d\ude80\" class=\"an1\" alt=\"\ud83d\ude80\" aria-label=\"\ud83d\ude80\" src=\"https:\/\/fonts.gstatic.com\/s\/e\/notoemoji\/16.0\/1f680\/32.png\" loading=\"lazy\" \/><span>\u00a0<\/span>Une rencontre inspirante pour mieux comprendre les leviers de financement et faire avancer vos projets !<\/div>\n<div><\/div>\n<div>Les places sont limit\u00e9es! Inscrivez-vous d\u00e8s maintenant<span>\u00a0<\/span><img decoding=\"async\" data-emoji=\"\ud83d\udc47\" class=\"an1\" alt=\"\ud83d\udc47\" aria-label=\"\ud83d\udc47\" src=\"https:\/\/fonts.gstatic.com\/s\/e\/notoemoji\/16.0\/1f447\/32.png\" loading=\"lazy\" \/><\/div>\n<div><\/div>\n<div><a rel=\"nofollow noopener noreferrer noreferrer\" href=\"https:\/\/docs.google.com\/forms\/d\/1k54p_tG5j0Wy0RFNXvND1otPEp-dNxbP66Nh3i0YS6Y\/edit?chromeless=1\" target=\"_blank\" data-saferedirecturl=\"https:\/\/www.google.com\/url?q=https:\/\/docs.google.com\/forms\/d\/1k54p_tG5j0Wy0RFNXvND1otPEp-dNxbP66Nh3i0YS6Y\/edit?chromeless%3D1&amp;source=gmail&amp;ust=1765198082365000&amp;usg=AOvVaw1Jo_OMkmXL9EmPY-NUte8f\">https:\/\/docs.google.com\/forms\/<wbr \/>d\/1k54p_tG5j0Wy0RFNXvND1otPEp-<wbr \/>dNxbP66Nh3i0YS6Y\/edit?<wbr \/>chromeless=1<\/a><\/div>\n<div><\/div>\n<div>le lien pour suivre \u00e0 distance la formation<span>\u00a0<\/span><img decoding=\"async\" data-emoji=\"\ud83d\udc47\" class=\"an1\" alt=\"\ud83d\udc47\" aria-label=\"\ud83d\udc47\" src=\"https:\/\/fonts.gstatic.com\/s\/e\/notoemoji\/16.0\/1f447\/32.png\" loading=\"lazy\" \/><\/div>\n<div><\/div>\n<div><a rel=\"nofollow noopener noreferrer noreferrer\" href=\"http:\/\/meet.google.com\/itj-pwqa-nzq\" target=\"_blank\" data-saferedirecturl=\"https:\/\/www.google.com\/url?q=http:\/\/meet.google.com\/itj-pwqa-nzq&amp;source=gmail&amp;ust=1765198082365000&amp;usg=AOvVaw24K04NExx7UAxNBTbwSjXv\">http:\/\/meet.google.com\/itj-<wbr \/>pwqa-nzq<\/a><\/div>\n<div><img decoding=\"async\" src=\"https:\/\/www.ummto.dz\/fsecsg\/wp-content\/uploads\/2025\/12\/1000023450.jpg\" width=\"904\" height=\"1280\" alt=\"\" class=\"wp-image-92516 alignnone size-full\" srcset=\"https:\/\/www.ummto.dz\/fsecsg\/wp-content\/uploads\/2025\/12\/1000023450.jpg 904w, https:\/\/www.ummto.dz\/fsecsg\/wp-content\/uploads\/2025\/12\/1000023450-480x680.jpg 480w\" sizes=\"(min-width: 0px) and (max-width: 480px) 480px, (min-width: 481px) 904px, 100vw\" \/><\/div>\n<div><\/div>\n<p>&nbsp;<\/p>\n<p><\/p>[\/et_pb_text][\/et_pb_column][\/et_pb_row][\/et_pb_section]","protected":false},"excerpt":{"rendered":"<p>Annonce &#8211; Conf\u00e9rence Sp\u00e9cial sur le financement de projet\u00a0 Nous sommes ravis d&rsquo;annoncer un \u00e9v\u00e9nement incontournable ! Le laboratoire de recherche DEFI en collaboration avec Ambition Entrepreneuriat Consulting et la Facult\u00e9 des sciences \u00e9conomiques organise un atelier de formation sur le financement des projets. Vous avez un projet en t\u00eate et vous souhaitez comprendre comment [&hellip;]<\/p>\n","protected":false},"author":4,"featured_media":92272,"comment_status":"closed","ping_status":"closed","sticky":false,"template":"","format":"standard","meta":{"_et_pb_use_builder":"on","_et_pb_old_content":"<!-- wp:divi\/placeholder \/-->","_et_gb_content_width":"","footnotes":""},"categories":[15],"tags":[],"class_list":["post-92513","post","type-post","status-publish","format-standard","has-post-thumbnail","hentry","category-actualite"],"yoast_head":"<!-- This site is optimized with the Yoast SEO plugin v27.3 - https:\/\/yoast.com\/product\/yoast-seo-wordpress\/ -->\n<title>Laboratoire DEFI: Conf\u00e9rence sur le financement de projet. - Facult\u00e9 des Sciences Economiques, Commerciales et des Sciences de Gestion<\/title>\n<meta name=\"robots\" content=\"index, follow, max-snippet:-1, max-image-preview:large, max-video-preview:-1\" \/>\n<link rel=\"canonical\" href=\"https:\/\/www.ummto.dz\/fsecsg\/laboratoire-defi-conference-sur-le-financement-de-projet\/\" \/>\n<meta property=\"og:locale\" content=\"fr_FR\" \/>\n<meta property=\"og:type\" content=\"article\" \/>\n<meta property=\"og:title\" content=\"Laboratoire DEFI: Conf\u00e9rence sur le financement de projet. - Facult\u00e9 des Sciences Economiques, Commerciales et des Sciences de Gestion\" \/>\n<meta property=\"og:description\" content=\"Annonce - Conf\u00e9rence Sp\u00e9cial sur le financement de projet\u00a0 Nous sommes ravis d&#039;annoncer un \u00e9v\u00e9nement incontournable ! Le laboratoire de recherche DEFI en collaboration avec Ambition Entrepreneuriat Consulting et la Facult\u00e9 des sciences \u00e9conomiques organise un atelier de formation sur le financement des projets. Vous avez un projet en t\u00eate et vous souhaitez comprendre comment [&hellip;]\" \/>\n<meta property=\"og:url\" content=\"https:\/\/www.ummto.dz\/fsecsg\/laboratoire-defi-conference-sur-le-financement-de-projet\/\" \/>\n<meta property=\"og:site_name\" content=\"Facult\u00e9 des Sciences Economiques, Commerciales et des Sciences de Gestion\" \/>\n<meta property=\"article:published_time\" content=\"2025-12-07T13:20:53+00:00\" \/>\n<meta property=\"article:modified_time\" content=\"2025-12-07T13:24:33+00:00\" \/>\n<meta property=\"og:image\" content=\"https:\/\/www.ummto.dz\/fsecsg\/wp-content\/uploads\/2025\/11\/even.png\" \/>\n\t<meta property=\"og:image:width\" content=\"257\" \/>\n\t<meta property=\"og:image:height\" content=\"196\" \/>\n\t<meta property=\"og:image:type\" content=\"image\/png\" \/>\n<meta name=\"author\" content=\"FSECSG\" \/>\n<meta name=\"twitter:card\" content=\"summary_large_image\" \/>\n<meta name=\"twitter:label1\" content=\"\u00c9crit par\" \/>\n\t<meta name=\"twitter:data1\" content=\"FSECSG\" \/>\n\t<meta name=\"twitter:label2\" content=\"Dur\u00e9e de lecture estim\u00e9e\" \/>\n\t<meta name=\"twitter:data2\" content=\"1 minute\" \/>\n<script type=\"application\/ld+json\" class=\"yoast-schema-graph\">{\"@context\":\"https:\\\/\\\/schema.org\",\"@graph\":[{\"@type\":\"Article\",\"@id\":\"https:\\\/\\\/www.ummto.dz\\\/fsecsg\\\/laboratoire-defi-conference-sur-le-financement-de-projet\\\/#article\",\"isPartOf\":{\"@id\":\"https:\\\/\\\/www.ummto.dz\\\/fsecsg\\\/laboratoire-defi-conference-sur-le-financement-de-projet\\\/\"},\"author\":{\"name\":\"FSECSG\",\"@id\":\"https:\\\/\\\/www.ummto.dz\\\/fsecsg\\\/#\\\/schema\\\/person\\\/c5f2e51b7d49f0febe1a7d8e53b452e3\"},\"headline\":\"Laboratoire DEFI: Conf\u00e9rence sur le financement de projet.\",\"datePublished\":\"2025-12-07T13:20:53+00:00\",\"dateModified\":\"2025-12-07T13:24:33+00:00\",\"mainEntityOfPage\":{\"@id\":\"https:\\\/\\\/www.ummto.dz\\\/fsecsg\\\/laboratoire-defi-conference-sur-le-financement-de-projet\\\/\"},\"wordCount\":281,\"image\":{\"@id\":\"https:\\\/\\\/www.ummto.dz\\\/fsecsg\\\/laboratoire-defi-conference-sur-le-financement-de-projet\\\/#primaryimage\"},\"thumbnailUrl\":\"https:\\\/\\\/www.ummto.dz\\\/fsecsg\\\/wp-content\\\/uploads\\\/2025\\\/11\\\/even.png\",\"articleSection\":[\"Actualit\u00e9\"],\"inLanguage\":\"fr-FR\"},{\"@type\":\"WebPage\",\"@id\":\"https:\\\/\\\/www.ummto.dz\\\/fsecsg\\\/laboratoire-defi-conference-sur-le-financement-de-projet\\\/\",\"url\":\"https:\\\/\\\/www.ummto.dz\\\/fsecsg\\\/laboratoire-defi-conference-sur-le-financement-de-projet\\\/\",\"name\":\"Laboratoire DEFI: Conf\u00e9rence sur le financement de projet. - Facult\u00e9 des Sciences Economiques, Commerciales et des Sciences de Gestion\",\"isPartOf\":{\"@id\":\"https:\\\/\\\/www.ummto.dz\\\/fsecsg\\\/#website\"},\"primaryImageOfPage\":{\"@id\":\"https:\\\/\\\/www.ummto.dz\\\/fsecsg\\\/laboratoire-defi-conference-sur-le-financement-de-projet\\\/#primaryimage\"},\"image\":{\"@id\":\"https:\\\/\\\/www.ummto.dz\\\/fsecsg\\\/laboratoire-defi-conference-sur-le-financement-de-projet\\\/#primaryimage\"},\"thumbnailUrl\":\"https:\\\/\\\/www.ummto.dz\\\/fsecsg\\\/wp-content\\\/uploads\\\/2025\\\/11\\\/even.png\",\"datePublished\":\"2025-12-07T13:20:53+00:00\",\"dateModified\":\"2025-12-07T13:24:33+00:00\",\"author\":{\"@id\":\"https:\\\/\\\/www.ummto.dz\\\/fsecsg\\\/#\\\/schema\\\/person\\\/c5f2e51b7d49f0febe1a7d8e53b452e3\"},\"breadcrumb\":{\"@id\":\"https:\\\/\\\/www.ummto.dz\\\/fsecsg\\\/laboratoire-defi-conference-sur-le-financement-de-projet\\\/#breadcrumb\"},\"inLanguage\":\"fr-FR\",\"potentialAction\":[{\"@type\":\"ReadAction\",\"target\":[\"https:\\\/\\\/www.ummto.dz\\\/fsecsg\\\/laboratoire-defi-conference-sur-le-financement-de-projet\\\/\"]}]},{\"@type\":\"ImageObject\",\"inLanguage\":\"fr-FR\",\"@id\":\"https:\\\/\\\/www.ummto.dz\\\/fsecsg\\\/laboratoire-defi-conference-sur-le-financement-de-projet\\\/#primaryimage\",\"url\":\"https:\\\/\\\/www.ummto.dz\\\/fsecsg\\\/wp-content\\\/uploads\\\/2025\\\/11\\\/even.png\",\"contentUrl\":\"https:\\\/\\\/www.ummto.dz\\\/fsecsg\\\/wp-content\\\/uploads\\\/2025\\\/11\\\/even.png\",\"width\":257,\"height\":196},{\"@type\":\"BreadcrumbList\",\"@id\":\"https:\\\/\\\/www.ummto.dz\\\/fsecsg\\\/laboratoire-defi-conference-sur-le-financement-de-projet\\\/#breadcrumb\",\"itemListElement\":[{\"@type\":\"ListItem\",\"position\":1,\"name\":\"Accueil\",\"item\":\"https:\\\/\\\/www.ummto.dz\\\/fsecsg\\\/\"},{\"@type\":\"ListItem\",\"position\":2,\"name\":\"Laboratoire DEFI: Conf\u00e9rence sur le financement de projet.\"}]},{\"@type\":\"WebSite\",\"@id\":\"https:\\\/\\\/www.ummto.dz\\\/fsecsg\\\/#website\",\"url\":\"https:\\\/\\\/www.ummto.dz\\\/fsecsg\\\/\",\"name\":\"Facult\u00e9 des Sciences Economiques, Commerciales et des Sciences de Gestion\",\"description\":\"Universit\u00e9 Mouloud Mammeri de Tizi Ouzou\",\"potentialAction\":[{\"@type\":\"SearchAction\",\"target\":{\"@type\":\"EntryPoint\",\"urlTemplate\":\"https:\\\/\\\/www.ummto.dz\\\/fsecsg\\\/?s={search_term_string}\"},\"query-input\":{\"@type\":\"PropertyValueSpecification\",\"valueRequired\":true,\"valueName\":\"search_term_string\"}}],\"inLanguage\":\"fr-FR\"},{\"@type\":\"Person\",\"@id\":\"https:\\\/\\\/www.ummto.dz\\\/fsecsg\\\/#\\\/schema\\\/person\\\/c5f2e51b7d49f0febe1a7d8e53b452e3\",\"name\":\"FSECSG\",\"url\":\"https:\\\/\\\/www.ummto.dz\\\/fsecsg\\\/author\\\/fsecsg\\\/\"}]}<\/script>\n<!-- \/ Yoast SEO plugin. -->","yoast_head_json":{"title":"Laboratoire DEFI: Conf\u00e9rence sur le financement de projet. - Facult\u00e9 des Sciences Economiques, Commerciales et des Sciences de Gestion","robots":{"index":"index","follow":"follow","max-snippet":"max-snippet:-1","max-image-preview":"max-image-preview:large","max-video-preview":"max-video-preview:-1"},"canonical":"https:\/\/www.ummto.dz\/fsecsg\/laboratoire-defi-conference-sur-le-financement-de-projet\/","og_locale":"fr_FR","og_type":"article","og_title":"Laboratoire DEFI: Conf\u00e9rence sur le financement de projet. - Facult\u00e9 des Sciences Economiques, Commerciales et des Sciences de Gestion","og_description":"Annonce - Conf\u00e9rence Sp\u00e9cial sur le financement de projet\u00a0 Nous sommes ravis d'annoncer un \u00e9v\u00e9nement incontournable ! Le laboratoire de recherche DEFI en collaboration avec Ambition Entrepreneuriat Consulting et la Facult\u00e9 des sciences \u00e9conomiques organise un atelier de formation sur le financement des projets. Vous avez un projet en t\u00eate et vous souhaitez comprendre comment [&hellip;]","og_url":"https:\/\/www.ummto.dz\/fsecsg\/laboratoire-defi-conference-sur-le-financement-de-projet\/","og_site_name":"Facult\u00e9 des Sciences Economiques, Commerciales et des Sciences de Gestion","article_published_time":"2025-12-07T13:20:53+00:00","article_modified_time":"2025-12-07T13:24:33+00:00","og_image":[{"width":257,"height":196,"url":"https:\/\/www.ummto.dz\/fsecsg\/wp-content\/uploads\/2025\/11\/even.png","type":"image\/png"}],"author":"FSECSG","twitter_card":"summary_large_image","twitter_misc":{"\u00c9crit par":"FSECSG","Dur\u00e9e de lecture estim\u00e9e":"1 minute"},"schema":{"@context":"https:\/\/schema.org","@graph":[{"@type":"Article","@id":"https:\/\/www.ummto.dz\/fsecsg\/laboratoire-defi-conference-sur-le-financement-de-projet\/#article","isPartOf":{"@id":"https:\/\/www.ummto.dz\/fsecsg\/laboratoire-defi-conference-sur-le-financement-de-projet\/"},"author":{"name":"FSECSG","@id":"https:\/\/www.ummto.dz\/fsecsg\/#\/schema\/person\/c5f2e51b7d49f0febe1a7d8e53b452e3"},"headline":"Laboratoire DEFI: Conf\u00e9rence sur le financement de projet.","datePublished":"2025-12-07T13:20:53+00:00","dateModified":"2025-12-07T13:24:33+00:00","mainEntityOfPage":{"@id":"https:\/\/www.ummto.dz\/fsecsg\/laboratoire-defi-conference-sur-le-financement-de-projet\/"},"wordCount":281,"image":{"@id":"https:\/\/www.ummto.dz\/fsecsg\/laboratoire-defi-conference-sur-le-financement-de-projet\/#primaryimage"},"thumbnailUrl":"https:\/\/www.ummto.dz\/fsecsg\/wp-content\/uploads\/2025\/11\/even.png","articleSection":["Actualit\u00e9"],"inLanguage":"fr-FR"},{"@type":"WebPage","@id":"https:\/\/www.ummto.dz\/fsecsg\/laboratoire-defi-conference-sur-le-financement-de-projet\/","url":"https:\/\/www.ummto.dz\/fsecsg\/laboratoire-defi-conference-sur-le-financement-de-projet\/","name":"Laboratoire DEFI: Conf\u00e9rence sur le financement de projet. - Facult\u00e9 des Sciences Economiques, Commerciales et des Sciences de Gestion","isPartOf":{"@id":"https:\/\/www.ummto.dz\/fsecsg\/#website"},"primaryImageOfPage":{"@id":"https:\/\/www.ummto.dz\/fsecsg\/laboratoire-defi-conference-sur-le-financement-de-projet\/#primaryimage"},"image":{"@id":"https:\/\/www.ummto.dz\/fsecsg\/laboratoire-defi-conference-sur-le-financement-de-projet\/#primaryimage"},"thumbnailUrl":"https:\/\/www.ummto.dz\/fsecsg\/wp-content\/uploads\/2025\/11\/even.png","datePublished":"2025-12-07T13:20:53+00:00","dateModified":"2025-12-07T13:24:33+00:00","author":{"@id":"https:\/\/www.ummto.dz\/fsecsg\/#\/schema\/person\/c5f2e51b7d49f0febe1a7d8e53b452e3"},"breadcrumb":{"@id":"https:\/\/www.ummto.dz\/fsecsg\/laboratoire-defi-conference-sur-le-financement-de-projet\/#breadcrumb"},"inLanguage":"fr-FR","potentialAction":[{"@type":"ReadAction","target":["https:\/\/www.ummto.dz\/fsecsg\/laboratoire-defi-conference-sur-le-financement-de-projet\/"]}]},{"@type":"ImageObject","inLanguage":"fr-FR","@id":"https:\/\/www.ummto.dz\/fsecsg\/laboratoire-defi-conference-sur-le-financement-de-projet\/#primaryimage","url":"https:\/\/www.ummto.dz\/fsecsg\/wp-content\/uploads\/2025\/11\/even.png","contentUrl":"https:\/\/www.ummto.dz\/fsecsg\/wp-content\/uploads\/2025\/11\/even.png","width":257,"height":196},{"@type":"BreadcrumbList","@id":"https:\/\/www.ummto.dz\/fsecsg\/laboratoire-defi-conference-sur-le-financement-de-projet\/#breadcrumb","itemListElement":[{"@type":"ListItem","position":1,"name":"Accueil","item":"https:\/\/www.ummto.dz\/fsecsg\/"},{"@type":"ListItem","position":2,"name":"Laboratoire DEFI: Conf\u00e9rence sur le financement de projet."}]},{"@type":"WebSite","@id":"https:\/\/www.ummto.dz\/fsecsg\/#website","url":"https:\/\/www.ummto.dz\/fsecsg\/","name":"Facult\u00e9 des Sciences Economiques, Commerciales et des Sciences de Gestion","description":"Universit\u00e9 Mouloud Mammeri de Tizi Ouzou","potentialAction":[{"@type":"SearchAction","target":{"@type":"EntryPoint","urlTemplate":"https:\/\/www.ummto.dz\/fsecsg\/?s={search_term_string}"},"query-input":{"@type":"PropertyValueSpecification","valueRequired":true,"valueName":"search_term_string"}}],"inLanguage":"fr-FR"},{"@type":"Person","@id":"https:\/\/www.ummto.dz\/fsecsg\/#\/schema\/person\/c5f2e51b7d49f0febe1a7d8e53b452e3","name":"FSECSG","url":"https:\/\/www.ummto.dz\/fsecsg\/author\/fsecsg\/"}]}},"_links":{"self":[{"href":"https:\/\/www.ummto.dz\/fsecsg\/wp-json\/wp\/v2\/posts\/92513","targetHints":{"allow":["GET"]}}],"collection":[{"href":"https:\/\/www.ummto.dz\/fsecsg\/wp-json\/wp\/v2\/posts"}],"about":[{"href":"https:\/\/www.ummto.dz\/fsecsg\/wp-json\/wp\/v2\/types\/post"}],"author":[{"embeddable":true,"href":"https:\/\/www.ummto.dz\/fsecsg\/wp-json\/wp\/v2\/users\/4"}],"replies":[{"embeddable":true,"href":"https:\/\/www.ummto.dz\/fsecsg\/wp-json\/wp\/v2\/comments?post=92513"}],"version-history":[{"count":3,"href":"https:\/\/www.ummto.dz\/fsecsg\/wp-json\/wp\/v2\/posts\/92513\/revisions"}],"predecessor-version":[{"id":92518,"href":"https:\/\/www.ummto.dz\/fsecsg\/wp-json\/wp\/v2\/posts\/92513\/revisions\/92518"}],"wp:featuredmedia":[{"embeddable":true,"href":"https:\/\/www.ummto.dz\/fsecsg\/wp-json\/wp\/v2\/media\/92272"}],"wp:attachment":[{"href":"https:\/\/www.ummto.dz\/fsecsg\/wp-json\/wp\/v2\/media?parent=92513"}],"wp:term":[{"taxonomy":"category","embeddable":true,"href":"https:\/\/www.ummto.dz\/fsecsg\/wp-json\/wp\/v2\/categories?post=92513"},{"taxonomy":"post_tag","embeddable":true,"href":"https:\/\/www.ummto.dz\/fsecsg\/wp-json\/wp\/v2\/tags?post=92513"}],"curies":[{"name":"wp","href":"https:\/\/api.w.org\/{rel}","templated":true}]}}