{"id":93034,"date":"2026-01-29T19:46:18","date_gmt":"2026-01-29T18:46:18","guid":{"rendered":"https:\/\/www.ummto.dz\/fsecsg\/?p=93034"},"modified":"2026-01-29T20:02:10","modified_gmt":"2026-01-29T19:02:10","slug":"emplois-de-temps-des-semestres-pairs-du-departement-sces-economiques-25-26","status":"publish","type":"post","link":"https:\/\/www.ummto.dz\/fsecsg\/emplois-de-temps-des-semestres-pairs-du-departement-sces-economiques-25-26\/","title":{"rendered":"Emplois de temps des semestres pairs du d\u00e9partement Sces Economiques 25\/26."},"content":{"rendered":"[et_pb_section fb_built=\u00a0\u00bb1&Prime; admin_label=\u00a0\u00bbsection\u00a0\u00bb _builder_version=\u00a0\u00bb4.16&Prime; global_colors_info=\u00a0\u00bb{}\u00a0\u00bb][et_pb_row admin_label=\u00a0\u00bbrow\u00a0\u00bb _builder_version=\u00a0\u00bb4.16&Prime; background_size=\u00a0\u00bbinitial\u00a0\u00bb background_position=\u00a0\u00bbtop_left\u00a0\u00bb background_repeat=\u00a0\u00bbrepeat\u00a0\u00bb global_colors_info=\u00a0\u00bb{}\u00a0\u00bb][et_pb_column type=\u00a0\u00bb4_4&Prime; _builder_version=\u00a0\u00bb4.16&Prime; custom_padding=\u00a0\u00bb|||\u00a0\u00bb global_colors_info=\u00a0\u00bb{}\u00a0\u00bb custom_padding__hover=\u00a0\u00bb|||\u00a0\u00bb][et_pb_text admin_label=\u00a0\u00bbText\u00a0\u00bb _builder_version=\u00a0\u00bb4.27.5&Prime; background_size=\u00a0\u00bbinitial\u00a0\u00bb background_position=\u00a0\u00bbtop_left\u00a0\u00bb background_repeat=\u00a0\u00bbrepeat\u00a0\u00bb hover_enabled=\u00a0\u00bb0&Prime; global_colors_info=\u00a0\u00bb{}\u00a0\u00bb sticky_enabled=\u00a0\u00bb0&Prime;]<ul>\n<li><a href=\"https:\/\/www.ummto.dz\/fsecsg\/wp-content\/uploads\/2026\/01\/Emploi-du-temps-L-1-E1.pdf\" rel=\"attachment wp-att-93037\"><strong>Emploi du temps L 1 E1<\/strong><\/a><\/li>\n<li><strong><a href=\"https:\/\/www.ummto.dz\/fsecsg\/wp-content\/uploads\/2026\/01\/Emploi-du-temps-L1-E2.pdf\" rel=\"attachment wp-att-93038\">Emploi du temps L1 E2<\/a><\/strong><\/li>\n<li><strong><a href=\"https:\/\/www.ummto.dz\/fsecsg\/wp-content\/uploads\/2026\/01\/Emploi-du-temps-L2.pdf\" rel=\"attachment wp-att-93039\">Emploi du temps L2<\/a><\/strong><\/li>\n<li><strong><a href=\"https:\/\/www.ummto.dz\/fsecsg\/wp-content\/uploads\/2026\/01\/Emploi-du-temps-M1-EA.pdf\" rel=\"attachment wp-att-93040\">Emploi du temps M1 EA<\/a><\/strong><\/li>\n<li><strong><a href=\"https:\/\/www.ummto.dz\/fsecsg\/wp-content\/uploads\/2026\/01\/Emploi-du-temps-M1-EGE.pdf\" rel=\"attachment wp-att-93042\">Emploi du temps M1 EGE<\/a><\/strong><\/li>\n<li><strong><a href=\"https:\/\/www.ummto.dz\/fsecsg\/wp-content\/uploads\/2026\/01\/Emploi-du-temps-M1-EMF.pdf\" rel=\"attachment wp-att-93043\">Emploi du temps M1 EMF<\/a><\/strong><\/li>\n<li><strong><a href=\"https:\/\/www.ummto.dz\/fsecsg\/wp-content\/uploads\/2026\/01\/Emploi-du-temps-S6-L3-EA.pdf\" rel=\"attachment wp-att-93044\">Emploi du temps S6 L3 EA<\/a><\/strong><\/li>\n<li><strong><a href=\"https:\/\/www.ummto.dz\/fsecsg\/wp-content\/uploads\/2026\/01\/Emploi-du-temps-S6-L3-EGE.pdf\" rel=\"attachment wp-att-93045\">Emploi du temps S6 L3 EGE<\/a><\/strong><\/li>\n<li><strong><a href=\"https:\/\/www.ummto.dz\/fsecsg\/wp-content\/uploads\/2026\/01\/Emploi-du-temps-S6-L3-EMF.pdf\" rel=\"attachment wp-att-93046\">Emploi du temps S6 L3 EMF.<\/a><\/strong><\/li>\n<\/ul>\n<p><\/p>[\/et_pb_text][\/et_pb_column][\/et_pb_row][\/et_pb_section]","protected":false},"excerpt":{"rendered":"<p>Emploi du temps L 1 E1 Emploi du temps L1 E2 Emploi du temps L2 Emploi du temps M1 EA Emploi du temps M1 EGE Emploi du temps M1 EMF Emploi du temps S6 L3 EA Emploi du temps S6 L3 EGE Emploi du temps S6 L3 EMF.<\/p>\n","protected":false},"author":4,"featured_media":69445,"comment_status":"closed","ping_status":"closed","sticky":false,"template":"","format":"standard","meta":{"_et_pb_use_builder":"on","_et_pb_old_content":"<!-- wp:divi\/placeholder \/-->","_et_gb_content_width":"","footnotes":""},"categories":[34,20],"tags":[],"class_list":["post-93034","post","type-post","status-publish","format-standard","has-post-thumbnail","hentry","category-emploi-sc-eco","category-new-dep-sceco"],"yoast_head":"<!-- This site is optimized with the Yoast SEO plugin v27.3 - https:\/\/yoast.com\/product\/yoast-seo-wordpress\/ -->\n<title>Emplois de temps des semestres pairs du d\u00e9partement Sces Economiques 25\/26. - Facult\u00e9 des Sciences Economiques, Commerciales et des Sciences de Gestion<\/title>\n<meta name=\"robots\" content=\"index, follow, max-snippet:-1, max-image-preview:large, max-video-preview:-1\" \/>\n<link rel=\"canonical\" href=\"https:\/\/www.ummto.dz\/fsecsg\/emplois-de-temps-des-semestres-pairs-du-departement-sces-economiques-25-26\/\" \/>\n<meta property=\"og:locale\" content=\"fr_FR\" \/>\n<meta property=\"og:type\" content=\"article\" \/>\n<meta property=\"og:title\" content=\"Emplois de temps des semestres pairs du d\u00e9partement Sces Economiques 25\/26. - Facult\u00e9 des Sciences Economiques, Commerciales et des Sciences de Gestion\" \/>\n<meta property=\"og:description\" content=\"Emploi du temps L 1 E1 Emploi du temps L1 E2 Emploi du temps L2 Emploi du temps M1 EA Emploi du temps M1 EGE Emploi du temps M1 EMF Emploi du temps S6 L3 EA Emploi du temps S6 L3 EGE Emploi du temps S6 L3 EMF.\" \/>\n<meta property=\"og:url\" content=\"https:\/\/www.ummto.dz\/fsecsg\/emplois-de-temps-des-semestres-pairs-du-departement-sces-economiques-25-26\/\" \/>\n<meta property=\"og:site_name\" content=\"Facult\u00e9 des Sciences Economiques, Commerciales et des Sciences de Gestion\" \/>\n<meta property=\"article:published_time\" content=\"2026-01-29T18:46:18+00:00\" \/>\n<meta property=\"article:modified_time\" content=\"2026-01-29T19:02:10+00:00\" \/>\n<meta property=\"og:image\" content=\"https:\/\/www.ummto.dz\/fsecsg\/wp-content\/uploads\/2022\/12\/emploi-de-temp.jpg\" \/>\n\t<meta property=\"og:image:width\" content=\"286\" \/>\n\t<meta property=\"og:image:height\" content=\"176\" \/>\n\t<meta property=\"og:image:type\" content=\"image\/jpeg\" \/>\n<meta name=\"author\" content=\"FSECSG\" \/>\n<meta name=\"twitter:card\" content=\"summary_large_image\" \/>\n<meta name=\"twitter:label1\" content=\"\u00c9crit par\" \/>\n\t<meta name=\"twitter:data1\" content=\"FSECSG\" \/>\n\t<meta name=\"twitter:label2\" content=\"Dur\u00e9e de lecture estim\u00e9e\" \/>\n\t<meta name=\"twitter:data2\" content=\"1 minute\" \/>\n<script type=\"application\/ld+json\" class=\"yoast-schema-graph\">{\"@context\":\"https:\\\/\\\/schema.org\",\"@graph\":[{\"@type\":\"Article\",\"@id\":\"https:\\\/\\\/www.ummto.dz\\\/fsecsg\\\/emplois-de-temps-des-semestres-pairs-du-departement-sces-economiques-25-26\\\/#article\",\"isPartOf\":{\"@id\":\"https:\\\/\\\/www.ummto.dz\\\/fsecsg\\\/emplois-de-temps-des-semestres-pairs-du-departement-sces-economiques-25-26\\\/\"},\"author\":{\"name\":\"FSECSG\",\"@id\":\"https:\\\/\\\/www.ummto.dz\\\/fsecsg\\\/#\\\/schema\\\/person\\\/c5f2e51b7d49f0febe1a7d8e53b452e3\"},\"headline\":\"Emplois de temps des semestres pairs du d\u00e9partement Sces Economiques 25\\\/26.\",\"datePublished\":\"2026-01-29T18:46:18+00:00\",\"dateModified\":\"2026-01-29T19:02:10+00:00\",\"mainEntityOfPage\":{\"@id\":\"https:\\\/\\\/www.ummto.dz\\\/fsecsg\\\/emplois-de-temps-des-semestres-pairs-du-departement-sces-economiques-25-26\\\/\"},\"wordCount\":143,\"image\":{\"@id\":\"https:\\\/\\\/www.ummto.dz\\\/fsecsg\\\/emplois-de-temps-des-semestres-pairs-du-departement-sces-economiques-25-26\\\/#primaryimage\"},\"thumbnailUrl\":\"https:\\\/\\\/www.ummto.dz\\\/fsecsg\\\/wp-content\\\/uploads\\\/2022\\\/12\\\/emploi-de-temp.jpg\",\"articleSection\":[\"emploi Sc Eco\",\"Sc Eco\"],\"inLanguage\":\"fr-FR\"},{\"@type\":\"WebPage\",\"@id\":\"https:\\\/\\\/www.ummto.dz\\\/fsecsg\\\/emplois-de-temps-des-semestres-pairs-du-departement-sces-economiques-25-26\\\/\",\"url\":\"https:\\\/\\\/www.ummto.dz\\\/fsecsg\\\/emplois-de-temps-des-semestres-pairs-du-departement-sces-economiques-25-26\\\/\",\"name\":\"Emplois de temps des semestres pairs du d\u00e9partement Sces Economiques 25\\\/26. - Facult\u00e9 des Sciences Economiques, Commerciales et des Sciences de Gestion\",\"isPartOf\":{\"@id\":\"https:\\\/\\\/www.ummto.dz\\\/fsecsg\\\/#website\"},\"primaryImageOfPage\":{\"@id\":\"https:\\\/\\\/www.ummto.dz\\\/fsecsg\\\/emplois-de-temps-des-semestres-pairs-du-departement-sces-economiques-25-26\\\/#primaryimage\"},\"image\":{\"@id\":\"https:\\\/\\\/www.ummto.dz\\\/fsecsg\\\/emplois-de-temps-des-semestres-pairs-du-departement-sces-economiques-25-26\\\/#primaryimage\"},\"thumbnailUrl\":\"https:\\\/\\\/www.ummto.dz\\\/fsecsg\\\/wp-content\\\/uploads\\\/2022\\\/12\\\/emploi-de-temp.jpg\",\"datePublished\":\"2026-01-29T18:46:18+00:00\",\"dateModified\":\"2026-01-29T19:02:10+00:00\",\"author\":{\"@id\":\"https:\\\/\\\/www.ummto.dz\\\/fsecsg\\\/#\\\/schema\\\/person\\\/c5f2e51b7d49f0febe1a7d8e53b452e3\"},\"breadcrumb\":{\"@id\":\"https:\\\/\\\/www.ummto.dz\\\/fsecsg\\\/emplois-de-temps-des-semestres-pairs-du-departement-sces-economiques-25-26\\\/#breadcrumb\"},\"inLanguage\":\"fr-FR\",\"potentialAction\":[{\"@type\":\"ReadAction\",\"target\":[\"https:\\\/\\\/www.ummto.dz\\\/fsecsg\\\/emplois-de-temps-des-semestres-pairs-du-departement-sces-economiques-25-26\\\/\"]}]},{\"@type\":\"ImageObject\",\"inLanguage\":\"fr-FR\",\"@id\":\"https:\\\/\\\/www.ummto.dz\\\/fsecsg\\\/emplois-de-temps-des-semestres-pairs-du-departement-sces-economiques-25-26\\\/#primaryimage\",\"url\":\"https:\\\/\\\/www.ummto.dz\\\/fsecsg\\\/wp-content\\\/uploads\\\/2022\\\/12\\\/emploi-de-temp.jpg\",\"contentUrl\":\"https:\\\/\\\/www.ummto.dz\\\/fsecsg\\\/wp-content\\\/uploads\\\/2022\\\/12\\\/emploi-de-temp.jpg\",\"width\":286,\"height\":176},{\"@type\":\"BreadcrumbList\",\"@id\":\"https:\\\/\\\/www.ummto.dz\\\/fsecsg\\\/emplois-de-temps-des-semestres-pairs-du-departement-sces-economiques-25-26\\\/#breadcrumb\",\"itemListElement\":[{\"@type\":\"ListItem\",\"position\":1,\"name\":\"Accueil\",\"item\":\"https:\\\/\\\/www.ummto.dz\\\/fsecsg\\\/\"},{\"@type\":\"ListItem\",\"position\":2,\"name\":\"Emplois de temps des semestres pairs du d\u00e9partement Sces Economiques 25\\\/26.\"}]},{\"@type\":\"WebSite\",\"@id\":\"https:\\\/\\\/www.ummto.dz\\\/fsecsg\\\/#website\",\"url\":\"https:\\\/\\\/www.ummto.dz\\\/fsecsg\\\/\",\"name\":\"Facult\u00e9 des Sciences Economiques, Commerciales et des Sciences de Gestion\",\"description\":\"Universit\u00e9 Mouloud Mammeri de Tizi Ouzou\",\"potentialAction\":[{\"@type\":\"SearchAction\",\"target\":{\"@type\":\"EntryPoint\",\"urlTemplate\":\"https:\\\/\\\/www.ummto.dz\\\/fsecsg\\\/?s={search_term_string}\"},\"query-input\":{\"@type\":\"PropertyValueSpecification\",\"valueRequired\":true,\"valueName\":\"search_term_string\"}}],\"inLanguage\":\"fr-FR\"},{\"@type\":\"Person\",\"@id\":\"https:\\\/\\\/www.ummto.dz\\\/fsecsg\\\/#\\\/schema\\\/person\\\/c5f2e51b7d49f0febe1a7d8e53b452e3\",\"name\":\"FSECSG\",\"url\":\"https:\\\/\\\/www.ummto.dz\\\/fsecsg\\\/author\\\/fsecsg\\\/\"}]}<\/script>\n<!-- \/ Yoast SEO plugin. -->","yoast_head_json":{"title":"Emplois de temps des semestres pairs du d\u00e9partement Sces Economiques 25\/26. - Facult\u00e9 des Sciences Economiques, Commerciales et des Sciences de Gestion","robots":{"index":"index","follow":"follow","max-snippet":"max-snippet:-1","max-image-preview":"max-image-preview:large","max-video-preview":"max-video-preview:-1"},"canonical":"https:\/\/www.ummto.dz\/fsecsg\/emplois-de-temps-des-semestres-pairs-du-departement-sces-economiques-25-26\/","og_locale":"fr_FR","og_type":"article","og_title":"Emplois de temps des semestres pairs du d\u00e9partement Sces Economiques 25\/26. - Facult\u00e9 des Sciences Economiques, Commerciales et des Sciences de Gestion","og_description":"Emploi du temps L 1 E1 Emploi du temps L1 E2 Emploi du temps L2 Emploi du temps M1 EA Emploi du temps M1 EGE Emploi du temps M1 EMF Emploi du temps S6 L3 EA Emploi du temps S6 L3 EGE Emploi du temps S6 L3 EMF.","og_url":"https:\/\/www.ummto.dz\/fsecsg\/emplois-de-temps-des-semestres-pairs-du-departement-sces-economiques-25-26\/","og_site_name":"Facult\u00e9 des Sciences Economiques, Commerciales et des Sciences de Gestion","article_published_time":"2026-01-29T18:46:18+00:00","article_modified_time":"2026-01-29T19:02:10+00:00","og_image":[{"width":286,"height":176,"url":"https:\/\/www.ummto.dz\/fsecsg\/wp-content\/uploads\/2022\/12\/emploi-de-temp.jpg","type":"image\/jpeg"}],"author":"FSECSG","twitter_card":"summary_large_image","twitter_misc":{"\u00c9crit par":"FSECSG","Dur\u00e9e de lecture estim\u00e9e":"1 minute"},"schema":{"@context":"https:\/\/schema.org","@graph":[{"@type":"Article","@id":"https:\/\/www.ummto.dz\/fsecsg\/emplois-de-temps-des-semestres-pairs-du-departement-sces-economiques-25-26\/#article","isPartOf":{"@id":"https:\/\/www.ummto.dz\/fsecsg\/emplois-de-temps-des-semestres-pairs-du-departement-sces-economiques-25-26\/"},"author":{"name":"FSECSG","@id":"https:\/\/www.ummto.dz\/fsecsg\/#\/schema\/person\/c5f2e51b7d49f0febe1a7d8e53b452e3"},"headline":"Emplois de temps des semestres pairs du d\u00e9partement Sces Economiques 25\/26.","datePublished":"2026-01-29T18:46:18+00:00","dateModified":"2026-01-29T19:02:10+00:00","mainEntityOfPage":{"@id":"https:\/\/www.ummto.dz\/fsecsg\/emplois-de-temps-des-semestres-pairs-du-departement-sces-economiques-25-26\/"},"wordCount":143,"image":{"@id":"https:\/\/www.ummto.dz\/fsecsg\/emplois-de-temps-des-semestres-pairs-du-departement-sces-economiques-25-26\/#primaryimage"},"thumbnailUrl":"https:\/\/www.ummto.dz\/fsecsg\/wp-content\/uploads\/2022\/12\/emploi-de-temp.jpg","articleSection":["emploi Sc Eco","Sc Eco"],"inLanguage":"fr-FR"},{"@type":"WebPage","@id":"https:\/\/www.ummto.dz\/fsecsg\/emplois-de-temps-des-semestres-pairs-du-departement-sces-economiques-25-26\/","url":"https:\/\/www.ummto.dz\/fsecsg\/emplois-de-temps-des-semestres-pairs-du-departement-sces-economiques-25-26\/","name":"Emplois de temps des semestres pairs du d\u00e9partement Sces Economiques 25\/26. - Facult\u00e9 des Sciences Economiques, Commerciales et des Sciences de Gestion","isPartOf":{"@id":"https:\/\/www.ummto.dz\/fsecsg\/#website"},"primaryImageOfPage":{"@id":"https:\/\/www.ummto.dz\/fsecsg\/emplois-de-temps-des-semestres-pairs-du-departement-sces-economiques-25-26\/#primaryimage"},"image":{"@id":"https:\/\/www.ummto.dz\/fsecsg\/emplois-de-temps-des-semestres-pairs-du-departement-sces-economiques-25-26\/#primaryimage"},"thumbnailUrl":"https:\/\/www.ummto.dz\/fsecsg\/wp-content\/uploads\/2022\/12\/emploi-de-temp.jpg","datePublished":"2026-01-29T18:46:18+00:00","dateModified":"2026-01-29T19:02:10+00:00","author":{"@id":"https:\/\/www.ummto.dz\/fsecsg\/#\/schema\/person\/c5f2e51b7d49f0febe1a7d8e53b452e3"},"breadcrumb":{"@id":"https:\/\/www.ummto.dz\/fsecsg\/emplois-de-temps-des-semestres-pairs-du-departement-sces-economiques-25-26\/#breadcrumb"},"inLanguage":"fr-FR","potentialAction":[{"@type":"ReadAction","target":["https:\/\/www.ummto.dz\/fsecsg\/emplois-de-temps-des-semestres-pairs-du-departement-sces-economiques-25-26\/"]}]},{"@type":"ImageObject","inLanguage":"fr-FR","@id":"https:\/\/www.ummto.dz\/fsecsg\/emplois-de-temps-des-semestres-pairs-du-departement-sces-economiques-25-26\/#primaryimage","url":"https:\/\/www.ummto.dz\/fsecsg\/wp-content\/uploads\/2022\/12\/emploi-de-temp.jpg","contentUrl":"https:\/\/www.ummto.dz\/fsecsg\/wp-content\/uploads\/2022\/12\/emploi-de-temp.jpg","width":286,"height":176},{"@type":"BreadcrumbList","@id":"https:\/\/www.ummto.dz\/fsecsg\/emplois-de-temps-des-semestres-pairs-du-departement-sces-economiques-25-26\/#breadcrumb","itemListElement":[{"@type":"ListItem","position":1,"name":"Accueil","item":"https:\/\/www.ummto.dz\/fsecsg\/"},{"@type":"ListItem","position":2,"name":"Emplois de temps des semestres pairs du d\u00e9partement Sces Economiques 25\/26."}]},{"@type":"WebSite","@id":"https:\/\/www.ummto.dz\/fsecsg\/#website","url":"https:\/\/www.ummto.dz\/fsecsg\/","name":"Facult\u00e9 des Sciences Economiques, Commerciales et des Sciences de Gestion","description":"Universit\u00e9 Mouloud Mammeri de Tizi Ouzou","potentialAction":[{"@type":"SearchAction","target":{"@type":"EntryPoint","urlTemplate":"https:\/\/www.ummto.dz\/fsecsg\/?s={search_term_string}"},"query-input":{"@type":"PropertyValueSpecification","valueRequired":true,"valueName":"search_term_string"}}],"inLanguage":"fr-FR"},{"@type":"Person","@id":"https:\/\/www.ummto.dz\/fsecsg\/#\/schema\/person\/c5f2e51b7d49f0febe1a7d8e53b452e3","name":"FSECSG","url":"https:\/\/www.ummto.dz\/fsecsg\/author\/fsecsg\/"}]}},"_links":{"self":[{"href":"https:\/\/www.ummto.dz\/fsecsg\/wp-json\/wp\/v2\/posts\/93034","targetHints":{"allow":["GET"]}}],"collection":[{"href":"https:\/\/www.ummto.dz\/fsecsg\/wp-json\/wp\/v2\/posts"}],"about":[{"href":"https:\/\/www.ummto.dz\/fsecsg\/wp-json\/wp\/v2\/types\/post"}],"author":[{"embeddable":true,"href":"https:\/\/www.ummto.dz\/fsecsg\/wp-json\/wp\/v2\/users\/4"}],"replies":[{"embeddable":true,"href":"https:\/\/www.ummto.dz\/fsecsg\/wp-json\/wp\/v2\/comments?post=93034"}],"version-history":[{"count":3,"href":"https:\/\/www.ummto.dz\/fsecsg\/wp-json\/wp\/v2\/posts\/93034\/revisions"}],"predecessor-version":[{"id":93047,"href":"https:\/\/www.ummto.dz\/fsecsg\/wp-json\/wp\/v2\/posts\/93034\/revisions\/93047"}],"wp:featuredmedia":[{"embeddable":true,"href":"https:\/\/www.ummto.dz\/fsecsg\/wp-json\/wp\/v2\/media\/69445"}],"wp:attachment":[{"href":"https:\/\/www.ummto.dz\/fsecsg\/wp-json\/wp\/v2\/media?parent=93034"}],"wp:term":[{"taxonomy":"category","embeddable":true,"href":"https:\/\/www.ummto.dz\/fsecsg\/wp-json\/wp\/v2\/categories?post=93034"},{"taxonomy":"post_tag","embeddable":true,"href":"https:\/\/www.ummto.dz\/fsecsg\/wp-json\/wp\/v2\/tags?post=93034"}],"curies":[{"name":"wp","href":"https:\/\/api.w.org\/{rel}","templated":true}]}}