{"id":93192,"date":"2026-02-05T10:16:47","date_gmt":"2026-02-05T09:16:47","guid":{"rendered":"https:\/\/www.ummto.dz\/fsecsg\/?p=93192"},"modified":"2026-02-05T10:20:55","modified_gmt":"2026-02-05T09:20:55","slug":"avis-aux-etudiants-de-l2-sces-economiques-groupes-06-et-07","status":"publish","type":"post","link":"https:\/\/www.ummto.dz\/fsecsg\/avis-aux-etudiants-de-l2-sces-economiques-groupes-06-et-07\/","title":{"rendered":"Avis aux \u00e9tudiants de L2 Sces \u00e9conomiques, \u00a0groupes 06 et 07."},"content":{"rendered":"[et_pb_section fb_built=\u00a0\u00bb1&Prime; admin_label=\u00a0\u00bbsection\u00a0\u00bb _builder_version=\u00a0\u00bb4.16&Prime; global_colors_info=\u00a0\u00bb{}\u00a0\u00bb][et_pb_row admin_label=\u00a0\u00bbrow\u00a0\u00bb _builder_version=\u00a0\u00bb4.16&Prime; background_size=\u00a0\u00bbinitial\u00a0\u00bb background_position=\u00a0\u00bbtop_left\u00a0\u00bb background_repeat=\u00a0\u00bbrepeat\u00a0\u00bb global_colors_info=\u00a0\u00bb{}\u00a0\u00bb width=\u00a0\u00bb100%\u00a0\u00bb][et_pb_column type=\u00a0\u00bb4_4&Prime; _builder_version=\u00a0\u00bb4.16&Prime; custom_padding=\u00a0\u00bb|||\u00a0\u00bb global_colors_info=\u00a0\u00bb{}\u00a0\u00bb custom_padding__hover=\u00a0\u00bb|||\u00a0\u00bb][et_pb_text admin_label=\u00a0\u00bbText\u00a0\u00bb _builder_version=\u00a0\u00bb4.27.5&Prime; background_size=\u00a0\u00bbinitial\u00a0\u00bb background_position=\u00a0\u00bbtop_left\u00a0\u00bb background_repeat=\u00a0\u00bbrepeat\u00a0\u00bb hover_enabled=\u00a0\u00bb0&Prime; global_colors_info=\u00a0\u00bb{}\u00a0\u00bb min_height=\u00a0\u00bb161px\u00a0\u00bb sticky_enabled=\u00a0\u00bb0&Prime;]<p><strong><span style=\"color: #003366\">Les \u00e9tudiants du\u00a0groupe 06, et ceux du groupe 07 qui n&rsquo;ont pas\u00a0 pass\u00e9 leur \u00e9valuation de <span style=\"color: #800000\">TP d&rsquo;informatique<\/span> et ont justifi\u00e9 leur absence, sont inform\u00e9s qu&rsquo;une \u00e9valuation est programm\u00e9e pour\u00a0<span style=\"color: #800000\"><b>le dimanche 08\/02\/2026 \u00e0 13h30<\/b><\/span><\/span><span><span style=\"color: #003366\">, \u00e0 la salle machine des sciences \u00e9conomiques.<\/span> \u00a0<\/span><\/strong><\/p>\n<p><\/p>[\/et_pb_text][\/et_pb_column][\/et_pb_row][\/et_pb_section]","protected":false},"excerpt":{"rendered":"<p>Les \u00e9tudiants du\u00a0groupe 06, et ceux du groupe 07 qui n&rsquo;ont pas\u00a0 pass\u00e9 leur \u00e9valuation de TP d&rsquo;informatique et ont justifi\u00e9 leur absence, sont inform\u00e9s qu&rsquo;une \u00e9valuation est programm\u00e9e pour\u00a0le dimanche 08\/02\/2026 \u00e0 13h30, \u00e0 la salle machine des sciences \u00e9conomiques. \u00a0<\/p>\n","protected":false},"author":4,"featured_media":71261,"comment_status":"closed","ping_status":"closed","sticky":false,"template":"","format":"standard","meta":{"_et_pb_use_builder":"on","_et_pb_old_content":"<!-- wp:divi\/placeholder \/-->","_et_gb_content_width":"","footnotes":""},"categories":[20],"tags":[],"class_list":["post-93192","post","type-post","status-publish","format-standard","has-post-thumbnail","hentry","category-new-dep-sceco"],"yoast_head":"<!-- This site is optimized with the Yoast SEO plugin v27.3 - https:\/\/yoast.com\/product\/yoast-seo-wordpress\/ -->\n<title>Avis aux \u00e9tudiants de L2 Sces \u00e9conomiques, \u00a0groupes 06 et 07. - Facult\u00e9 des Sciences Economiques, Commerciales et des Sciences de Gestion<\/title>\n<meta name=\"robots\" content=\"index, follow, max-snippet:-1, max-image-preview:large, max-video-preview:-1\" \/>\n<link rel=\"canonical\" href=\"https:\/\/www.ummto.dz\/fsecsg\/avis-aux-etudiants-de-l2-sces-economiques-groupes-06-et-07\/\" \/>\n<meta property=\"og:locale\" content=\"fr_FR\" \/>\n<meta property=\"og:type\" content=\"article\" \/>\n<meta property=\"og:title\" content=\"Avis aux \u00e9tudiants de L2 Sces \u00e9conomiques, \u00a0groupes 06 et 07. - Facult\u00e9 des Sciences Economiques, Commerciales et des Sciences de Gestion\" \/>\n<meta property=\"og:description\" content=\"Les \u00e9tudiants du\u00a0groupe 06, et ceux du groupe 07 qui n&#039;ont pas\u00a0 pass\u00e9 leur \u00e9valuation de TP d&#039;informatique et ont justifi\u00e9 leur absence, sont inform\u00e9s qu&#039;une \u00e9valuation est programm\u00e9e pour\u00a0le dimanche 08\/02\/2026 \u00e0 13h30, \u00e0 la salle machine des sciences \u00e9conomiques. \u00a0\" \/>\n<meta property=\"og:url\" content=\"https:\/\/www.ummto.dz\/fsecsg\/avis-aux-etudiants-de-l2-sces-economiques-groupes-06-et-07\/\" \/>\n<meta property=\"og:site_name\" content=\"Facult\u00e9 des Sciences Economiques, Commerciales et des Sciences de Gestion\" \/>\n<meta property=\"article:published_time\" content=\"2026-02-05T09:16:47+00:00\" \/>\n<meta property=\"article:modified_time\" content=\"2026-02-05T09:20:55+00:00\" \/>\n<meta property=\"og:image\" content=\"https:\/\/www.ummto.dz\/fsecsg\/wp-content\/uploads\/2023\/02\/infos.jpg\" \/>\n\t<meta property=\"og:image:width\" content=\"259\" \/>\n\t<meta property=\"og:image:height\" content=\"194\" \/>\n\t<meta property=\"og:image:type\" content=\"image\/jpeg\" \/>\n<meta name=\"author\" content=\"FSECSG\" \/>\n<meta name=\"twitter:card\" content=\"summary_large_image\" \/>\n<meta name=\"twitter:label1\" content=\"\u00c9crit par\" \/>\n\t<meta name=\"twitter:data1\" content=\"FSECSG\" \/>\n\t<meta name=\"twitter:label2\" content=\"Dur\u00e9e de lecture estim\u00e9e\" \/>\n\t<meta name=\"twitter:data2\" content=\"1 minute\" \/>\n<script type=\"application\/ld+json\" class=\"yoast-schema-graph\">{\"@context\":\"https:\\\/\\\/schema.org\",\"@graph\":[{\"@type\":\"Article\",\"@id\":\"https:\\\/\\\/www.ummto.dz\\\/fsecsg\\\/avis-aux-etudiants-de-l2-sces-economiques-groupes-06-et-07\\\/#article\",\"isPartOf\":{\"@id\":\"https:\\\/\\\/www.ummto.dz\\\/fsecsg\\\/avis-aux-etudiants-de-l2-sces-economiques-groupes-06-et-07\\\/\"},\"author\":{\"name\":\"FSECSG\",\"@id\":\"https:\\\/\\\/www.ummto.dz\\\/fsecsg\\\/#\\\/schema\\\/person\\\/c5f2e51b7d49f0febe1a7d8e53b452e3\"},\"headline\":\"Avis aux \u00e9tudiants de L2 Sces \u00e9conomiques, \u00a0groupes 06 et 07.\",\"datePublished\":\"2026-02-05T09:16:47+00:00\",\"dateModified\":\"2026-02-05T09:20:55+00:00\",\"mainEntityOfPage\":{\"@id\":\"https:\\\/\\\/www.ummto.dz\\\/fsecsg\\\/avis-aux-etudiants-de-l2-sces-economiques-groupes-06-et-07\\\/\"},\"wordCount\":141,\"image\":{\"@id\":\"https:\\\/\\\/www.ummto.dz\\\/fsecsg\\\/avis-aux-etudiants-de-l2-sces-economiques-groupes-06-et-07\\\/#primaryimage\"},\"thumbnailUrl\":\"https:\\\/\\\/www.ummto.dz\\\/fsecsg\\\/wp-content\\\/uploads\\\/2023\\\/02\\\/infos.jpg\",\"articleSection\":[\"Sc Eco\"],\"inLanguage\":\"fr-FR\"},{\"@type\":\"WebPage\",\"@id\":\"https:\\\/\\\/www.ummto.dz\\\/fsecsg\\\/avis-aux-etudiants-de-l2-sces-economiques-groupes-06-et-07\\\/\",\"url\":\"https:\\\/\\\/www.ummto.dz\\\/fsecsg\\\/avis-aux-etudiants-de-l2-sces-economiques-groupes-06-et-07\\\/\",\"name\":\"Avis aux \u00e9tudiants de L2 Sces \u00e9conomiques, \u00a0groupes 06 et 07. - Facult\u00e9 des Sciences Economiques, Commerciales et des Sciences de Gestion\",\"isPartOf\":{\"@id\":\"https:\\\/\\\/www.ummto.dz\\\/fsecsg\\\/#website\"},\"primaryImageOfPage\":{\"@id\":\"https:\\\/\\\/www.ummto.dz\\\/fsecsg\\\/avis-aux-etudiants-de-l2-sces-economiques-groupes-06-et-07\\\/#primaryimage\"},\"image\":{\"@id\":\"https:\\\/\\\/www.ummto.dz\\\/fsecsg\\\/avis-aux-etudiants-de-l2-sces-economiques-groupes-06-et-07\\\/#primaryimage\"},\"thumbnailUrl\":\"https:\\\/\\\/www.ummto.dz\\\/fsecsg\\\/wp-content\\\/uploads\\\/2023\\\/02\\\/infos.jpg\",\"datePublished\":\"2026-02-05T09:16:47+00:00\",\"dateModified\":\"2026-02-05T09:20:55+00:00\",\"author\":{\"@id\":\"https:\\\/\\\/www.ummto.dz\\\/fsecsg\\\/#\\\/schema\\\/person\\\/c5f2e51b7d49f0febe1a7d8e53b452e3\"},\"breadcrumb\":{\"@id\":\"https:\\\/\\\/www.ummto.dz\\\/fsecsg\\\/avis-aux-etudiants-de-l2-sces-economiques-groupes-06-et-07\\\/#breadcrumb\"},\"inLanguage\":\"fr-FR\",\"potentialAction\":[{\"@type\":\"ReadAction\",\"target\":[\"https:\\\/\\\/www.ummto.dz\\\/fsecsg\\\/avis-aux-etudiants-de-l2-sces-economiques-groupes-06-et-07\\\/\"]}]},{\"@type\":\"ImageObject\",\"inLanguage\":\"fr-FR\",\"@id\":\"https:\\\/\\\/www.ummto.dz\\\/fsecsg\\\/avis-aux-etudiants-de-l2-sces-economiques-groupes-06-et-07\\\/#primaryimage\",\"url\":\"https:\\\/\\\/www.ummto.dz\\\/fsecsg\\\/wp-content\\\/uploads\\\/2023\\\/02\\\/infos.jpg\",\"contentUrl\":\"https:\\\/\\\/www.ummto.dz\\\/fsecsg\\\/wp-content\\\/uploads\\\/2023\\\/02\\\/infos.jpg\",\"width\":259,\"height\":194},{\"@type\":\"BreadcrumbList\",\"@id\":\"https:\\\/\\\/www.ummto.dz\\\/fsecsg\\\/avis-aux-etudiants-de-l2-sces-economiques-groupes-06-et-07\\\/#breadcrumb\",\"itemListElement\":[{\"@type\":\"ListItem\",\"position\":1,\"name\":\"Accueil\",\"item\":\"https:\\\/\\\/www.ummto.dz\\\/fsecsg\\\/\"},{\"@type\":\"ListItem\",\"position\":2,\"name\":\"Avis aux \u00e9tudiants de L2 Sces \u00e9conomiques, \u00a0groupes 06 et 07.\"}]},{\"@type\":\"WebSite\",\"@id\":\"https:\\\/\\\/www.ummto.dz\\\/fsecsg\\\/#website\",\"url\":\"https:\\\/\\\/www.ummto.dz\\\/fsecsg\\\/\",\"name\":\"Facult\u00e9 des Sciences Economiques, Commerciales et des Sciences de Gestion\",\"description\":\"Universit\u00e9 Mouloud Mammeri de Tizi Ouzou\",\"potentialAction\":[{\"@type\":\"SearchAction\",\"target\":{\"@type\":\"EntryPoint\",\"urlTemplate\":\"https:\\\/\\\/www.ummto.dz\\\/fsecsg\\\/?s={search_term_string}\"},\"query-input\":{\"@type\":\"PropertyValueSpecification\",\"valueRequired\":true,\"valueName\":\"search_term_string\"}}],\"inLanguage\":\"fr-FR\"},{\"@type\":\"Person\",\"@id\":\"https:\\\/\\\/www.ummto.dz\\\/fsecsg\\\/#\\\/schema\\\/person\\\/c5f2e51b7d49f0febe1a7d8e53b452e3\",\"name\":\"FSECSG\",\"url\":\"https:\\\/\\\/www.ummto.dz\\\/fsecsg\\\/author\\\/fsecsg\\\/\"}]}<\/script>\n<!-- \/ Yoast SEO plugin. -->","yoast_head_json":{"title":"Avis aux \u00e9tudiants de L2 Sces \u00e9conomiques, \u00a0groupes 06 et 07. - Facult\u00e9 des Sciences Economiques, Commerciales et des Sciences de Gestion","robots":{"index":"index","follow":"follow","max-snippet":"max-snippet:-1","max-image-preview":"max-image-preview:large","max-video-preview":"max-video-preview:-1"},"canonical":"https:\/\/www.ummto.dz\/fsecsg\/avis-aux-etudiants-de-l2-sces-economiques-groupes-06-et-07\/","og_locale":"fr_FR","og_type":"article","og_title":"Avis aux \u00e9tudiants de L2 Sces \u00e9conomiques, \u00a0groupes 06 et 07. - Facult\u00e9 des Sciences Economiques, Commerciales et des Sciences de Gestion","og_description":"Les \u00e9tudiants du\u00a0groupe 06, et ceux du groupe 07 qui n'ont pas\u00a0 pass\u00e9 leur \u00e9valuation de TP d'informatique et ont justifi\u00e9 leur absence, sont inform\u00e9s qu'une \u00e9valuation est programm\u00e9e pour\u00a0le dimanche 08\/02\/2026 \u00e0 13h30, \u00e0 la salle machine des sciences \u00e9conomiques. \u00a0","og_url":"https:\/\/www.ummto.dz\/fsecsg\/avis-aux-etudiants-de-l2-sces-economiques-groupes-06-et-07\/","og_site_name":"Facult\u00e9 des Sciences Economiques, Commerciales et des Sciences de Gestion","article_published_time":"2026-02-05T09:16:47+00:00","article_modified_time":"2026-02-05T09:20:55+00:00","og_image":[{"width":259,"height":194,"url":"https:\/\/www.ummto.dz\/fsecsg\/wp-content\/uploads\/2023\/02\/infos.jpg","type":"image\/jpeg"}],"author":"FSECSG","twitter_card":"summary_large_image","twitter_misc":{"\u00c9crit par":"FSECSG","Dur\u00e9e de lecture estim\u00e9e":"1 minute"},"schema":{"@context":"https:\/\/schema.org","@graph":[{"@type":"Article","@id":"https:\/\/www.ummto.dz\/fsecsg\/avis-aux-etudiants-de-l2-sces-economiques-groupes-06-et-07\/#article","isPartOf":{"@id":"https:\/\/www.ummto.dz\/fsecsg\/avis-aux-etudiants-de-l2-sces-economiques-groupes-06-et-07\/"},"author":{"name":"FSECSG","@id":"https:\/\/www.ummto.dz\/fsecsg\/#\/schema\/person\/c5f2e51b7d49f0febe1a7d8e53b452e3"},"headline":"Avis aux \u00e9tudiants de L2 Sces \u00e9conomiques, \u00a0groupes 06 et 07.","datePublished":"2026-02-05T09:16:47+00:00","dateModified":"2026-02-05T09:20:55+00:00","mainEntityOfPage":{"@id":"https:\/\/www.ummto.dz\/fsecsg\/avis-aux-etudiants-de-l2-sces-economiques-groupes-06-et-07\/"},"wordCount":141,"image":{"@id":"https:\/\/www.ummto.dz\/fsecsg\/avis-aux-etudiants-de-l2-sces-economiques-groupes-06-et-07\/#primaryimage"},"thumbnailUrl":"https:\/\/www.ummto.dz\/fsecsg\/wp-content\/uploads\/2023\/02\/infos.jpg","articleSection":["Sc Eco"],"inLanguage":"fr-FR"},{"@type":"WebPage","@id":"https:\/\/www.ummto.dz\/fsecsg\/avis-aux-etudiants-de-l2-sces-economiques-groupes-06-et-07\/","url":"https:\/\/www.ummto.dz\/fsecsg\/avis-aux-etudiants-de-l2-sces-economiques-groupes-06-et-07\/","name":"Avis aux \u00e9tudiants de L2 Sces \u00e9conomiques, \u00a0groupes 06 et 07. - Facult\u00e9 des Sciences Economiques, Commerciales et des Sciences de Gestion","isPartOf":{"@id":"https:\/\/www.ummto.dz\/fsecsg\/#website"},"primaryImageOfPage":{"@id":"https:\/\/www.ummto.dz\/fsecsg\/avis-aux-etudiants-de-l2-sces-economiques-groupes-06-et-07\/#primaryimage"},"image":{"@id":"https:\/\/www.ummto.dz\/fsecsg\/avis-aux-etudiants-de-l2-sces-economiques-groupes-06-et-07\/#primaryimage"},"thumbnailUrl":"https:\/\/www.ummto.dz\/fsecsg\/wp-content\/uploads\/2023\/02\/infos.jpg","datePublished":"2026-02-05T09:16:47+00:00","dateModified":"2026-02-05T09:20:55+00:00","author":{"@id":"https:\/\/www.ummto.dz\/fsecsg\/#\/schema\/person\/c5f2e51b7d49f0febe1a7d8e53b452e3"},"breadcrumb":{"@id":"https:\/\/www.ummto.dz\/fsecsg\/avis-aux-etudiants-de-l2-sces-economiques-groupes-06-et-07\/#breadcrumb"},"inLanguage":"fr-FR","potentialAction":[{"@type":"ReadAction","target":["https:\/\/www.ummto.dz\/fsecsg\/avis-aux-etudiants-de-l2-sces-economiques-groupes-06-et-07\/"]}]},{"@type":"ImageObject","inLanguage":"fr-FR","@id":"https:\/\/www.ummto.dz\/fsecsg\/avis-aux-etudiants-de-l2-sces-economiques-groupes-06-et-07\/#primaryimage","url":"https:\/\/www.ummto.dz\/fsecsg\/wp-content\/uploads\/2023\/02\/infos.jpg","contentUrl":"https:\/\/www.ummto.dz\/fsecsg\/wp-content\/uploads\/2023\/02\/infos.jpg","width":259,"height":194},{"@type":"BreadcrumbList","@id":"https:\/\/www.ummto.dz\/fsecsg\/avis-aux-etudiants-de-l2-sces-economiques-groupes-06-et-07\/#breadcrumb","itemListElement":[{"@type":"ListItem","position":1,"name":"Accueil","item":"https:\/\/www.ummto.dz\/fsecsg\/"},{"@type":"ListItem","position":2,"name":"Avis aux \u00e9tudiants de L2 Sces \u00e9conomiques, \u00a0groupes 06 et 07."}]},{"@type":"WebSite","@id":"https:\/\/www.ummto.dz\/fsecsg\/#website","url":"https:\/\/www.ummto.dz\/fsecsg\/","name":"Facult\u00e9 des Sciences Economiques, Commerciales et des Sciences de Gestion","description":"Universit\u00e9 Mouloud Mammeri de Tizi Ouzou","potentialAction":[{"@type":"SearchAction","target":{"@type":"EntryPoint","urlTemplate":"https:\/\/www.ummto.dz\/fsecsg\/?s={search_term_string}"},"query-input":{"@type":"PropertyValueSpecification","valueRequired":true,"valueName":"search_term_string"}}],"inLanguage":"fr-FR"},{"@type":"Person","@id":"https:\/\/www.ummto.dz\/fsecsg\/#\/schema\/person\/c5f2e51b7d49f0febe1a7d8e53b452e3","name":"FSECSG","url":"https:\/\/www.ummto.dz\/fsecsg\/author\/fsecsg\/"}]}},"_links":{"self":[{"href":"https:\/\/www.ummto.dz\/fsecsg\/wp-json\/wp\/v2\/posts\/93192","targetHints":{"allow":["GET"]}}],"collection":[{"href":"https:\/\/www.ummto.dz\/fsecsg\/wp-json\/wp\/v2\/posts"}],"about":[{"href":"https:\/\/www.ummto.dz\/fsecsg\/wp-json\/wp\/v2\/types\/post"}],"author":[{"embeddable":true,"href":"https:\/\/www.ummto.dz\/fsecsg\/wp-json\/wp\/v2\/users\/4"}],"replies":[{"embeddable":true,"href":"https:\/\/www.ummto.dz\/fsecsg\/wp-json\/wp\/v2\/comments?post=93192"}],"version-history":[{"count":3,"href":"https:\/\/www.ummto.dz\/fsecsg\/wp-json\/wp\/v2\/posts\/93192\/revisions"}],"predecessor-version":[{"id":93195,"href":"https:\/\/www.ummto.dz\/fsecsg\/wp-json\/wp\/v2\/posts\/93192\/revisions\/93195"}],"wp:featuredmedia":[{"embeddable":true,"href":"https:\/\/www.ummto.dz\/fsecsg\/wp-json\/wp\/v2\/media\/71261"}],"wp:attachment":[{"href":"https:\/\/www.ummto.dz\/fsecsg\/wp-json\/wp\/v2\/media?parent=93192"}],"wp:term":[{"taxonomy":"category","embeddable":true,"href":"https:\/\/www.ummto.dz\/fsecsg\/wp-json\/wp\/v2\/categories?post=93192"},{"taxonomy":"post_tag","embeddable":true,"href":"https:\/\/www.ummto.dz\/fsecsg\/wp-json\/wp\/v2\/tags?post=93192"}],"curies":[{"name":"wp","href":"https:\/\/api.w.org\/{rel}","templated":true}]}}