{"id":93494,"date":"2026-02-19T23:12:02","date_gmt":"2026-02-19T22:12:02","guid":{"rendered":"https:\/\/www.ummto.dz\/fsecsg\/?p=93494"},"modified":"2026-02-21T05:57:24","modified_gmt":"2026-02-21T04:57:24","slug":"information-pour-les-etudiants-de-l1section-c1-et-c2","status":"publish","type":"post","link":"https:\/\/www.ummto.dz\/fsecsg\/information-pour-les-etudiants-de-l1section-c1-et-c2\/","title":{"rendered":"Information pour les \u00e9tudiants de L1,section C1 et C2."},"content":{"rendered":"[et_pb_section fb_built=\u00a0\u00bb1&Prime; admin_label=\u00a0\u00bbsection\u00a0\u00bb _builder_version=\u00a0\u00bb4.16&Prime; global_colors_info=\u00a0\u00bb{}\u00a0\u00bb][et_pb_row admin_label=\u00a0\u00bbrow\u00a0\u00bb _builder_version=\u00a0\u00bb4.16&Prime; background_size=\u00a0\u00bbinitial\u00a0\u00bb background_position=\u00a0\u00bbtop_left\u00a0\u00bb background_repeat=\u00a0\u00bbrepeat\u00a0\u00bb global_colors_info=\u00a0\u00bb{}\u00a0\u00bb][et_pb_column type=\u00a0\u00bb4_4&Prime; _builder_version=\u00a0\u00bb4.16&Prime; custom_padding=\u00a0\u00bb|||\u00a0\u00bb global_colors_info=\u00a0\u00bb{}\u00a0\u00bb custom_padding__hover=\u00a0\u00bb|||\u00a0\u00bb][et_pb_text admin_label=\u00a0\u00bbText\u00a0\u00bb _builder_version=\u00a0\u00bb4.27.5&Prime; background_size=\u00a0\u00bbinitial\u00a0\u00bb background_position=\u00a0\u00bbtop_left\u00a0\u00bb background_repeat=\u00a0\u00bbrepeat\u00a0\u00bb hover_enabled=\u00a0\u00bb0&Prime; global_colors_info=\u00a0\u00bb{}\u00a0\u00bb sticky_enabled=\u00a0\u00bb0&Prime;]<p>&nbsp;<\/p>\n<div><\/div>\n<div>\n<div><span style=\"color: #000000\">Vous trouverez\u00a0 le lien de connexion aux visioconf\u00e9rences qui se tiendront chaque samedi durant le mois de Ramadan, dans le cadre des cours de\u00a0 <strong>\u00ab\u00a0droit commercial\u00a0\u00bb <\/strong>destin\u00e9s aux \u00e9tudiants de L1, sections C1 et C2.\u00a0 <strong>de 13:00 \u00e0 14:15.<\/strong><\/span><\/div>\n<div><span>\u00a0<\/span><\/div>\n<div>\n<div>\n<div id=\"m_-550124950565358718m_-8361800095124479555gmail-xDetDlgWhen\">\n<div>\n<div><span role=\"heading\" id=\"m_-550124950565358718m_-8361800095124479555gmail-rAECCd\"><br \/>Visioconf\u00e9rence Droit commercial L1 (C1 et C2) horaire du mois de Ramadan\u00a0 <\/span>Samedi, 21 f\u00e9vrier<span>\u22c5<\/span>De\u00a013:00 \u00e0\u00a014:15.<\/div>\n<div>Toutes les semaines le samedi:<\/div>\n<\/div>\n<\/div>\n<\/div>\n<div>\n<div id=\"m_-550124950565358718m_-8361800095124479555gmail-xDetDlgVideo\">\n<div aria-hidden=\"true\"><img decoding=\"async\" alt=\"\" aria-hidden=\"true\" src=\"https:\/\/ci3.googleusercontent.com\/meips\/ADKq_NZnAncVjQ3BdaXHedJ_gYRf-kjRxGv5PUrYYsDIoE4spXMFN-30EyLh56s0DUJPLzdsSCx3bM3JwTz8ItB6D3QlpwC-FT-O7yCNqF4INFQIjZoPhIc9wLJSOQfo_DUSqbV_0yzz6IKZPQ5v8A=s0-d-e1-ft#https:\/\/ssl.gstatic.com\/calendar\/images\/conferenceproviders\/logo_meet_2020q4_192px.svg\" class=\"CToWUd\" data-bit=\"iit\" \/><\/div>\n<div>\n<div>\n<div><span><a rel=\"noreferrer noopener\" href=\"https:\/\/meet.google.com\/yng-fufj-kyg?authuser=1&amp;hs=122\" aria-label=\"Participer avec Google\u00a0Meet (yng-fufj-kyg)\" target=\"_blank\" data-saferedirecturl=\"https:\/\/www.google.com\/url?q=https:\/\/meet.google.com\/yng-fufj-kyg?authuser%3D1%26hs%3D122&amp;source=gmail&amp;ust=1771735576404000&amp;usg=AOvVaw0ogm2VmzLmG-5TFwQaI4Vn\"><strong>Participer avec Google\u00a0Meet<\/strong><\/a><\/span><\/div>\n<div><strong><a href=\"http:\/\/meet.google.com\/yng-fufj-kyg\" target=\"_blank\" data-saferedirecturl=\"https:\/\/www.google.com\/url?q=http:\/\/meet.google.com\/yng-fufj-kyg&amp;source=gmail&amp;ust=1771735576404000&amp;usg=AOvVaw2Lrl5qNXBkP5g6QKPwpkJN\" rel=\"noopener\">meet.google.com\/yng-fufj-kyg<\/a><\/strong><\/div>\n<\/div>\n<\/div>\n<div>\n<div><strong><button aria-label=\"Copier les informations sur la conf\u00e9rence\"><\/button><\/strong><\/div>\n<\/div>\n<\/div>\n<div role=\"alert\"><\/div>\n<div id=\"m_-550124950565358718m_-8361800095124479555gmail-xDetDlgPhone\">\n<div aria-hidden=\"true\"><span aria-hidden=\"true\"><\/span><\/div>\n<div>\n<div>\n<div><a rel=\"noreferrer noopener\" href=\"tel:+1-574-318-8645\" target=\"_blank\">Participer par t\u00e9l\u00e9phone<\/a><\/div>\n<div>\u202a(US) +1 574-318-8645\u202c CODE\u00a0: \u202a392 250 767\u202c#<\/div>\n<div><\/div>\n<\/div>\n<\/div>\n<\/div>\n<\/div>\n<\/div>\n<\/div>\n<p><\/p>[\/et_pb_text][\/et_pb_column][\/et_pb_row][\/et_pb_section]","protected":false},"excerpt":{"rendered":"<p>&nbsp; Vous trouverez\u00a0 le lien de connexion aux visioconf\u00e9rences qui se tiendront chaque samedi durant le mois de Ramadan, dans le cadre des cours de\u00a0 \u00ab\u00a0droit commercial\u00a0\u00bb destin\u00e9s aux \u00e9tudiants de L1, sections C1 et C2.\u00a0 de 13:00 \u00e0 14:15. \u00a0 Visioconf\u00e9rence Droit commercial L1 (C1 et C2) horaire du mois de Ramadan\u00a0 Samedi, 21 [&hellip;]<\/p>\n","protected":false},"author":4,"featured_media":71261,"comment_status":"closed","ping_status":"closed","sticky":false,"template":"","format":"standard","meta":{"_et_pb_use_builder":"on","_et_pb_old_content":"<!-- wp:divi\/placeholder \/-->","_et_gb_content_width":"","footnotes":""},"categories":[23],"tags":[],"class_list":["post-93494","post","type-post","status-publish","format-standard","has-post-thumbnail","hentry","category-new-dep-sc-commerciale"],"yoast_head":"<!-- This site is optimized with the Yoast SEO plugin v27.3 - https:\/\/yoast.com\/product\/yoast-seo-wordpress\/ -->\n<title>Information pour les \u00e9tudiants de L1,section C1 et C2. - Facult\u00e9 des Sciences Economiques, Commerciales et des Sciences de Gestion<\/title>\n<meta name=\"robots\" content=\"index, follow, max-snippet:-1, max-image-preview:large, max-video-preview:-1\" \/>\n<link rel=\"canonical\" href=\"https:\/\/www.ummto.dz\/fsecsg\/information-pour-les-etudiants-de-l1section-c1-et-c2\/\" \/>\n<meta property=\"og:locale\" content=\"fr_FR\" \/>\n<meta property=\"og:type\" content=\"article\" \/>\n<meta property=\"og:title\" content=\"Information pour les \u00e9tudiants de L1,section C1 et C2. - Facult\u00e9 des Sciences Economiques, Commerciales et des Sciences de Gestion\" \/>\n<meta property=\"og:description\" content=\"&nbsp; Vous trouverez\u00a0 le lien de connexion aux visioconf\u00e9rences qui se tiendront chaque samedi durant le mois de Ramadan, dans le cadre des cours de\u00a0 &quot;droit commercial&quot; destin\u00e9s aux \u00e9tudiants de L1, sections C1 et C2.\u00a0 de 13:00 \u00e0 14:15. \u00a0 Visioconf\u00e9rence Droit commercial L1 (C1 et C2) horaire du mois de Ramadan\u00a0 Samedi, 21 [&hellip;]\" \/>\n<meta property=\"og:url\" content=\"https:\/\/www.ummto.dz\/fsecsg\/information-pour-les-etudiants-de-l1section-c1-et-c2\/\" \/>\n<meta property=\"og:site_name\" content=\"Facult\u00e9 des Sciences Economiques, Commerciales et des Sciences de Gestion\" \/>\n<meta property=\"article:published_time\" content=\"2026-02-19T22:12:02+00:00\" \/>\n<meta property=\"article:modified_time\" content=\"2026-02-21T04:57:24+00:00\" \/>\n<meta property=\"og:image\" content=\"https:\/\/www.ummto.dz\/fsecsg\/wp-content\/uploads\/2023\/02\/infos.jpg\" \/>\n\t<meta property=\"og:image:width\" content=\"259\" \/>\n\t<meta property=\"og:image:height\" content=\"194\" \/>\n\t<meta property=\"og:image:type\" content=\"image\/jpeg\" \/>\n<meta name=\"author\" content=\"FSECSG\" \/>\n<meta name=\"twitter:card\" content=\"summary_large_image\" \/>\n<meta name=\"twitter:label1\" content=\"\u00c9crit par\" \/>\n\t<meta name=\"twitter:data1\" content=\"FSECSG\" \/>\n\t<meta name=\"twitter:label2\" content=\"Dur\u00e9e de lecture estim\u00e9e\" \/>\n\t<meta name=\"twitter:data2\" content=\"1 minute\" \/>\n<script type=\"application\/ld+json\" class=\"yoast-schema-graph\">{\"@context\":\"https:\\\/\\\/schema.org\",\"@graph\":[{\"@type\":\"Article\",\"@id\":\"https:\\\/\\\/www.ummto.dz\\\/fsecsg\\\/information-pour-les-etudiants-de-l1section-c1-et-c2\\\/#article\",\"isPartOf\":{\"@id\":\"https:\\\/\\\/www.ummto.dz\\\/fsecsg\\\/information-pour-les-etudiants-de-l1section-c1-et-c2\\\/\"},\"author\":{\"name\":\"FSECSG\",\"@id\":\"https:\\\/\\\/www.ummto.dz\\\/fsecsg\\\/#\\\/schema\\\/person\\\/c5f2e51b7d49f0febe1a7d8e53b452e3\"},\"headline\":\"Information pour les \u00e9tudiants de L1,section C1 et C2.\",\"datePublished\":\"2026-02-19T22:12:02+00:00\",\"dateModified\":\"2026-02-21T04:57:24+00:00\",\"mainEntityOfPage\":{\"@id\":\"https:\\\/\\\/www.ummto.dz\\\/fsecsg\\\/information-pour-les-etudiants-de-l1section-c1-et-c2\\\/\"},\"wordCount\":173,\"image\":{\"@id\":\"https:\\\/\\\/www.ummto.dz\\\/fsecsg\\\/information-pour-les-etudiants-de-l1section-c1-et-c2\\\/#primaryimage\"},\"thumbnailUrl\":\"https:\\\/\\\/www.ummto.dz\\\/fsecsg\\\/wp-content\\\/uploads\\\/2023\\\/02\\\/infos.jpg\",\"articleSection\":[\"Sc commerciale\"],\"inLanguage\":\"fr-FR\"},{\"@type\":\"WebPage\",\"@id\":\"https:\\\/\\\/www.ummto.dz\\\/fsecsg\\\/information-pour-les-etudiants-de-l1section-c1-et-c2\\\/\",\"url\":\"https:\\\/\\\/www.ummto.dz\\\/fsecsg\\\/information-pour-les-etudiants-de-l1section-c1-et-c2\\\/\",\"name\":\"Information pour les \u00e9tudiants de L1,section C1 et C2. - Facult\u00e9 des Sciences Economiques, Commerciales et des Sciences de Gestion\",\"isPartOf\":{\"@id\":\"https:\\\/\\\/www.ummto.dz\\\/fsecsg\\\/#website\"},\"primaryImageOfPage\":{\"@id\":\"https:\\\/\\\/www.ummto.dz\\\/fsecsg\\\/information-pour-les-etudiants-de-l1section-c1-et-c2\\\/#primaryimage\"},\"image\":{\"@id\":\"https:\\\/\\\/www.ummto.dz\\\/fsecsg\\\/information-pour-les-etudiants-de-l1section-c1-et-c2\\\/#primaryimage\"},\"thumbnailUrl\":\"https:\\\/\\\/www.ummto.dz\\\/fsecsg\\\/wp-content\\\/uploads\\\/2023\\\/02\\\/infos.jpg\",\"datePublished\":\"2026-02-19T22:12:02+00:00\",\"dateModified\":\"2026-02-21T04:57:24+00:00\",\"author\":{\"@id\":\"https:\\\/\\\/www.ummto.dz\\\/fsecsg\\\/#\\\/schema\\\/person\\\/c5f2e51b7d49f0febe1a7d8e53b452e3\"},\"breadcrumb\":{\"@id\":\"https:\\\/\\\/www.ummto.dz\\\/fsecsg\\\/information-pour-les-etudiants-de-l1section-c1-et-c2\\\/#breadcrumb\"},\"inLanguage\":\"fr-FR\",\"potentialAction\":[{\"@type\":\"ReadAction\",\"target\":[\"https:\\\/\\\/www.ummto.dz\\\/fsecsg\\\/information-pour-les-etudiants-de-l1section-c1-et-c2\\\/\"]}]},{\"@type\":\"ImageObject\",\"inLanguage\":\"fr-FR\",\"@id\":\"https:\\\/\\\/www.ummto.dz\\\/fsecsg\\\/information-pour-les-etudiants-de-l1section-c1-et-c2\\\/#primaryimage\",\"url\":\"https:\\\/\\\/www.ummto.dz\\\/fsecsg\\\/wp-content\\\/uploads\\\/2023\\\/02\\\/infos.jpg\",\"contentUrl\":\"https:\\\/\\\/www.ummto.dz\\\/fsecsg\\\/wp-content\\\/uploads\\\/2023\\\/02\\\/infos.jpg\",\"width\":259,\"height\":194},{\"@type\":\"BreadcrumbList\",\"@id\":\"https:\\\/\\\/www.ummto.dz\\\/fsecsg\\\/information-pour-les-etudiants-de-l1section-c1-et-c2\\\/#breadcrumb\",\"itemListElement\":[{\"@type\":\"ListItem\",\"position\":1,\"name\":\"Accueil\",\"item\":\"https:\\\/\\\/www.ummto.dz\\\/fsecsg\\\/\"},{\"@type\":\"ListItem\",\"position\":2,\"name\":\"Information pour les \u00e9tudiants de L1,section C1 et C2.\"}]},{\"@type\":\"WebSite\",\"@id\":\"https:\\\/\\\/www.ummto.dz\\\/fsecsg\\\/#website\",\"url\":\"https:\\\/\\\/www.ummto.dz\\\/fsecsg\\\/\",\"name\":\"Facult\u00e9 des Sciences Economiques, Commerciales et des Sciences de Gestion\",\"description\":\"Universit\u00e9 Mouloud Mammeri de Tizi Ouzou\",\"potentialAction\":[{\"@type\":\"SearchAction\",\"target\":{\"@type\":\"EntryPoint\",\"urlTemplate\":\"https:\\\/\\\/www.ummto.dz\\\/fsecsg\\\/?s={search_term_string}\"},\"query-input\":{\"@type\":\"PropertyValueSpecification\",\"valueRequired\":true,\"valueName\":\"search_term_string\"}}],\"inLanguage\":\"fr-FR\"},{\"@type\":\"Person\",\"@id\":\"https:\\\/\\\/www.ummto.dz\\\/fsecsg\\\/#\\\/schema\\\/person\\\/c5f2e51b7d49f0febe1a7d8e53b452e3\",\"name\":\"FSECSG\",\"url\":\"https:\\\/\\\/www.ummto.dz\\\/fsecsg\\\/author\\\/fsecsg\\\/\"}]}<\/script>\n<!-- \/ Yoast SEO plugin. -->","yoast_head_json":{"title":"Information pour les \u00e9tudiants de L1,section C1 et C2. - Facult\u00e9 des Sciences Economiques, Commerciales et des Sciences de Gestion","robots":{"index":"index","follow":"follow","max-snippet":"max-snippet:-1","max-image-preview":"max-image-preview:large","max-video-preview":"max-video-preview:-1"},"canonical":"https:\/\/www.ummto.dz\/fsecsg\/information-pour-les-etudiants-de-l1section-c1-et-c2\/","og_locale":"fr_FR","og_type":"article","og_title":"Information pour les \u00e9tudiants de L1,section C1 et C2. - Facult\u00e9 des Sciences Economiques, Commerciales et des Sciences de Gestion","og_description":"&nbsp; Vous trouverez\u00a0 le lien de connexion aux visioconf\u00e9rences qui se tiendront chaque samedi durant le mois de Ramadan, dans le cadre des cours de\u00a0 \"droit commercial\" destin\u00e9s aux \u00e9tudiants de L1, sections C1 et C2.\u00a0 de 13:00 \u00e0 14:15. \u00a0 Visioconf\u00e9rence Droit commercial L1 (C1 et C2) horaire du mois de Ramadan\u00a0 Samedi, 21 [&hellip;]","og_url":"https:\/\/www.ummto.dz\/fsecsg\/information-pour-les-etudiants-de-l1section-c1-et-c2\/","og_site_name":"Facult\u00e9 des Sciences Economiques, Commerciales et des Sciences de Gestion","article_published_time":"2026-02-19T22:12:02+00:00","article_modified_time":"2026-02-21T04:57:24+00:00","og_image":[{"width":259,"height":194,"url":"https:\/\/www.ummto.dz\/fsecsg\/wp-content\/uploads\/2023\/02\/infos.jpg","type":"image\/jpeg"}],"author":"FSECSG","twitter_card":"summary_large_image","twitter_misc":{"\u00c9crit par":"FSECSG","Dur\u00e9e de lecture estim\u00e9e":"1 minute"},"schema":{"@context":"https:\/\/schema.org","@graph":[{"@type":"Article","@id":"https:\/\/www.ummto.dz\/fsecsg\/information-pour-les-etudiants-de-l1section-c1-et-c2\/#article","isPartOf":{"@id":"https:\/\/www.ummto.dz\/fsecsg\/information-pour-les-etudiants-de-l1section-c1-et-c2\/"},"author":{"name":"FSECSG","@id":"https:\/\/www.ummto.dz\/fsecsg\/#\/schema\/person\/c5f2e51b7d49f0febe1a7d8e53b452e3"},"headline":"Information pour les \u00e9tudiants de L1,section C1 et C2.","datePublished":"2026-02-19T22:12:02+00:00","dateModified":"2026-02-21T04:57:24+00:00","mainEntityOfPage":{"@id":"https:\/\/www.ummto.dz\/fsecsg\/information-pour-les-etudiants-de-l1section-c1-et-c2\/"},"wordCount":173,"image":{"@id":"https:\/\/www.ummto.dz\/fsecsg\/information-pour-les-etudiants-de-l1section-c1-et-c2\/#primaryimage"},"thumbnailUrl":"https:\/\/www.ummto.dz\/fsecsg\/wp-content\/uploads\/2023\/02\/infos.jpg","articleSection":["Sc commerciale"],"inLanguage":"fr-FR"},{"@type":"WebPage","@id":"https:\/\/www.ummto.dz\/fsecsg\/information-pour-les-etudiants-de-l1section-c1-et-c2\/","url":"https:\/\/www.ummto.dz\/fsecsg\/information-pour-les-etudiants-de-l1section-c1-et-c2\/","name":"Information pour les \u00e9tudiants de L1,section C1 et C2. - Facult\u00e9 des Sciences Economiques, Commerciales et des Sciences de Gestion","isPartOf":{"@id":"https:\/\/www.ummto.dz\/fsecsg\/#website"},"primaryImageOfPage":{"@id":"https:\/\/www.ummto.dz\/fsecsg\/information-pour-les-etudiants-de-l1section-c1-et-c2\/#primaryimage"},"image":{"@id":"https:\/\/www.ummto.dz\/fsecsg\/information-pour-les-etudiants-de-l1section-c1-et-c2\/#primaryimage"},"thumbnailUrl":"https:\/\/www.ummto.dz\/fsecsg\/wp-content\/uploads\/2023\/02\/infos.jpg","datePublished":"2026-02-19T22:12:02+00:00","dateModified":"2026-02-21T04:57:24+00:00","author":{"@id":"https:\/\/www.ummto.dz\/fsecsg\/#\/schema\/person\/c5f2e51b7d49f0febe1a7d8e53b452e3"},"breadcrumb":{"@id":"https:\/\/www.ummto.dz\/fsecsg\/information-pour-les-etudiants-de-l1section-c1-et-c2\/#breadcrumb"},"inLanguage":"fr-FR","potentialAction":[{"@type":"ReadAction","target":["https:\/\/www.ummto.dz\/fsecsg\/information-pour-les-etudiants-de-l1section-c1-et-c2\/"]}]},{"@type":"ImageObject","inLanguage":"fr-FR","@id":"https:\/\/www.ummto.dz\/fsecsg\/information-pour-les-etudiants-de-l1section-c1-et-c2\/#primaryimage","url":"https:\/\/www.ummto.dz\/fsecsg\/wp-content\/uploads\/2023\/02\/infos.jpg","contentUrl":"https:\/\/www.ummto.dz\/fsecsg\/wp-content\/uploads\/2023\/02\/infos.jpg","width":259,"height":194},{"@type":"BreadcrumbList","@id":"https:\/\/www.ummto.dz\/fsecsg\/information-pour-les-etudiants-de-l1section-c1-et-c2\/#breadcrumb","itemListElement":[{"@type":"ListItem","position":1,"name":"Accueil","item":"https:\/\/www.ummto.dz\/fsecsg\/"},{"@type":"ListItem","position":2,"name":"Information pour les \u00e9tudiants de L1,section C1 et C2."}]},{"@type":"WebSite","@id":"https:\/\/www.ummto.dz\/fsecsg\/#website","url":"https:\/\/www.ummto.dz\/fsecsg\/","name":"Facult\u00e9 des Sciences Economiques, Commerciales et des Sciences de Gestion","description":"Universit\u00e9 Mouloud Mammeri de Tizi Ouzou","potentialAction":[{"@type":"SearchAction","target":{"@type":"EntryPoint","urlTemplate":"https:\/\/www.ummto.dz\/fsecsg\/?s={search_term_string}"},"query-input":{"@type":"PropertyValueSpecification","valueRequired":true,"valueName":"search_term_string"}}],"inLanguage":"fr-FR"},{"@type":"Person","@id":"https:\/\/www.ummto.dz\/fsecsg\/#\/schema\/person\/c5f2e51b7d49f0febe1a7d8e53b452e3","name":"FSECSG","url":"https:\/\/www.ummto.dz\/fsecsg\/author\/fsecsg\/"}]}},"_links":{"self":[{"href":"https:\/\/www.ummto.dz\/fsecsg\/wp-json\/wp\/v2\/posts\/93494","targetHints":{"allow":["GET"]}}],"collection":[{"href":"https:\/\/www.ummto.dz\/fsecsg\/wp-json\/wp\/v2\/posts"}],"about":[{"href":"https:\/\/www.ummto.dz\/fsecsg\/wp-json\/wp\/v2\/types\/post"}],"author":[{"embeddable":true,"href":"https:\/\/www.ummto.dz\/fsecsg\/wp-json\/wp\/v2\/users\/4"}],"replies":[{"embeddable":true,"href":"https:\/\/www.ummto.dz\/fsecsg\/wp-json\/wp\/v2\/comments?post=93494"}],"version-history":[{"count":4,"href":"https:\/\/www.ummto.dz\/fsecsg\/wp-json\/wp\/v2\/posts\/93494\/revisions"}],"predecessor-version":[{"id":93508,"href":"https:\/\/www.ummto.dz\/fsecsg\/wp-json\/wp\/v2\/posts\/93494\/revisions\/93508"}],"wp:featuredmedia":[{"embeddable":true,"href":"https:\/\/www.ummto.dz\/fsecsg\/wp-json\/wp\/v2\/media\/71261"}],"wp:attachment":[{"href":"https:\/\/www.ummto.dz\/fsecsg\/wp-json\/wp\/v2\/media?parent=93494"}],"wp:term":[{"taxonomy":"category","embeddable":true,"href":"https:\/\/www.ummto.dz\/fsecsg\/wp-json\/wp\/v2\/categories?post=93494"},{"taxonomy":"post_tag","embeddable":true,"href":"https:\/\/www.ummto.dz\/fsecsg\/wp-json\/wp\/v2\/tags?post=93494"}],"curies":[{"name":"wp","href":"https:\/\/api.w.org\/{rel}","templated":true}]}}